{"id":68317,"date":"2025-12-07T22:45:11","date_gmt":"2025-12-07T22:45:11","guid":{"rendered":"https:\/\/www.europesays.com\/lv\/68317\/"},"modified":"2025-12-07T22:45:11","modified_gmt":"2025-12-07T22:45:11","slug":"nakti-latvijas-austrumu-dala-gaidama-atkala-press-lv","status":"publish","type":"post","link":"https:\/\/www.europesays.com\/lv\/68317\/","title":{"rendered":"Nakt\u012b Latvijas austrumu da\u013c\u0101 gaid\u0101ma atkala &#8211; Press.lv"},"content":{"rendered":"<ol>\n<li><a href=\"https:\/\/news.google.com\/rss\/articles\/CBMieEFVX3lxTFBKc3E4dDREM1dTMmdTZ05DUjF3dlhnM1lSdmN0YXp0alJCRjZONGFhVm5kVl9BeHdYR3BYNDlNa3NBak9OemlQNEJZLW5PUnJyaW9QMVlJMWdpVWFuSFM3UW0xMmJDY0M4LWVCU19rMzZkYkI4aTBZcg?oc=5\" target=\"_blank\" rel=\"nofollow noopener\">Nakt\u012b Latvijas austrumu da\u013c\u0101 gaid\u0101ma atkala<\/a>&nbsp;&nbsp;Press.lv<\/li>\n<li><a href=\"https:\/\/news.google.com\/rss\/articles\/CBMisAFBVV95cUxNYmdVczhJRy0tNVBoY0pPNXlIa0h2Y0puMnk0el90cG0wYXpMdTAwYTRkMW9DRzllcmpDYlF1aE1fN2x3ZlR3NHZhWTlfeG1WNVYwNWV2bjJYX21LUmxDejJNMlh0QjhMRG5VQUQxd0Q3dVZOZUtpSXU1ZFBpaWxZNEI0dzZ0ZFJQZzZUNkpsb1N6ODEtY0ZFa1pSeEpyejFkYVhrMU16a0pjX3U3ZzZFWA?oc=5\" target=\"_blank\" rel=\"nofollow noopener\">Br\u012bdin\u0101jums sp\u0113k\u0101 no sv\u0113tdienas plkst. 20! Sinopti\u0137i br\u012bdina par atkalu vien\u0101 no Latvijas da\u013c\u0101m<\/a>&nbsp;&nbsp;LA.LV<\/li>\n<li><a href=\"https:\/\/news.google.com\/rss\/articles\/CBMifkFVX3lxTE1FZXhuMVp2WG1BSjhwVHpmWkZHaXNCaTJUQ0pBZkR0ZHEwV1c2NGFRb2EyUVB1Yjg2VndVLUhldDQxME1Way02RlhjOF9HVWV3Xy1xeXVOeXJHMDVKbGJwYWpQVUF2dW12LURoQmZ1b1N5UWpFMm9CVWpYQWhLUQ?oc=5\" target=\"_blank\" rel=\"nofollow noopener\">Sinopti\u0137i izplata br\u012bdin\u0101jumu par atkalu<\/a>&nbsp;&nbsp;tv3.lv<\/li>\n<li><a href=\"https:\/\/news.google.com\/rss\/articles\/CBMi6AFBVV95cUxQTTRSYk9WT0gyQVFzUTBDTmQ4RDB3QlJpc2Q5S3J1Vk5WYlBpWC01YzJMdFh6NUdpVXd2UGRtY3NsX2d3RnFYTHRGdW1uTy1mTVFfd3lkMWF0U3M4Y21vV0VaTXV4VjlIVnRrc1B1XzdDRFo0WkczS0RCZ01wa0lPRzItdWxhYkhOaTg2cFE4NE01aDJCNGprRTZNY1czcGpRak5KZ1dnVGpSeXhWa3hvek9vV0JDb2Vwd0g5akJkTld4LXcwWTVhdjR4Sl9WNm4xTWd3Mi1OWGpQNE9DWl91emZfNFpTLVRT?oc=5\" target=\"_blank\" rel=\"nofollow noopener\">No plkst. 20:00 l\u012bdz r\u012btdienas r\u012btam Latvij\u0101 izplat\u012bts dzelten\u0101s pak\u0101pes br\u012bdin\u0101jums: &#8221;Nosaukti re\u0123ioni, kuros j\u0101b\u016bt uzman\u012bgiem&#8221;<\/a>&nbsp;&nbsp;Dzentlmenis.lv<\/li>\n<li><a href=\"https:\/\/news.google.com\/rss\/articles\/CBMidkFVX3lxTE5FWGhvXzZjTHdkRHBTVzVxU01lNUVxMEVxWDdYVzU1VVE0cndRZlJmd3Z2bWY2WWxwTXBsaWdoc20wTjg5OVk5TkVlVjRpS1h6QVNHMlcwMm13alpXQ2xTTTZjNUNHRnhmRU1xb3FNSmhVYk5rSlE?oc=5\" target=\"_blank\" rel=\"nofollow noopener\">Nakt\u012b Latvijas austrumu da\u013c\u0101 veidosies atkala<\/a>&nbsp;&nbsp;ReTV<\/li>\n<\/ol>\n","protected":false},"excerpt":{"rendered":"Nakt\u012b Latvijas austrumu da\u013c\u0101 gaid\u0101ma atkala&nbsp;&nbsp;Press.lv Br\u012bdin\u0101jums sp\u0113k\u0101 no sv\u0113tdienas plkst. 20! Sinopti\u0137i br\u012bdina par atkalu vien\u0101 no&hellip;\n","protected":false},"author":2,"featured_media":68318,"comment_status":"","ping_status":"","sticky":false,"template":"","format":"standard","meta":{"footnotes":""},"categories":[12],"tags":[23,28,29,32,33,22,30,31,35,39,38,36,37,34,40,20,26,27,24,25,21],"class_list":{"0":"post-68317","1":"post","2":"type-post","3":"status-publish","4":"format-standard","5":"has-post-thumbnail","7":"category-latvija","8":"tag-aktualitates","9":"tag-breaking-news","10":"tag-breakingnews","11":"tag-featured-news","12":"tag-featurednews","13":"tag-headlines","14":"tag-latest-news","15":"tag-latestnews","16":"tag-latvia","17":"tag-latvian","18":"tag-latviesu","19":"tag-latviesu-valoda","20":"tag-latviesuvaloda","21":"tag-latvija","22":"tag-lv","23":"tag-news","24":"tag-popularakas-zinas","25":"tag-popularakaszinas","26":"tag-top-stories","27":"tag-topstories","28":"tag-zinas"},"share_on_mastodon":{"url":"https:\/\/pubeurope.com\/@lv\/115680714688000921","error":""},"_links":{"self":[{"href":"https:\/\/www.europesays.com\/lv\/wp-json\/wp\/v2\/posts\/68317","targetHints":{"allow":["GET"]}}],"collection":[{"href":"https:\/\/www.europesays.com\/lv\/wp-json\/wp\/v2\/posts"}],"about":[{"href":"https:\/\/www.europesays.com\/lv\/wp-json\/wp\/v2\/types\/post"}],"author":[{"embeddable":true,"href":"https:\/\/www.europesays.com\/lv\/wp-json\/wp\/v2\/users\/2"}],"replies":[{"embeddable":true,"href":"https:\/\/www.europesays.com\/lv\/wp-json\/wp\/v2\/comments?post=68317"}],"version-history":[{"count":0,"href":"https:\/\/www.europesays.com\/lv\/wp-json\/wp\/v2\/posts\/68317\/revisions"}],"wp:featuredmedia":[{"embeddable":true,"href":"https:\/\/www.europesays.com\/lv\/wp-json\/wp\/v2\/media\/68318"}],"wp:attachment":[{"href":"https:\/\/www.europesays.com\/lv\/wp-json\/wp\/v2\/media?parent=68317"}],"wp:term":[{"taxonomy":"category","embeddable":true,"href":"https:\/\/www.europesays.com\/lv\/wp-json\/wp\/v2\/categories?post=68317"},{"taxonomy":"post_tag","embeddable":true,"href":"https:\/\/www.europesays.com\/lv\/wp-json\/wp\/v2\/tags?post=68317"}],"curies":[{"name":"wp","href":"https:\/\/api.w.org\/{rel}","templated":true}]}}