{"id":68319,"date":"2025-12-07T22:46:10","date_gmt":"2025-12-07T22:46:10","guid":{"rendered":"https:\/\/www.europesays.com\/lv\/68319\/"},"modified":"2025-12-07T22:46:10","modified_gmt":"2025-12-07T22:46:10","slug":"bite-latvija-ieguldijumi-tikla-attistiba-latgale-parsniedz-26-miljonus-eiro-dienas-bizness","status":"publish","type":"post","link":"https:\/\/www.europesays.com\/lv\/68319\/","title":{"rendered":"\u201cBite Latvija\u201d ieguld\u012bjumi t\u012bkla att\u012bst\u012bb\u0101 Latgal\u0113 p\u0101rsniedz 26 miljonus eiro :: Dienas Bizness"},"content":{"rendered":"<p class=\"text-font font-size--text-xlarge margin-3--bottom font-weight--bold padding-1--top\">P\u0113d\u0113jo tr\u012bs gadu laik\u0101 Latvija ir iek\u013cuvusi pasaules l\u012bderos koka s\u0113dek\u013cu un koka s\u0113dek\u013cu da\u013cu eksport\u0101.<\/p>\n<p class=\"text-font font-size--text-xlarge margin-3--bottom\">K\u0101 liecina Starptautisk\u0101 tirdzniec\u012bbas centra International Trade Center dati (ITC atbalsta ANO tirdzniec\u012bbas un att\u012bst\u012bbas a\u0123ent\u016bra (UN Conference on Trade and Development), Eiropas Savien\u012bba un Pasaules Tirdzniec\u012bbas organiz\u0101cija), tad 2024. gad\u0101 Latvija eksport\u0113ja gandr\u012bz vienu procentu no pasaules kop\u0113j\u0101 koka s\u0113dek\u013cu da\u013cu eksporta un 0,63% no pasaules kop\u0113j\u0101 koka s\u0113dek\u013cu eksporta. R\u0113\u0137inot eksporta ien\u0101kumus uz vienu iedz\u012bvot\u0101ju, 2024. gad\u0101 Latvija bija otra liel\u0101k\u0101 koka s\u0113dek\u013cu eksport\u0113t\u0101ja pasaul\u0113 un sest\u0101 liel\u0101k\u0101 koka s\u0113dek\u013cu da\u013cu eksport\u0113t\u0101ja pasaul\u0113.<\/p>\n<p class=\"text-font font-size--text-xlarge margin-3--bottom\">K\u0101 zin\u0101ms, tad tikai neilgi pirms 1940. gada Latvijas liel\u0101kie m\u0113be\u013cu ra\u017eo\u0161anas uz\u0146\u0113mumi s\u0101ka p\u0101reju no m\u0113be\u013cu ra\u017eo\u0161anas individu\u0101lajiem pas\u016bt\u012bt\u0101jiem uz s\u0113rijveida ra\u017eo\u0161anu. PSRS darba dal\u012b\u0161anas sist\u0113m\u0101 no 1961. gada Latvija specializ\u0113j\u0101s sekciju tipa m\u0113be\u013cu (skapju) ra\u017eo\u0161an\u0101, kuras tika p\u0101rdotas izjaukt\u0101 veid\u0101, un pirc\u0113jiem m\u0113beles bija j\u0101samont\u0113 pa\u0161iem, k\u0101 ar\u012b kr\u0113slu, galdu, gultu un tahtu ra\u017eo\u0161an\u0101. 1985. gad\u0101 Latvij\u0101 sara\u017eoja 409 t\u016bksto\u0161us galdu, vair\u0101k nek\u0101 105 t\u016bksto\u0161us d\u012bv\u0101nu un tahtu, 325 t\u016bksto\u0161us skapju un 1,76 miljonus kr\u0113slu, s\u0113dek\u013cu un izvelkamo kr\u0113slu, kas pamat\u0101 bija no koka (Latvijas statistikas gadagr\u0101mata 1991. R\u012bga, LR Valsts statistikas komiteja 1992., 307.lpp.). Padomju laik\u0101 Latvija piln\u012bb\u0101 apg\u0101d\u0101ja savus iedz\u012bvot\u0101jus, iest\u0101des un uz\u0146\u0113mumus ar m\u0113bel\u0113m, bet aptuveni piekto da\u013cu no visas m\u0113be\u013cu produkcijas eksport\u0113ja \u0101rpus Latvijas. PSRS sabrukuma izrais\u012bt\u0101 ekonomisk\u0101 kr\u012bze smagi sk\u0101ra m\u0113be\u013cu ra\u017eo\u0161anu. 1992. gad\u0101 d\u012bv\u0101nu un tahtu ra\u017eo\u0161ana, sal\u012bdzinot ar 1990. gadu, samazin\u0101j\u0101s asto\u0146as reizes un bija tikai 12,6% l\u012bmen\u012b no 1990. gada apjoma. Kr\u0113slu ra\u017eo\u0161ana 1992. gad\u0101 pret 1985. gadu samazin\u0101j\u0101s vair\u0101k nek\u0101 tr\u012bs reizes, bet pret 1990. gadu &#8211; vair\u0101k nek\u0101 divas reizes (Latvijas statistikas gadagr\u0101mata 1992. R\u012bga, izdevniec\u012bba Baltika, 1993., 275.lpp.). 1994. gad\u0101 Latvij\u0101 tika sara\u017eoti 175 t\u016bksto\u0161i kr\u0113slu (aptuveni viena desmit\u0101 da\u013ca no 1985. gada l\u012bme\u0146a), 4,8 t\u016bksto\u0161i gu\u013camkr\u0113slu un 22,8 t\u016bksto\u0161i atp\u016btas kr\u0113slu. (Latvijas statistikas gadagr\u0101mata 1995. R\u012bga, LR Valsts statistikas komiteja 1995., 242.lpp.). Latvijai k\u013c\u016bstot neatkar\u012bgai, bet jo \u012bpa\u0161i 21. gadsimt\u0101 p\u0113c Latvijas iest\u0101\u0161an\u0101s Eiropas Savien\u012bb\u0101, viet\u0113j\u0101s m\u0113be\u013cu produkcijas ra\u017eot\u0101ji konkur\u0113ja ar importa produkciju, kas tika ra\u017eota no maz\u0101k kvalitat\u012bvas koksnes (piem\u0113ram, bambusa).<\/p>\n","protected":false},"excerpt":{"rendered":"P\u0113d\u0113jo tr\u012bs gadu laik\u0101 Latvija ir iek\u013cuvusi pasaules l\u012bderos koka s\u0113dek\u013cu un koka s\u0113dek\u013cu da\u013cu eksport\u0101. K\u0101 liecina&hellip;\n","protected":false},"author":2,"featured_media":68320,"comment_status":"","ping_status":"","sticky":false,"template":"","format":"standard","meta":{"footnotes":""},"categories":[5],"tags":[23,869,77,870,28,29,867,32,33,22,30,31,35,39,38,36,37,34,871,868,40,20,26,27,24,25,21],"class_list":{"0":"post-68319","1":"post","2":"type-post","3":"status-publish","4":"format-standard","5":"has-post-thumbnail","7":"category-aktualitates","8":"tag-aktualitates","9":"tag-biznesa-zinas","10":"tag-bizness","11":"tag-bizness-latvija","12":"tag-breaking-news","13":"tag-breakingnews","14":"tag-dienas-zinas","15":"tag-featured-news","16":"tag-featurednews","17":"tag-headlines","18":"tag-latest-news","19":"tag-latestnews","20":"tag-latvia","21":"tag-latvian","22":"tag-latviesu","23":"tag-latviesu-valoda","24":"tag-latviesuvaloda","25":"tag-latvija","26":"tag-latvijas-biznesa-zinas","27":"tag-latvijas-zinas","28":"tag-lv","29":"tag-news","30":"tag-popularakas-zinas","31":"tag-popularakaszinas","32":"tag-top-stories","33":"tag-topstories","34":"tag-zinas"},"share_on_mastodon":{"url":"https:\/\/pubeurope.com\/@lv\/115680718591071631","error":""},"_links":{"self":[{"href":"https:\/\/www.europesays.com\/lv\/wp-json\/wp\/v2\/posts\/68319","targetHints":{"allow":["GET"]}}],"collection":[{"href":"https:\/\/www.europesays.com\/lv\/wp-json\/wp\/v2\/posts"}],"about":[{"href":"https:\/\/www.europesays.com\/lv\/wp-json\/wp\/v2\/types\/post"}],"author":[{"embeddable":true,"href":"https:\/\/www.europesays.com\/lv\/wp-json\/wp\/v2\/users\/2"}],"replies":[{"embeddable":true,"href":"https:\/\/www.europesays.com\/lv\/wp-json\/wp\/v2\/comments?post=68319"}],"version-history":[{"count":0,"href":"https:\/\/www.europesays.com\/lv\/wp-json\/wp\/v2\/posts\/68319\/revisions"}],"wp:featuredmedia":[{"embeddable":true,"href":"https:\/\/www.europesays.com\/lv\/wp-json\/wp\/v2\/media\/68320"}],"wp:attachment":[{"href":"https:\/\/www.europesays.com\/lv\/wp-json\/wp\/v2\/media?parent=68319"}],"wp:term":[{"taxonomy":"category","embeddable":true,"href":"https:\/\/www.europesays.com\/lv\/wp-json\/wp\/v2\/categories?post=68319"},{"taxonomy":"post_tag","embeddable":true,"href":"https:\/\/www.europesays.com\/lv\/wp-json\/wp\/v2\/tags?post=68319"}],"curies":[{"name":"wp","href":"https:\/\/api.w.org\/{rel}","templated":true}]}}