{"id":68333,"date":"2025-12-07T23:03:13","date_gmt":"2025-12-07T23:03:13","guid":{"rendered":"https:\/\/www.europesays.com\/lv\/68333\/"},"modified":"2025-12-07T23:03:13","modified_gmt":"2025-12-07T23:03:13","slug":"salacgriva-suni-vizites-laika-sakoda-medmasu-un-kur-ir-protesti-kur-ir-parakstu-vaksana","status":"publish","type":"post","link":"https:\/\/www.europesays.com\/lv\/68333\/","title":{"rendered":"Salacgr\u012bv\u0101 su\u0146i viz\u012btes laik\u0101 sakoda medm\u0101su. Un kur ir protesti, kur ir parakstu v\u0101k\u0161ana?"},"content":{"rendered":"\n<p>Salacgr\u012bv\u0101   notika \u0161ok\u0113jo\u0161s incidents, kas skaidri par\u0101d\u012bja, cik b\u012bstama ir medi\u0137u un citu speci\u0101listu, kas veic izbraukuma uzdevumus, darba vide. M\u0101sa Ilze, izpildot \u0101rsta uzdevumu, ierad\u0101s pie vec\u0101 pacienta priv\u0101taj\u0101 m\u0101j\u0101. Ilze ne reizi vien bija apmekl\u0113jusi \u0161o pacientu un iepriek\u0161 bija sask\u0101rusies ar su\u0146u agres\u012bvo uzved\u012bbu. Vi\u0146a vienm\u0113r l\u016bdza radiniekus uzraudz\u012bt, lai dz\u012bvnieki b\u016btu izol\u0113ti, ta\u010du \u0161\u012bs l\u016bg\u0161anas regul\u0101ri tika ignor\u0113tas.<\/p>\n<p>Uzbrukuma dien\u0101, 12. novembr\u012b, p\u0113c tam, kad m\u0101sa bija sagatavojusi medic\u012bnisko proced\u016bru, vi\u0146a paman\u012bja, ka aizmirsusi pa\u0146emt nepiecie\u0161amo apr\u012bkojumu, un atgriez\u0101s pie automa\u0161\u012bnas kop\u0101 ar pacienta meitu. Ce\u013c\u0101 viens no su\u0146iem iekoda vi\u0146u. P\u0113c tam, kad Ilze atgriez\u0101s ar apr\u012bkojumu, su\u0146i joproj\u0101m br\u012bvi p\u0101rvietoj\u0101s pa pagalmu.<\/p>\n<p>P\u0113c proced\u016bras, kad pagalms, \u0161\u0137ita, bija att\u012br\u012bts no dz\u012bvniekiem, Ilze dev\u0101s uz automa\u0161\u012bnu. Tikl\u012bdz vi\u0146a s\u0101ka atv\u0113rt durvis, viens no su\u0146iem nog\u0101za vi\u0146u zem\u0113, iekodot plec\u0101. &#8220;Es nepasp\u0113ju atv\u0113rt automa\u0161\u012bnas durvis, kad viens no su\u0146iem nog\u0101za mani zem\u0113. Vi\u0146\u0161 iekoda man labaj\u0101 plec\u0101, bet otrs suns sakoda mani vis\u0101 \u0137ermen\u012b. Izgl\u0101b\u0101s tikai seja, ko es pasl\u0113pu smilt\u012bs, k\u0101 ar\u012b k\u0101jas un lab\u0101 roka.&#8221; Uzbrukums ilga 10\u201315 min\u016btes. Pacienta meita cent\u0101s atbaid\u012bt dz\u012bvniekus ar slotu, bet tas nepal\u012bdz\u0113ja \u2014 su\u0146i k\u013cuva v\u0113l agres\u012bv\u0101ki.<\/p>\n<p>&#8220;Es jutos k\u0101 kara apst\u0101k\u013cos, \u2014 st\u0101st\u012bja cietus\u012b port\u0101lam NRA.lv. \u2014 Pat smagi ievainots cilv\u0113ks \u0161ok\u0101 var izdz\u012bvot, ja ir m\u0113r\u0137is. Taj\u0101 br\u012bd\u012b es dom\u0101ju tikai par savu meitu, kurai dr\u012bz paliks 18 gadi. Es grib\u0113ju v\u0113l redz\u0113t vi\u0146u un b\u016bt vi\u0146as dzim\u0161anas dien\u0101.&#8221; Ilze sp\u0113ja nok\u013c\u016bt l\u012bdz automa\u0161\u012bnai un pati aizbraukt uz darbu, kur vi\u0146ai sniedza neatliekamo pal\u012bdz\u012bbu. Tr\u012bs ned\u0113\u013cu laik\u0101 m\u0101sa p\u0101rcieta \u010detras oper\u0101cijas. Vi\u0146as teikt\u0101, traumas ir nopietnas, un atvese\u013co\u0161an\u0101s pras\u012bs ilgu laiku.<\/p>\n<p>P\u0113c uzbrukuma pacientam tika nomain\u012bts \u0123imenes \u0101rsts. Ilze apgalvo, ka g\u016bt\u0101s traumas nevar saukt par viegl\u0101m vai vid\u0113j\u0101m, un vi\u0146a v\u0113l ilgi b\u016bs nesp\u0113j\u012bga str\u0101d\u0101t. Vi\u0146a prasa, lai su\u0146u \u012bpa\u0161nieki kompens\u0113 medic\u012bniskos izdevumus, apmaks\u0101 iesp\u0113jamos plastiskos oper\u0101cijas un atl\u012bdzina mor\u0101lo kait\u0113jumu. Sieviete nor\u0101d\u012bja, ka vi\u0146as traumas ir tik nopietnas, ka t\u0101s n\u0101ksies sl\u0113pt zem ap\u0123\u0113rba, un par sievi\u0161\u0137\u012bgu kleitu valk\u0101\u0161anu var aizmirst.<\/p>\n<p>Ilze uzsver, ka \u0161im gad\u012bjumam nevajadz\u0113tu palikt bez uzman\u012bbas, jo bezatbild\u012bgi dz\u012bvnieku \u012bpa\u0161nieki rada draudus citu cilv\u0113ku dz\u012bv\u012bbai un vesel\u012bbai. Vi\u0146a uzskata, ka vain\u012bgajiem j\u0101uz\u0146emas krimin\u0101la atbild\u012bba.<\/p>\n<p>Nesen Latviju satricin\u0101ja gad\u012bjums, kad policists no\u0161\u0101va tr\u012bs su\u0146us, kas iek\u013cuva sve\u0161\u0101 teritorij\u0101. Tas izsauca protestus un parakstu v\u0101k\u0161anu. Vai ar\u012b \u0161oreiz b\u016bs t\u0101pat? Vai m\u016bsu valst\u012b cilv\u0113kiem ir t\u0101das pa\u0161as ties\u012bbas k\u0101 su\u0146iem un vai vi\u0146i var justies dro\u0161i?<\/p>\n","protected":false},"excerpt":{"rendered":"Salacgr\u012bv\u0101 notika \u0161ok\u0113jo\u0161s incidents, kas skaidri par\u0101d\u012bja, cik b\u012bstama ir medi\u0137u un citu speci\u0101listu, kas veic izbraukuma uzdevumus,&hellip;\n","protected":false},"author":2,"featured_media":68334,"comment_status":"","ping_status":"","sticky":false,"template":"","format":"standard","meta":{"footnotes":""},"categories":[12],"tags":[23,28,29,32,33,22,30,31,35,39,38,36,37,34,40,20,26,27,24,25,21],"class_list":{"0":"post-68333","1":"post","2":"type-post","3":"status-publish","4":"format-standard","5":"has-post-thumbnail","7":"category-latvija","8":"tag-aktualitates","9":"tag-breaking-news","10":"tag-breakingnews","11":"tag-featured-news","12":"tag-featurednews","13":"tag-headlines","14":"tag-latest-news","15":"tag-latestnews","16":"tag-latvia","17":"tag-latvian","18":"tag-latviesu","19":"tag-latviesu-valoda","20":"tag-latviesuvaloda","21":"tag-latvija","22":"tag-lv","23":"tag-news","24":"tag-popularakas-zinas","25":"tag-popularakaszinas","26":"tag-top-stories","27":"tag-topstories","28":"tag-zinas"},"share_on_mastodon":{"url":"https:\/\/pubeurope.com\/@lv\/115680785436519937","error":""},"_links":{"self":[{"href":"https:\/\/www.europesays.com\/lv\/wp-json\/wp\/v2\/posts\/68333","targetHints":{"allow":["GET"]}}],"collection":[{"href":"https:\/\/www.europesays.com\/lv\/wp-json\/wp\/v2\/posts"}],"about":[{"href":"https:\/\/www.europesays.com\/lv\/wp-json\/wp\/v2\/types\/post"}],"author":[{"embeddable":true,"href":"https:\/\/www.europesays.com\/lv\/wp-json\/wp\/v2\/users\/2"}],"replies":[{"embeddable":true,"href":"https:\/\/www.europesays.com\/lv\/wp-json\/wp\/v2\/comments?post=68333"}],"version-history":[{"count":0,"href":"https:\/\/www.europesays.com\/lv\/wp-json\/wp\/v2\/posts\/68333\/revisions"}],"wp:featuredmedia":[{"embeddable":true,"href":"https:\/\/www.europesays.com\/lv\/wp-json\/wp\/v2\/media\/68334"}],"wp:attachment":[{"href":"https:\/\/www.europesays.com\/lv\/wp-json\/wp\/v2\/media?parent=68333"}],"wp:term":[{"taxonomy":"category","embeddable":true,"href":"https:\/\/www.europesays.com\/lv\/wp-json\/wp\/v2\/categories?post=68333"},{"taxonomy":"post_tag","embeddable":true,"href":"https:\/\/www.europesays.com\/lv\/wp-json\/wp\/v2\/tags?post=68333"}],"curies":[{"name":"wp","href":"https:\/\/api.w.org\/{rel}","templated":true}]}}