{"id":68350,"date":"2025-12-07T23:59:08","date_gmt":"2025-12-07T23:59:08","guid":{"rendered":"https:\/\/www.europesays.com\/lv\/68350\/"},"modified":"2025-12-07T23:59:08","modified_gmt":"2025-12-07T23:59:08","slug":"pec-karpenteres-iebildumiem-baltais-nams-dzes-launo-video-ar-vinas-dziesmu-lente-lv","status":"publish","type":"post","link":"https:\/\/www.europesays.com\/lv\/68350\/","title":{"rendered":"P\u0113c K\u0101rpenteres iebildumiem Baltais nams dz\u0113\u0161 &#8220;\u013cauno&#8221; video ar vi\u0146as dziesmu\u00a0\u2014\u00a0Lente.lv"},"content":{"rendered":"<p>Baltais nams dz\u0113\u0161 video p\u0113c dzied\u0101t\u0101jas protesta<\/p>\n<p>Baltais nams ir izdz\u0113sis video materi\u0101lu, kur\u0101 tika izmantota dzied\u0101t\u0101jas Sabrinas K\u0101rpenteres dziesma, rea\u0123\u0113jot uz vi\u0146as iebildumiem par satura &#8220;\u013cauno un pret\u012bgo&#8221; raksturu. \u0160\u0101ds l\u0113mums tika pie\u0146emts p\u0113c tam, kad pati dzied\u0101t\u0101ja, kas ir ar\u012b divk\u0101rt\u0113ja &#8220;Grammy&#8221; balvas laure\u0101te, pauda savu neapmierin\u0101t\u012bbu.<\/p>\n<p>Mediji zi\u0146o, ka video, kas izrais\u012bjis pla\u0161\u0101ku rezonansi, tika kritiz\u0113ts par savu saturu, ko dzied\u0101t\u0101ja un vi\u0146as p\u0101rst\u0101vji raksturoju\u0161i k\u0101 nepiem\u0113rotu un kait\u012bgu. \u0160\u012b situ\u0101cija izce\u013c arvien pieaugo\u0161o ba\u017eu par to, k\u0101 m\u0101kslinieku darbi tiek izmantoti digit\u0101laj\u0101 vid\u0113, \u012bpa\u0161i politiska vai soci\u0101la satura kontekst\u0101.<\/p>\n<p>\u0160is incidents atg\u0101dina par nepiecie\u0161am\u012bbu cie\u0146piln\u0101k iztur\u0113ties pret m\u0101kslinieku autorties\u012bb\u0101m un vi\u0146u rad\u012bt\u0101 satura integrit\u0101ti. Digit\u0101l\u0101s platformas un politisk\u0101s kampa\u0146as saskaras ar arvien liel\u0101ku spiedienu nodro\u0161in\u0101t, ka izmantotie materi\u0101li ir gan likum\u012bgi, gan \u0113tisk\u0101s norm\u0101s pie\u0146emami. K\u0101rpenteres r\u012bc\u012bba ir spilgts piem\u0113rs tam, k\u0101 m\u016bsdienu m\u0101kslinieki akt\u012bvi aizst\u0101v savu darbu un v\u0101rdu.<\/p>\n<p>Situ\u0101cija uzsver interneta satura veidot\u0101ju un politisko akt\u012bvistu atbild\u012bbu, lietojot popul\u0101ru m\u016bziku un citus rado\u0161us darbus savos projektos, \u012bpa\u0161i gad\u012bjumos, kad tas var tikt interpret\u0113ts k\u0101 neatbilsto\u0161s vai kait\u012bgs.<\/p>\n","protected":false},"excerpt":{"rendered":"Baltais nams dz\u0113\u0161 video p\u0113c dzied\u0101t\u0101jas protesta Baltais nams ir izdz\u0113sis video materi\u0101lu, kur\u0101 tika izmantota dzied\u0101t\u0101jas Sabrinas&hellip;\n","protected":false},"author":2,"featured_media":68351,"comment_status":"","ping_status":"","sticky":false,"template":"","format":"standard","meta":{"footnotes":""},"categories":[19],"tags":[5320,1759,89,90,35,39,38,36,37,34,40,17554,17552,17553],"class_list":{"0":"post-68350","1":"post","2":"type-post","3":"status-publish","4":"format-standard","5":"has-post-thumbnail","7":"category-izklaide","8":"tag-autortiesibas","9":"tag-baltais-nams","10":"tag-entertainment","11":"tag-izklaide","12":"tag-latvia","13":"tag-latvian","14":"tag-latviesu","15":"tag-latviesu-valoda","16":"tag-latviesuvaloda","17":"tag-latvija","18":"tag-lv","19":"tag-politiska-kampana","20":"tag-sabrina-carpenter","21":"tag-video-saturs"},"share_on_mastodon":{"url":"https:\/\/pubeurope.com\/@lv\/115681005629394581","error":""},"_links":{"self":[{"href":"https:\/\/www.europesays.com\/lv\/wp-json\/wp\/v2\/posts\/68350","targetHints":{"allow":["GET"]}}],"collection":[{"href":"https:\/\/www.europesays.com\/lv\/wp-json\/wp\/v2\/posts"}],"about":[{"href":"https:\/\/www.europesays.com\/lv\/wp-json\/wp\/v2\/types\/post"}],"author":[{"embeddable":true,"href":"https:\/\/www.europesays.com\/lv\/wp-json\/wp\/v2\/users\/2"}],"replies":[{"embeddable":true,"href":"https:\/\/www.europesays.com\/lv\/wp-json\/wp\/v2\/comments?post=68350"}],"version-history":[{"count":0,"href":"https:\/\/www.europesays.com\/lv\/wp-json\/wp\/v2\/posts\/68350\/revisions"}],"wp:featuredmedia":[{"embeddable":true,"href":"https:\/\/www.europesays.com\/lv\/wp-json\/wp\/v2\/media\/68351"}],"wp:attachment":[{"href":"https:\/\/www.europesays.com\/lv\/wp-json\/wp\/v2\/media?parent=68350"}],"wp:term":[{"taxonomy":"category","embeddable":true,"href":"https:\/\/www.europesays.com\/lv\/wp-json\/wp\/v2\/categories?post=68350"},{"taxonomy":"post_tag","embeddable":true,"href":"https:\/\/www.europesays.com\/lv\/wp-json\/wp\/v2\/tags?post=68350"}],"curies":[{"name":"wp","href":"https:\/\/api.w.org\/{rel}","templated":true}]}}