{"id":68365,"date":"2025-12-08T01:20:10","date_gmt":"2025-12-08T01:20:10","guid":{"rendered":"https:\/\/www.europesays.com\/lv\/68365\/"},"modified":"2025-12-08T01:20:10","modified_gmt":"2025-12-08T01:20:10","slug":"asv-pieprasa-eiropai-pasai-stiprinat-savu-aizsardzibu-amatpersonas-izpildes-terminu-sauc-par-nerealu-jauns-lv","status":"publish","type":"post","link":"https:\/\/www.europesays.com\/lv\/68365\/","title":{"rendered":"ASV pieprasa Eiropai pa\u0161ai stiprin\u0101t savu aizsardz\u012bbu; amatpersonas izpildes termi\u0146u sauc par &quot;nere\u0101lu&quot; &#8211; Jauns.lv"},"content":{"rendered":"<ol>\n<li><a href=\"https:\/\/news.google.com\/rss\/articles\/CBMi1gFBVV95cUxPWW1fRnFVTWVpUXVwYXhDNURRdzhZbnk2WUJIZDVjS3VmMzVQckRnaWpzVG5FTWl3WF9ocEJZNjdhSDRRODNKaFJxU2F3U3VXZ1NuLW5HXzZBd0JNWEx6bE4wXzZINFZSVUFpMUR2WFlweHBiWHFPZWRJTzRGUVl1eDZyUlRCY0hpSElCeXdfaDRSaDRXTXA0QWZscGVwTm5wNGd4emR3Z0h4Q3dHR2hsY2dVOTU0bmtNNDVmcGtyaXUzTFloZzNTMDBidWZWOXpJVnBHMEtR?oc=5\" target=\"_blank\" rel=\"nofollow noopener\">ASV pieprasa Eiropai pa\u0161ai stiprin\u0101t savu aizsardz\u012bbu; amatpersonas izpildes termi\u0146u sauc par &#8220;nere\u0101lu&#8221;<\/a>&nbsp;&nbsp;Jauns.lv<\/li>\n<li><a href=\"https:\/\/news.google.com\/rss\/articles\/CBMijgFBVV95cUxPeWQ1MHdUVFgtX0dFMzZkbVBBVlRWYi1EZVd5MlB3QlRfMmQ1RU4yc1I3ZWJQb2QxbDZabHllNkdSaEo3WmlQT0NwVkZOeUM3WVYzYTR6d1J0dlhNZWpSQ2RqUXNqbXM3eFlIdmNTbmdxT3VaWDk3OG9RQTlkYUtfV2lQZHYwdmJLV0lFY2dn?oc=5\" target=\"_blank\" rel=\"nofollow noopener\">Pentagons p\u0101rtraucis kontaktus ar V\u0101ciju \u2013 dro\u0161\u012bba Eirop\u0101 briesm\u0101s<\/a>&nbsp;&nbsp;NRA<\/li>\n<li><a href=\"https:\/\/news.google.com\/rss\/articles\/CBMirwFBVV95cUxOMjJjclFuMVAyRkY2ZWxHSFQ1MTZ5eUtnR0w1dW9VT2R1MkNBU0l3SGNrU0NBS2Zpc1dtYkV4d2tKd1Y4ektwQmFpRGNkeVBDc2VrRXdDb3pWNndzRlA2NlRJZWxhbkpmU3BFX3lzS25DMV9pZ1JTMV9KNzh0OXA0bHljXzZVZTRBbmVDV3RwM2VzSWRSWnFNZUpKazV2TGxESGVHTWJibGZIMTdoSVI0?oc=5\" target=\"_blank\" rel=\"nofollow noopener\">\u201cSavienojums patiesi ir p\u0101rrauts!\u201d \u201cThe Atlantic\u201d atkl\u0101j Eiropas reakciju uz ASV negaid\u012bto l\u0113mumu<\/a>&nbsp;&nbsp;LA.LV<\/li>\n<li><a href=\"https:\/\/news.google.com\/rss\/articles\/CBMixgFBVV95cUxNZ2J5aFZCeXhDczQwNzU1eUhCNEthMzhGREtuTW9BN2tFM2RkelJqSkFUejNBOGYtbDFOcWRobmNfd2RiVXpLU2pLTG14XzQwWjBkTUx0OGRNZTE0c1otZ0x0QXJYc3NJVGk2M2syMW9Dd2RFeDNHckxDTGtYMlVhTG9hdy1aVG1jbmNweW5pR3E4cEdqcDJFU3V5dHVBSWJ5OEZRZGVyVDFXVzFaSjVpOGk0c3pUTEsxUTg4MmpkZVZEN3pSQ1E?oc=5\" target=\"_blank\" rel=\"nofollow noopener\">ASV pieprasa Eiropai l\u012bdz 2027. gadam p\u0101r\u0146emt liel\u0101ko da\u013cu NATO aizsardz\u012bbas saist\u012bbu<\/a>&nbsp;&nbsp;Lente.lv<\/li>\n<li><a href=\"https:\/\/news.google.com\/rss\/articles\/CBMinwFBVV95cUxPc0lST0FrTUV6Z2NOSWNEVUtaZVQ3YWU4eU53ZnlUVjlzNGFBd0pPeUlLN1NlcmN5VnN2d0pOamdWY0MwQ2V3UkJiY3pXRnJOcllGRWZwQl83dnpYUFZwM296OTJfSHB0dExfNmprQi1Hb2x5VU9nbENyNTRFTkQ1MDdLcHZtd0NJV3lYc2pHcklkSDItcVV0SFk2Q2NEUms?oc=5\" target=\"_blank\" rel=\"nofollow noopener\">Avoti: ASV v\u0113las nodot liel\u0101ko da\u013cu NATO saist\u012bbu Eiropai<\/a>&nbsp;&nbsp;Lasi.lv<\/li>\n<\/ol>\n","protected":false},"excerpt":{"rendered":"ASV pieprasa Eiropai pa\u0161ai stiprin\u0101t savu aizsardz\u012bbu; amatpersonas izpildes termi\u0146u sauc par &#8220;nere\u0101lu&#8221;&nbsp;&nbsp;Jauns.lv Pentagons p\u0101rtraucis kontaktus ar V\u0101ciju&hellip;\n","protected":false},"author":2,"featured_media":68366,"comment_status":"","ping_status":"","sticky":false,"template":"","format":"standard","meta":{"footnotes":""},"categories":[14],"tags":[23,57,28,29,32,33,22,30,31,35,39,38,36,37,34,40,20,26,27,24,25,54,55,56,21,58],"class_list":{"0":"post-68365","1":"post","2":"type-post","3":"status-publish","4":"format-standard","5":"has-post-thumbnail","7":"category-zinas-no-arvalstim","8":"tag-aktualitates","9":"tag-arvalstim","10":"tag-breaking-news","11":"tag-breakingnews","12":"tag-featured-news","13":"tag-featurednews","14":"tag-headlines","15":"tag-latest-news","16":"tag-latestnews","17":"tag-latvia","18":"tag-latvian","19":"tag-latviesu","20":"tag-latviesu-valoda","21":"tag-latviesuvaloda","22":"tag-latvija","23":"tag-lv","24":"tag-news","25":"tag-popularakas-zinas","26":"tag-popularakaszinas","27":"tag-top-stories","28":"tag-topstories","29":"tag-world","30":"tag-world-news","31":"tag-worldnews","32":"tag-zinas","33":"tag-zinas-no-arvalstim"},"share_on_mastodon":{"url":"https:\/\/pubeurope.com\/@lv\/115681324120781524","error":""},"_links":{"self":[{"href":"https:\/\/www.europesays.com\/lv\/wp-json\/wp\/v2\/posts\/68365","targetHints":{"allow":["GET"]}}],"collection":[{"href":"https:\/\/www.europesays.com\/lv\/wp-json\/wp\/v2\/posts"}],"about":[{"href":"https:\/\/www.europesays.com\/lv\/wp-json\/wp\/v2\/types\/post"}],"author":[{"embeddable":true,"href":"https:\/\/www.europesays.com\/lv\/wp-json\/wp\/v2\/users\/2"}],"replies":[{"embeddable":true,"href":"https:\/\/www.europesays.com\/lv\/wp-json\/wp\/v2\/comments?post=68365"}],"version-history":[{"count":0,"href":"https:\/\/www.europesays.com\/lv\/wp-json\/wp\/v2\/posts\/68365\/revisions"}],"wp:featuredmedia":[{"embeddable":true,"href":"https:\/\/www.europesays.com\/lv\/wp-json\/wp\/v2\/media\/68366"}],"wp:attachment":[{"href":"https:\/\/www.europesays.com\/lv\/wp-json\/wp\/v2\/media?parent=68365"}],"wp:term":[{"taxonomy":"category","embeddable":true,"href":"https:\/\/www.europesays.com\/lv\/wp-json\/wp\/v2\/categories?post=68365"},{"taxonomy":"post_tag","embeddable":true,"href":"https:\/\/www.europesays.com\/lv\/wp-json\/wp\/v2\/tags?post=68365"}],"curies":[{"name":"wp","href":"https:\/\/api.w.org\/{rel}","templated":true}]}}