{"id":68371,"date":"2025-12-08T01:32:14","date_gmt":"2025-12-08T01:32:14","guid":{"rendered":"https:\/\/www.europesays.com\/lv\/68371\/"},"modified":"2025-12-08T01:32:14","modified_gmt":"2025-12-08T01:32:14","slug":"hosteli-dienvidafrika-nosauti-12-cilveki","status":"publish","type":"post","link":"https:\/\/www.europesays.com\/lv\/68371\/","title":{"rendered":"Hostel\u012b Dienvid\u0101frik\u0101 no\u0161auti 12 cilv\u0113ki"},"content":{"rendered":"<p>&#8220;Varu apstiprin\u0101t, ka kopum\u0101 tika sa\u0161auti 25 cilv\u0113ki,&#8221; sac\u012bja policijas p\u0101rst\u0101ve Atlenda Mate.<\/p>\n<p>Desmit cilv\u0113ki mira notikuma viet\u0101 Solsvil\u0101, kas atrodas 18 kilometrus uz rietumiem no Pretorijas, bet v\u0113l divi v\u0113l\u0101k slimn\u012bc\u0101.<\/p>\n<p>Ap plkst. 4.30 hoste\u013ca telp\u0101s iek\u013cuvu\u0161i tr\u012bs bru\u0146oti v\u012brie\u0161i un s\u0101ku\u0161i \u0161aut uz cilv\u0113kiem, m\u0113r\u0137us ne\u0161\u0137irojot.<\/p>\n<p>\u0160au\u0161ana notikusi &#8220;neleg\u0101l\u0101 dzertuv\u0113&#8221;, kas darbojusies hoste\u013ca telp\u0101s, sac\u012bja policijas p\u0101rst\u0101ve.<\/p>\n<p>Nogalin\u0101to vid\u016b ir ar\u012b 12 un 16 gadus veci jaunie\u0161i.<\/p>\n<p>\u0160au\u0161anas mot\u012bvs nav zin\u0101ms, pagaid\u0101m neviens nav aiztur\u0113ts.<\/p>\n<p>Turpin\u0101s \u0161\u0101v\u0113ju mekl\u0113\u0161ana.<\/p>\n<p>&#8220;Mums ir nopietnas probl\u0113mas ar \u0161\u012bm neleg\u0101laj\u0101m alkohola lieto\u0161anas viet\u0101m,&#8221; sac\u012bja Mate, nor\u0101dot, ka ap\u0161audes ar daudziem upuriem visbie\u017e\u0101k notiek \u0161\u0101d\u0101s iest\u0101d\u0113s.<\/p>\n<p>&#8220;Krustugun\u012bs non\u0101k ar\u012b nevain\u012bgi cilv\u0113ki,&#8221; policijas p\u0101rst\u0101ve sac\u012bja raidorganiz\u0101cijai SABC.<\/p>\n","protected":false},"excerpt":{"rendered":"&#8220;Varu apstiprin\u0101t, ka kopum\u0101 tika sa\u0161auti 25 cilv\u0113ki,&#8221; sac\u012bja policijas p\u0101rst\u0101ve Atlenda Mate. Desmit cilv\u0113ki mira notikuma viet\u0101&hellip;\n","protected":false},"author":2,"featured_media":68372,"comment_status":"","ping_status":"","sticky":false,"template":"","format":"standard","meta":{"footnotes":""},"categories":[14],"tags":[23,3035,57,28,29,9870,32,33,22,17563,30,31,35,39,38,36,37,34,40,20,26,27,24,25,54,55,56,21,58],"class_list":{"0":"post-68371","1":"post","2":"type-post","3":"status-publish","4":"format-standard","5":"has-post-thumbnail","7":"category-zinas-no-arvalstim","8":"tag-aktualitates","9":"tag-apsaude","10":"tag-arvalstim","11":"tag-breaking-news","12":"tag-breakingnews","13":"tag-dienvidafrika","14":"tag-featured-news","15":"tag-featurednews","16":"tag-headlines","17":"tag-hostelis","18":"tag-latest-news","19":"tag-latestnews","20":"tag-latvia","21":"tag-latvian","22":"tag-latviesu","23":"tag-latviesu-valoda","24":"tag-latviesuvaloda","25":"tag-latvija","26":"tag-lv","27":"tag-news","28":"tag-popularakas-zinas","29":"tag-popularakaszinas","30":"tag-top-stories","31":"tag-topstories","32":"tag-world","33":"tag-world-news","34":"tag-worldnews","35":"tag-zinas","36":"tag-zinas-no-arvalstim"},"share_on_mastodon":{"url":"https:\/\/pubeurope.com\/@lv\/115681371290015509","error":""},"_links":{"self":[{"href":"https:\/\/www.europesays.com\/lv\/wp-json\/wp\/v2\/posts\/68371","targetHints":{"allow":["GET"]}}],"collection":[{"href":"https:\/\/www.europesays.com\/lv\/wp-json\/wp\/v2\/posts"}],"about":[{"href":"https:\/\/www.europesays.com\/lv\/wp-json\/wp\/v2\/types\/post"}],"author":[{"embeddable":true,"href":"https:\/\/www.europesays.com\/lv\/wp-json\/wp\/v2\/users\/2"}],"replies":[{"embeddable":true,"href":"https:\/\/www.europesays.com\/lv\/wp-json\/wp\/v2\/comments?post=68371"}],"version-history":[{"count":0,"href":"https:\/\/www.europesays.com\/lv\/wp-json\/wp\/v2\/posts\/68371\/revisions"}],"wp:featuredmedia":[{"embeddable":true,"href":"https:\/\/www.europesays.com\/lv\/wp-json\/wp\/v2\/media\/68372"}],"wp:attachment":[{"href":"https:\/\/www.europesays.com\/lv\/wp-json\/wp\/v2\/media?parent=68371"}],"wp:term":[{"taxonomy":"category","embeddable":true,"href":"https:\/\/www.europesays.com\/lv\/wp-json\/wp\/v2\/categories?post=68371"},{"taxonomy":"post_tag","embeddable":true,"href":"https:\/\/www.europesays.com\/lv\/wp-json\/wp\/v2\/tags?post=68371"}],"curies":[{"name":"wp","href":"https:\/\/api.w.org\/{rel}","templated":true}]}}