{"id":68380,"date":"2025-12-08T02:14:07","date_gmt":"2025-12-08T02:14:07","guid":{"rendered":"https:\/\/www.europesays.com\/lv\/68380\/"},"modified":"2025-12-08T02:14:07","modified_gmt":"2025-12-08T02:14:07","slug":"desmitiem-dzivibu-zaudetas-un-kritika-par-metodem-lente-lv","status":"publish","type":"post","link":"https:\/\/www.europesays.com\/lv\/68380\/","title":{"rendered":"Desmitiem dz\u012bv\u012bbu zaud\u0113tas un kritika par metod\u0113m\u00a0\u2014\u00a0Lente.lv"},"content":{"rendered":"<p>ASV pret narkotiku karu Klusaj\u0101 oke\u0101n\u0101: Desmitiem dz\u012bv\u012bbu zaud\u0113tas<\/p>\n<p>ASV bru\u0146ot\u0101 pretnarkotiku kampa\u0146a Klus\u0101 oke\u0101na austrumos un Kar\u012bbu j\u016bras re\u0123ion\u0101 ir pras\u012bjusi jau vair\u0101k nek\u0101 87 cilv\u0113ku dz\u012bv\u012bbas. Jaun\u0101kais notikums notika \u0161\u012bs ned\u0113\u013cas ceturtdien\u0101, kad ASV armija veica triecienu pret narkotiku p\u0101rvad\u0101t\u0101ju ku\u0123i, nogalinot \u010detrus cilv\u0113kus. \u0160is incidents ir da\u013ca no pla\u0161\u0101kas un intens\u012bv\u0101kas c\u012b\u0146as pret narkotiku kontrabandu, kas arvien vair\u0101k satrauc starptautisko sabiedr\u012bbu.<\/p>\n<p>Prec\u012bzs trieciens, bet augsta cena<\/p>\n<p>Saska\u0146\u0101 ar ASV Dienvidu pav\u0113lniec\u012bbas sniegto inform\u0101ciju, trieciens tika veikts pret ku\u0123i, kas atrad\u0101s starptautiskajos \u016bde\u0146os un, k\u0101 tika apgalvots, bija saist\u012bts ar atz\u012btu teroristu organiz\u0101ciju. Izl\u016bko\u0161anas dati apstiprin\u0101ja, ka ku\u0123is p\u0101rvad\u0101ja nelikum\u012bgas narkotikas un izmantoja k\u0101du zin\u0101mu narkotrafika mar\u0161rutu Klus\u0101 oke\u0101na austrumos. Soci\u0101lo mediju platform\u0101 &#8220;X&#8221; tika public\u0113ts video, kur\u0101 redzams \u0101tri brauco\u0161s ku\u0123is, kas p\u0113c trieciena eksplod\u0113ja un aizdeg\u0101s. \u010cetri uz kl\u0101ja biju\u0161ie v\u012brie\u0161i, kas tika d\u0113v\u0113ti par &#8220;narkoteroristiem&#8221;, tika nogalin\u0101ti.<\/p>\n<p>Kritika par kampa\u0146as metod\u0113m<\/p>\n<p>Lai gan ASV vald\u012bba cen\u0161as uzsv\u0113rt savu ap\u0146\u0113m\u012bbu c\u012b\u0146\u0101 pret narkotiku tirdzniec\u012bbu, kampa\u0146as metodes neizb\u0113gami izraisa ar\u012b kritiku. \u012apa\u0161i tiek kritiz\u0113ts aizsardz\u012bbas ministrs P\u012bts Hegsets un Donalds Tramps administr\u0101cija par incidentu septembra s\u0101kum\u0101. Toreiz ASV sp\u0113ki veica divus uzbrukumus vienam narkotiku ku\u0123im, otraj\u0101 uzbrukum\u0101 nogalinot divus pirm\u0101 trieciena izdz\u012bvoju\u0161os. \u0160\u0101di notikumi liek aizdom\u0101ties par kampa\u0146as efektivit\u0101ti un t\u0101s rad\u012btaj\u0101m sek\u0101m.<\/p>\n<p>Pla\u0161\u0101ks konteksts un starptautisk\u0101s attiec\u012bbas<\/p>\n<p>\u0160ie notikumi risin\u0101s sare\u017e\u0123\u012bt\u0101 \u0123eopolitisk\u0101 situ\u0101cij\u0101. Vienlaikus ar pretnarkotiku kampa\u0146u, tiek nov\u0113rota ar\u012b spriedze ASV un Venecu\u0113las attiec\u012bb\u0101s, kur Venecu\u0113las prezidents Nikolass Maduro tiek vainots par atbalsta snieg\u0161anu narkotiku p\u0101rvad\u0101t\u0101jiem. Donalds Tramps pat pie\u013c\u0101vis sauszemes oper\u0101ciju iesp\u0113jam\u012bbu Venecu\u0113l\u0101, radot ba\u017eas par iesp\u0113jamu milit\u0101ru konfliktu re\u0123ion\u0101. \u0160\u012b pretnarkotiku kampa\u0146a, kas tiek raksturota k\u0101 c\u012b\u0146a pret &#8220;narkoteroristiem&#8221;, norisin\u0101s ar\u012b cit\u0101s Lat\u012b\u0146amerikas \u016bde\u0146os, radot nopietnas sekas un izraisot diskusijas par t\u0101s ilgtsp\u0113j\u012bbu un mor\u0101lajiem aspektiem.<\/p>\n<p>C\u012b\u0146a pret narkotik\u0101m \u2013 bezgal\u012bgais kar\u0161?<\/p>\n<p>ASV pretnarkotiku kampa\u0146a Klusaj\u0101 oke\u0101n\u0101 un Kar\u012bbu j\u016br\u0101 atspogu\u013co glob\u0101lo probl\u0113mu m\u0113rogu un sare\u017e\u0123\u012bt\u012bbu. Lai gan triecieni pret narkotiku ku\u0123iem var \u0161\u0137ist efekt\u012bvi \u012bstermi\u0146\u0101, tie ir tikai viens no daudziem instrumentiem c\u012b\u0146\u0101 pret glob\u0101lo narkotiku apriti. Ilgtermi\u0146\u0101 nepiecie\u0161ami kompleksi risin\u0101jumi, kas ietver gan soci\u0101los, gan ekonomiskos aspektus, lai nov\u0113rstu narkotiku ra\u017eo\u0161anas un tirdzniec\u012bbas c\u0113lo\u0146us.<\/p>\n","protected":false},"excerpt":{"rendered":"ASV pret narkotiku karu Klusaj\u0101 oke\u0101n\u0101: Desmitiem dz\u012bv\u012bbu zaud\u0113tas ASV bru\u0146ot\u0101 pretnarkotiku kampa\u0146a Klus\u0101 oke\u0101na austrumos un Kar\u012bbu&hellip;\n","protected":false},"author":2,"featured_media":68381,"comment_status":"","ping_status":"","sticky":false,"template":"","format":"standard","meta":{"footnotes":""},"categories":[14],"tags":[23,57,17567,28,29,17569,32,33,22,8856,30,31,35,39,38,36,37,34,40,7392,20,26,27,17568,24,25,54,55,56,21,58],"class_list":{"0":"post-68380","1":"post","2":"type-post","3":"status-publish","4":"format-standard","5":"has-post-thumbnail","7":"category-zinas-no-arvalstim","8":"tag-aktualitates","9":"tag-arvalstim","10":"tag-asv-pretnarkotiku-kampana","11":"tag-breaking-news","12":"tag-breakingnews","13":"tag-cilveku-dzivibas","14":"tag-featured-news","15":"tag-featurednews","16":"tag-headlines","17":"tag-klusais-okeans","18":"tag-latest-news","19":"tag-latestnews","20":"tag-latvia","21":"tag-latvian","22":"tag-latviesu","23":"tag-latviesu-valoda","24":"tag-latviesuvaloda","25":"tag-latvija","26":"tag-lv","27":"tag-narkotiku-kontrabanda","28":"tag-news","29":"tag-popularakas-zinas","30":"tag-popularakaszinas","31":"tag-teroristu-organizacijas","32":"tag-top-stories","33":"tag-topstories","34":"tag-world","35":"tag-world-news","36":"tag-worldnews","37":"tag-zinas","38":"tag-zinas-no-arvalstim"},"share_on_mastodon":{"url":"https:\/\/pubeurope.com\/@lv\/115681536427471314","error":""},"_links":{"self":[{"href":"https:\/\/www.europesays.com\/lv\/wp-json\/wp\/v2\/posts\/68380","targetHints":{"allow":["GET"]}}],"collection":[{"href":"https:\/\/www.europesays.com\/lv\/wp-json\/wp\/v2\/posts"}],"about":[{"href":"https:\/\/www.europesays.com\/lv\/wp-json\/wp\/v2\/types\/post"}],"author":[{"embeddable":true,"href":"https:\/\/www.europesays.com\/lv\/wp-json\/wp\/v2\/users\/2"}],"replies":[{"embeddable":true,"href":"https:\/\/www.europesays.com\/lv\/wp-json\/wp\/v2\/comments?post=68380"}],"version-history":[{"count":0,"href":"https:\/\/www.europesays.com\/lv\/wp-json\/wp\/v2\/posts\/68380\/revisions"}],"wp:featuredmedia":[{"embeddable":true,"href":"https:\/\/www.europesays.com\/lv\/wp-json\/wp\/v2\/media\/68381"}],"wp:attachment":[{"href":"https:\/\/www.europesays.com\/lv\/wp-json\/wp\/v2\/media?parent=68380"}],"wp:term":[{"taxonomy":"category","embeddable":true,"href":"https:\/\/www.europesays.com\/lv\/wp-json\/wp\/v2\/categories?post=68380"},{"taxonomy":"post_tag","embeddable":true,"href":"https:\/\/www.europesays.com\/lv\/wp-json\/wp\/v2\/tags?post=68380"}],"curies":[{"name":"wp","href":"https:\/\/api.w.org\/{rel}","templated":true}]}}