{"id":68382,"date":"2025-12-08T02:16:09","date_gmt":"2025-12-08T02:16:09","guid":{"rendered":"https:\/\/www.europesays.com\/lv\/68382\/"},"modified":"2025-12-08T02:16:09","modified_gmt":"2025-12-08T02:16:09","slug":"latvijas-florbolistes-pasaules-cempionata-piedzivo-otro-neveiksmi-raksts","status":"publish","type":"post","link":"https:\/\/www.europesays.com\/lv\/68382\/","title":{"rendered":"Latvijas florbolistes pasaules \u010dempion\u0101t\u0101 piedz\u012bvo otro neveiksmi \/ Raksts"},"content":{"rendered":"<p>Latvijas sievie\u0161u florbola izlase sv\u0113tdien \u010cehij\u0101 pasaules \u010dempion\u0101t\u0101 piedz\u012bvoja otro zaud\u0113jumu.<\/p>\n<p>A apak\u0161grupas sp\u0113l\u0113 Latvija ar 2:6 (1:4, 0:2, 1:0) piek\u0101p\u0101s turn\u012bra m\u0101jiniecei \u010cehijai.<\/p>\n<p>Latvijas izlases lab\u0101 v\u0101rtus guva Simona Gr\u0101p\u0113na un Anna Ankudinova, kura ar\u012b tika pie rezultat\u012bvas piesp\u0113les.<\/p>\n<p>L\u012bdz pirm\u0101s tre\u0161da\u013cas vidum latvietes non\u0101ca iedzin\u0113jos ar 0:3, uz ko Latvijas florbolist\u0113m izdev\u0101s atbild\u0113t ar Ankudinovas prec\u012bzo metienu, ta\u010du tre\u0161da\u013cas turpin\u0101jum\u0101 \u010dehietes atjaunoja tr\u012bs v\u0101rtu p\u0101rsvaru.<\/p>\n<p>Otraj\u0101 period\u0101 Latvijas v\u0101rtsardzi pretinieces p\u0101rsp\u0113ja v\u0113l divas reizes, bet tre\u0161aj\u0101 tre\u0161da\u013c\u0101 p\u0113c sp\u0113l\u0113t\u0101m septi\u0146\u0101m ar pusi min\u016bt\u0113m otros Latvijas v\u0101rtus guva Gr\u0101p\u0113na.<\/p>\n<p>Cit\u0101 A grupas sp\u0113l\u0113 sv\u0113tdien \u0160veice ar 11:2 sagr\u0101va D\u0101niju.<\/p>\n<p>P\u0113c div\u0101m sp\u0113\u013cu k\u0101rt\u0101m A grup\u0101 pa div\u0101m uzvar\u0101m ir \u0160veicei un \u010cehijai, bet divas neveiksmes piedz\u012bvoju\u0161as Latvija un D\u0101nija.<\/p>\n<p>Sestdien turn\u012bra ievad\u0101 A grupas ma\u010d\u0101 Latvijas florbolistes ar 4:8 piek\u0101p\u0101s \u0160veicei, bet \u010cehija ar 11:0 sagr\u0101va D\u0101niju.<\/p>\n<p>Latvijas florbolistes pirmdien grupas p\u0113d\u0113j\u0101 ma\u010d\u0101 c\u012bn\u012bsies ar D\u0101niju.<\/p>\n<p>                    Valodas k\u013c\u016bda rakst\u0101?<\/p>\n<p class=\"d-none d-md-block\">Iez\u012bm\u0113jiet tekstu un spiediet Ctrl+Enter, lai nos\u016bt\u012btu labojamo teksta fragmentu redaktoram! Par faktu k\u013c\u016bd\u0101m l\u016bdzam zi\u0146ot e-past\u0101 <a href=\"https:\/\/www.lsm.lv\/cdn-cgi\/l\/email-protection\" class=\"__cf_email__\" data-cfemail=\"97e5f2f3f6fcf4fefdf6d7fbe4fab9fbe1\" rel=\"nofollow noopener\" target=\"_blank\">[email\u00a0protected]<\/a>.<\/p>\n<p class=\"d-md-none\">Iez\u012bm\u0113jiet tekstu un spiediet uz Zi\u0146ot par k\u013c\u016bdu pogas, lai nos\u016bt\u012btu labojamo teksta fragmentu redaktoram!<\/p>\n<p>\n                    Zi\u0146ot par k\u013c\u016bdu\n                <\/p>\n","protected":false},"excerpt":{"rendered":"Latvijas sievie\u0161u florbola izlase sv\u0113tdien \u010cehij\u0101 pasaules \u010dempion\u0101t\u0101 piedz\u012bvoja otro zaud\u0113jumu. A apak\u0161grupas sp\u0113l\u0113 Latvija ar 2:6 (1:4,&hellip;\n","protected":false},"author":2,"featured_media":68383,"comment_status":"","ping_status":"","sticky":false,"template":"","format":"standard","meta":{"footnotes":""},"categories":[5],"tags":[23,28,29,32,33,22,30,31,35,39,38,36,37,34,40,20,26,27,24,25,21],"class_list":{"0":"post-68382","1":"post","2":"type-post","3":"status-publish","4":"format-standard","5":"has-post-thumbnail","7":"category-aktualitates","8":"tag-aktualitates","9":"tag-breaking-news","10":"tag-breakingnews","11":"tag-featured-news","12":"tag-featurednews","13":"tag-headlines","14":"tag-latest-news","15":"tag-latestnews","16":"tag-latvia","17":"tag-latvian","18":"tag-latviesu","19":"tag-latviesu-valoda","20":"tag-latviesuvaloda","21":"tag-latvija","22":"tag-lv","23":"tag-news","24":"tag-popularakas-zinas","25":"tag-popularakaszinas","26":"tag-top-stories","27":"tag-topstories","28":"tag-zinas"},"share_on_mastodon":{"url":"https:\/\/pubeurope.com\/@lv\/115681544343687736","error":""},"_links":{"self":[{"href":"https:\/\/www.europesays.com\/lv\/wp-json\/wp\/v2\/posts\/68382","targetHints":{"allow":["GET"]}}],"collection":[{"href":"https:\/\/www.europesays.com\/lv\/wp-json\/wp\/v2\/posts"}],"about":[{"href":"https:\/\/www.europesays.com\/lv\/wp-json\/wp\/v2\/types\/post"}],"author":[{"embeddable":true,"href":"https:\/\/www.europesays.com\/lv\/wp-json\/wp\/v2\/users\/2"}],"replies":[{"embeddable":true,"href":"https:\/\/www.europesays.com\/lv\/wp-json\/wp\/v2\/comments?post=68382"}],"version-history":[{"count":0,"href":"https:\/\/www.europesays.com\/lv\/wp-json\/wp\/v2\/posts\/68382\/revisions"}],"wp:featuredmedia":[{"embeddable":true,"href":"https:\/\/www.europesays.com\/lv\/wp-json\/wp\/v2\/media\/68383"}],"wp:attachment":[{"href":"https:\/\/www.europesays.com\/lv\/wp-json\/wp\/v2\/media?parent=68382"}],"wp:term":[{"taxonomy":"category","embeddable":true,"href":"https:\/\/www.europesays.com\/lv\/wp-json\/wp\/v2\/categories?post=68382"},{"taxonomy":"post_tag","embeddable":true,"href":"https:\/\/www.europesays.com\/lv\/wp-json\/wp\/v2\/tags?post=68382"}],"curies":[{"name":"wp","href":"https:\/\/api.w.org\/{rel}","templated":true}]}}