{"id":68392,"date":"2025-12-08T02:47:06","date_gmt":"2025-12-08T02:47:06","guid":{"rendered":"https:\/\/www.europesays.com\/lv\/68392\/"},"modified":"2025-12-08T02:47:06","modified_gmt":"2025-12-08T02:47:06","slug":"antra-stafecka-martins-kanters-un-andris-erglis-kopa-jauna-singla-par-engeli-pirms-gaidamas-koncerttures-lente-lv","status":"publish","type":"post","link":"https:\/\/www.europesays.com\/lv\/68392\/","title":{"rendered":"Antra Stafecka, M\u0101rti\u0146\u0161 Kanters un Andris \u0112rglis kop\u0101 jaun\u0101 singl\u0101 \u201cPar e\u0146\u0123eli\u201d pirms gaid\u0101m\u0101s koncertt\u016bres\u00a0\u2014\u00a0Lente.lv"},"content":{"rendered":"<p>Jaunums m\u016bzikas pasaul\u0113: Antra Stafecka, M\u0101rti\u0146\u0161 Kanters un Andris \u0112rglis sadziedas singl\u0101 \u201cPar e\u0146\u0123eli\u201d<\/p>\n<p>Gaidot sv\u0113tku laiku, iem\u012b\u013cotie m\u0101kslinieki Antra Stafecka, M\u0101rti\u0146\u0161 Kanters un Andris \u0112rglis klaus\u012bt\u0101jus priec\u0113 ar jaunu, dv\u0113selisku singlu \u201cPar e\u0146\u0123eli\u201d. \u0160\u012b dziesma ir ne tikai pirmsv\u0113stnesis gaid\u0101majai koncertt\u016brei \u201cZiemassv\u0113tku sirdsbalsis\u201d, bet ar\u012b sirsn\u012bgs aicin\u0101jums ieskat\u012bties sev\u012b un atcer\u0113ties m\u012blest\u012bbas un cer\u012bbas sp\u0113ku, kas sak\u0146ojas b\u0113rn\u012bbas atmi\u0146\u0101s un m\u0101tes nesavt\u012bgaj\u0101 maigum\u0101. Singla izdo\u0161ana notika 2025. gada 3. decembr\u012b.<\/p>\n<p>Dziesmas v\u0113st\u012bjums: t\u012br\u012bba, patiesums un cer\u012bba<\/p>\n<p>Dziesmas \u201cPar e\u0146\u0123eli\u201d autors un producents Ingars Vi\u013cums ar \u0161o ska\u0146darbu pau\u017e dzi\u013cu atzi\u0146u \u2013 ikviens no mums pasaul\u0113 ien\u0101k k\u0101 t\u012brs un neaizskarts, ta\u010du dz\u012bves pieredzes un notikumi m\u016bs iekr\u0101so da\u017e\u0101d\u0101s kr\u0101s\u0101s. \u0160is singls aicina m\u016bs atgriezties pie savas s\u0101kotn\u0113j\u0101s, nemain\u012bg\u0101s paties\u012bbas, kas m\u012bt ikviena sird\u012b. K\u0101 atz\u012bst M\u0101rti\u0146\u0161 Kanters, dziesma ir k\u0101 ce\u013cojums atpaka\u013c uz b\u0113rn\u012bbu, kad m\u0101tes m\u012blest\u012bbas siltums sniedza absol\u016btu dro\u0161\u012bbas un t\u012br\u012bbas saj\u016btu. \u201cZiemassv\u0113tki ir tas laiks, kad mums visvair\u0101k vajag atcer\u0113ties \u0161o s\u0101kotn\u0113jo mieru un tic\u012bbu,\u201d nor\u0101da Kanters. \u201cDziesma \u201cPar e\u0146\u0123eli\u201d run\u0101 tie\u0161i par to \u2013 ka pat tum\u0161\u0101kaj\u0101 laik\u0101 varam atrast savu gai\u0161o mirkli un uzl\u0101d\u0113ties ar to t\u012br\u012bbas un patiesuma saj\u016btu.\u201d<\/p>\n<p>\u0160is dziesmas v\u0113st\u012bjums k\u013c\u016bst \u012bpa\u0161i noz\u012bm\u012bgs tie\u0161i sv\u0113tku laik\u0101, kad gaisma un cer\u012bba ir it k\u0101 v\u0113l jo vair\u0101k gaid\u012bta. M\u0101kslinieki v\u0113las ar dziesmu dal\u012bties ar \u0161o pozit\u012bvo ener\u0123iju un l\u0101di\u0146u ar\u012b savu klaus\u012bt\u0101ju vid\u016b, \u012bpa\u0161i gaid\u0101m\u0101s koncertt\u016bres laik\u0101.<\/p>\n<p>Koncertt\u016bre \u201cZiemassv\u0113tku sirdsbalsis\u201d un t\u0101s gaid\u012b\u0161ana<\/p>\n<p>Singls \u201cPar e\u0146\u0123eli\u201d tapis, gatavojoties pla\u0161ajai koncertt\u016brei \u201cZiemassv\u0113tku sirdsbalsis\u201d, kur\u0101 piedal\u012bsies Antra Stafecka, Andris \u0112rglis un M\u0101rti\u0146\u0161 Kanters. \u0160\u012b tr\u012bs sp\u0113c\u012bgu balsu apvien\u012bba sola rad\u012bt patiesi ener\u0123iskus un neaizmirstamus sv\u0113tku mirk\u013cus. T\u016bres m\u0113r\u0137is ir p\u0101rv\u0113rst sv\u0113tku gaid\u012b\u0161anas laiku kop\u012bg\u0101, cer\u012bbas piln\u0101 notikum\u0101, \u013caujot klaus\u012bt\u0101jiem izbaud\u012bt gan jauno singlu, gan iepriek\u0161\u0113jo gadu iem\u012b\u013cot\u0101s dziesmas.<\/p>\n<p>M\u0101rti\u0146\u0161 Kanters ne tikai piedal\u0101s dzied\u0101t\u0101ju trijniek\u0101, bet ar\u012b uz\u0146emas re\u017eisora un organizatora lomu koncertt\u016bres aizkulis\u0113s, apliecinot savu daudzpus\u012bbu un ieguld\u012bjumu kop\u012bg\u0101 projekta veido\u0161an\u0101. Bi\u013cetes uz \u0161iem gaid\u012btajiem koncertiem jau ir pieejamas.<\/p>\n<p>M\u0101kslinieku sadarb\u012bba un rado\u0161ais potenci\u0101ls<\/p>\n<p>Antra Stafecka, Andris \u0112rglis un M\u0101rti\u0146\u0161 Kanters ir sevi pier\u0101d\u012bju\u0161i k\u0101 talant\u012bgus un klaus\u012bt\u0101ju iem\u012b\u013cotus m\u0101ksliniekus. Vi\u0146u kop\u012bg\u0101s uzst\u0101\u0161an\u0101s un rado\u0161\u0101s apvien\u012bbas vienm\u0113r tiek sagaid\u012btas ar lielu interesi. \u0160is jaunais singls \u201cPar e\u0146\u0123eli\u201d ir k\u0101 apliecin\u0101jums vi\u0146u sp\u0113jai rad\u012bt m\u016bziku, kas skar sirdi un dv\u0113seli, pied\u0101v\u0101jot klaus\u012bt\u0101jiem ne tikai kvalitat\u012bvu dzirdes baud\u012bjumu, bet ar\u012b dzi\u013c\u0101ku emocion\u0101lu pieredzi. Vi\u0146u iepriek\u0161\u0113j\u0101 sadarb\u012bba dziesm\u0101 \u201cSirds ir balss\u201d ar\u012b guva pozit\u012bvu atsauc\u012bbu, liecinot par veiksm\u012bgu rado\u0161o siner\u0123iju.<\/p>\n","protected":false},"excerpt":{"rendered":"Jaunums m\u016bzikas pasaul\u0113: Antra Stafecka, M\u0101rti\u0146\u0161 Kanters un Andris \u0112rglis sadziedas singl\u0101 \u201cPar e\u0146\u0123eli\u201d Gaidot sv\u0113tku laiku, iem\u012b\u013cotie&hellip;\n","protected":false},"author":2,"featured_media":68393,"comment_status":"","ping_status":"","sticky":false,"template":"","format":"standard","meta":{"footnotes":""},"categories":[19],"tags":[1013,13898,89,90,35,39,38,36,37,34,40,2612,17576,17577],"class_list":{"0":"post-68392","1":"post","2":"type-post","3":"status-publish","4":"format-standard","5":"has-post-thumbnail","7":"category-izklaide","8":"tag-andris-erglis","9":"tag-antra-stafecka","10":"tag-entertainment","11":"tag-izklaide","12":"tag-latvia","13":"tag-latvian","14":"tag-latviesu","15":"tag-latviesu-valoda","16":"tag-latviesuvaloda","17":"tag-latvija","18":"tag-lv","19":"tag-martins-kanters","20":"tag-par-engeli","21":"tag-ziemassvetku-sirdsbalsis"},"share_on_mastodon":{"url":"https:\/\/pubeurope.com\/@lv\/115681666203339975","error":""},"_links":{"self":[{"href":"https:\/\/www.europesays.com\/lv\/wp-json\/wp\/v2\/posts\/68392","targetHints":{"allow":["GET"]}}],"collection":[{"href":"https:\/\/www.europesays.com\/lv\/wp-json\/wp\/v2\/posts"}],"about":[{"href":"https:\/\/www.europesays.com\/lv\/wp-json\/wp\/v2\/types\/post"}],"author":[{"embeddable":true,"href":"https:\/\/www.europesays.com\/lv\/wp-json\/wp\/v2\/users\/2"}],"replies":[{"embeddable":true,"href":"https:\/\/www.europesays.com\/lv\/wp-json\/wp\/v2\/comments?post=68392"}],"version-history":[{"count":0,"href":"https:\/\/www.europesays.com\/lv\/wp-json\/wp\/v2\/posts\/68392\/revisions"}],"wp:featuredmedia":[{"embeddable":true,"href":"https:\/\/www.europesays.com\/lv\/wp-json\/wp\/v2\/media\/68393"}],"wp:attachment":[{"href":"https:\/\/www.europesays.com\/lv\/wp-json\/wp\/v2\/media?parent=68392"}],"wp:term":[{"taxonomy":"category","embeddable":true,"href":"https:\/\/www.europesays.com\/lv\/wp-json\/wp\/v2\/categories?post=68392"},{"taxonomy":"post_tag","embeddable":true,"href":"https:\/\/www.europesays.com\/lv\/wp-json\/wp\/v2\/tags?post=68392"}],"curies":[{"name":"wp","href":"https:\/\/api.w.org\/{rel}","templated":true}]}}