{"id":68398,"date":"2025-12-08T02:53:16","date_gmt":"2025-12-08T02:53:16","guid":{"rendered":"https:\/\/www.europesays.com\/lv\/68398\/"},"modified":"2025-12-08T02:53:16","modified_gmt":"2025-12-08T02:53:16","slug":"olga-rajecka-ezisa-kofisopa-prezente-jaunumus-un-liksmo-kopa-ar-kolegiem-lente-lv","status":"publish","type":"post","link":"https:\/\/www.europesays.com\/lv\/68398\/","title":{"rendered":"Olga Rajecka &#8220;Ez\u012b\u0161a kof\u012b\u0161op\u0101&#8221; prezent\u0113 jaunumus un l\u012bksmo kop\u0101 ar kol\u0113\u0123iem\u00a0\u2014\u00a0Lente.lv"},"content":{"rendered":"<p>Olga Rajecka prezent\u0113 jaunumus dz\u012bvesprieka piln\u0101 gaisotn\u0113<\/p>\n<p>Ceturtdien, 4. decembr\u012b, R\u012bg\u0101, Kri\u0161j\u0101\u0146a Barona iel\u0101, m\u0101j\u012bgaj\u0101 &#8220;Ez\u012b\u0161a kof\u012b\u0161op\u0101&#8221; pulc\u0113j\u0101s kupls pulks viesu, lai kl\u0101tien\u0113 iepaz\u012btos ar dzied\u0101t\u0101jas Olgas Rajeckas jaun\u0101kajiem muzik\u0101lajiem darbiem un baud\u012btu sirsn\u012bgu kop\u0101b\u016b\u0161anu.<\/p>\n<p>Pas\u0101kums, kas norisin\u0101j\u0101s **ener\u0123iskas un pozit\u012bvas atmosf\u0113ras** pavad\u012bjum\u0101, k\u013cuva par spilgtu notikumu pa\u0161m\u0101ju \u0161ovbiznesa dz\u012bv\u0113. Olga Rajecka, kura paz\u012bstama ar savu neizsme\u013camo optimismu un m\u012blest\u012bbu pret m\u016bziku, prezent\u0113ja ne tikai jaunumus, bet ar\u012b dal\u012bj\u0101s sav\u0101s saj\u016bt\u0101s un iespaidos ar kl\u0101teso\u0161ajiem kol\u0113\u0123iem un draugiem. Pas\u0101kuma laik\u0101 vald\u012bja \u012bsta sv\u0113tku noska\u0146a, ko papildin\u0101ja kl\u0101teso\u0161o l\u012bksm\u0101 dziesmu un sarunu pl\u016bsma.<\/p>\n<p>Dzirksto\u0161\u0101 ener\u0123ija un jaunrades prieks<\/p>\n<p>Dzied\u0101t\u0101ja, kas savas karjeras laik\u0101 iekarojusi klaus\u012bt\u0101ju sirdis gan ar grup\u0101m &#8220;Eolika&#8221; un &#8220;Turaidas roze&#8221;, gan veiksm\u012bgu solo karjeru, joproj\u0101m ir pilna rado\u0161\u0101s ener\u0123ijas. Vi\u0146as jaunie darbi, kas tika prezent\u0113ti &#8220;Ez\u012b\u0161a kof\u012b\u0161op\u0101&#8221;, ir k\u0101 apliecin\u0101jums tam, ka m\u016bzika sp\u0113j sniegt prieku un iedvesmu neatkar\u012bgi no laika apst\u0101k\u013ciem vai dz\u012bves posma. Olga Rajecka atkl\u0101ja, ka katrs jauns ska\u0146darbs ir k\u0101 maza d\u0101vana klaus\u012bt\u0101jiem, ko vi\u0146a ar prieku pasniedz, cerot rad\u012bt pozit\u012bvas emocijas un atst\u0101t spilgtu iespaidu.<\/p>\n<p>Pas\u0101kuma norises vieta, &#8220;Ez\u012b\u0161a kof\u012b\u0161ops&#8221;, ir k\u013cuvusi par iecien\u012btu tik\u0161an\u0101s vietu gan rado\u0161iem cilv\u0113kiem, gan vienk\u0101r\u0161i kafijas un omul\u012bgas atmosf\u0113ras baud\u012bt\u0101jiem. \u0160\u012b kafejn\u012bca, kas paz\u012bstama ar savu unik\u0101lo dizainu un draudz\u012bgo apkalpo\u0161anu, nodro\u0161in\u0101ja lielisku fonu Olgas Rajeckas jaunumu prezent\u0101cijai, \u013caujot viesiem justies omul\u012bgi un atrais\u012bti.<\/p>\n<p>Kop\u012bbas saj\u016bta un kol\u0113\u0123u atbalsts<\/p>\n<p>Olgas Rajeckas jaunumu prezent\u0101cijas pas\u0101kums neb\u016btu piln\u012bgs bez vi\u0146as kol\u0113\u0123u un draugu kl\u0101tb\u016btnes. K\u0101 jau ierasts, dzied\u0101t\u0101ju atbalst\u012bja daudzi sabiedr\u012bb\u0101 zin\u0101mi cilv\u0113ki, kuri ne tikai apsveica m\u0101kslinieci ar jaunajiem darbiem, bet ar\u012b akt\u012bvi iesaist\u012bj\u0101s kop\u012bgaj\u0101s aktivit\u0101t\u0113s. \u0160\u0101di pas\u0101kumi apliecina, cik svar\u012bga ir sabiedrisko attiec\u012bbu veido\u0161ana un savstarp\u0113jais atbalsts m\u0101kslas pasaul\u0113, radot saj\u016btu, ka esi da\u013ca no lielas un draudz\u012bgas saimes.<\/p>\n<p>\u201cKad sird\u012b ir rado\u0161ums un v\u0113lme dal\u012bties, tad laiks \u0161\u0137iet vienaldz\u012bgs. Katra dziesma ir st\u0101sts, kuru v\u0113los nodot saviem klaus\u012bt\u0101jiem, radot vi\u0146iem prieku un iedvesmu,\u201d sav\u0101s saj\u016bt\u0101s dal\u012bj\u0101s dzied\u0101t\u0101ja, uzsverot, ka m\u016bzika ir vi\u0146as dz\u012bves neat\u0146emama sast\u0101vda\u013ca un liel\u0101kais prieks.<\/p>\n<p>Pas\u0101kuma nosl\u0113gum\u0101 visi kl\u0101teso\u0161ie baud\u012bja neform\u0101las sarunas, baudot &#8220;Ez\u012b\u0161a kof\u012b\u0161opa&#8221; pied\u0101v\u0101tos labumus un kop\u012bgi dziedot Olgas Rajeckas popul\u0101r\u0101k\u0101s dziesmas, t\u0101d\u0113j\u0101di apliecinot, ka m\u016bzika patie\u0161\u0101m sp\u0113j vienot cilv\u0113kus un rad\u012bt neaizmirstamas atmi\u0146as.<\/p>\n","protected":false},"excerpt":{"rendered":"Olga Rajecka prezent\u0113 jaunumus dz\u012bvesprieka piln\u0101 gaisotn\u0113 Ceturtdien, 4. decembr\u012b, R\u012bg\u0101, Kri\u0161j\u0101\u0146a Barona iel\u0101, m\u0101j\u012bgaj\u0101 &#8220;Ez\u012b\u0161a kof\u012b\u0161op\u0101&#8221; pulc\u0113j\u0101s&hellip;\n","protected":false},"author":2,"featured_media":68399,"comment_status":"","ping_status":"","sticky":false,"template":"","format":"standard","meta":{"footnotes":""},"categories":[19],"tags":[89,17579,90,35,39,38,36,37,34,40,2762,11585,9036,17580],"class_list":{"0":"post-68398","1":"post","2":"type-post","3":"status-publish","4":"format-standard","5":"has-post-thumbnail","7":"category-izklaide","8":"tag-entertainment","9":"tag-ezisa-kofisops","10":"tag-izklaide","11":"tag-latvia","12":"tag-latvian","13":"tag-latviesu","14":"tag-latviesu-valoda","15":"tag-latviesuvaloda","16":"tag-latvija","17":"tag-lv","18":"tag-muzikas-jaunumi","19":"tag-olga-rajecka","20":"tag-pasakumi-riga","21":"tag-pasmaju-muzika"},"share_on_mastodon":{"url":"https:\/\/pubeurope.com\/@lv\/115681689829333650","error":""},"_links":{"self":[{"href":"https:\/\/www.europesays.com\/lv\/wp-json\/wp\/v2\/posts\/68398","targetHints":{"allow":["GET"]}}],"collection":[{"href":"https:\/\/www.europesays.com\/lv\/wp-json\/wp\/v2\/posts"}],"about":[{"href":"https:\/\/www.europesays.com\/lv\/wp-json\/wp\/v2\/types\/post"}],"author":[{"embeddable":true,"href":"https:\/\/www.europesays.com\/lv\/wp-json\/wp\/v2\/users\/2"}],"replies":[{"embeddable":true,"href":"https:\/\/www.europesays.com\/lv\/wp-json\/wp\/v2\/comments?post=68398"}],"version-history":[{"count":0,"href":"https:\/\/www.europesays.com\/lv\/wp-json\/wp\/v2\/posts\/68398\/revisions"}],"wp:featuredmedia":[{"embeddable":true,"href":"https:\/\/www.europesays.com\/lv\/wp-json\/wp\/v2\/media\/68399"}],"wp:attachment":[{"href":"https:\/\/www.europesays.com\/lv\/wp-json\/wp\/v2\/media?parent=68398"}],"wp:term":[{"taxonomy":"category","embeddable":true,"href":"https:\/\/www.europesays.com\/lv\/wp-json\/wp\/v2\/categories?post=68398"},{"taxonomy":"post_tag","embeddable":true,"href":"https:\/\/www.europesays.com\/lv\/wp-json\/wp\/v2\/tags?post=68398"}],"curies":[{"name":"wp","href":"https:\/\/api.w.org\/{rel}","templated":true}]}}