{"id":68436,"date":"2025-12-08T04:50:10","date_gmt":"2025-12-08T04:50:10","guid":{"rendered":"https:\/\/www.europesays.com\/lv\/68436\/"},"modified":"2025-12-08T04:50:10","modified_gmt":"2025-12-08T04:50:10","slug":"teksta-tiesraide-krievijas-kars-ukraina-krievijai-patik-jauna-asv-drosibas-strategija-trampa-versija","status":"publish","type":"post","link":"https:\/\/www.europesays.com\/lv\/68436\/","title":{"rendered":"TEKSTA TIE\u0160RAIDE. Krievijas kar\u0161 Ukrain\u0101: Krievijai pat\u012bk jaun\u0101 ASV dro\u0161\u012bbas strat\u0113\u0123ija Trampa versij\u0101"},"content":{"rendered":"<p>Krievijas sp\u0113ka strukt\u016bras un juristi str\u0101d\u0101 pie \u201cNirnbergas tribun\u0101la\u201d analoga izveides, kur\u0101 aps\u016bdz\u0113to lom\u0101 b\u016b\u0161ot Ukrainas karav\u012bri, pazi\u0146ojis biju\u0161ais Krievijas premjerministrs, Krievijas Juristu asoci\u0101cijas priek\u0161s\u0113d\u0113t\u0101js Sergejs Stepa\u0161ins. \u201cPa\u0161laik m\u0113s pie t\u0101 str\u0101d\u0101jam. Juristu asoci\u0101cija, protams, Izmekl\u0113\u0161anas komiteja, prokurat\u016bra, jo ir noziegumi. It \u012bpa\u0161i tas, kas notika Kurskas apgabal\u0101. Vienk\u0101r\u0161i slepkavas un sadisti. Tur nav nek\u0101du jaut\u0101jumu,\u201d vi\u0146\u0161 pazi\u0146oja.<\/p>\n","protected":false},"excerpt":{"rendered":"Krievijas sp\u0113ka strukt\u016bras un juristi str\u0101d\u0101 pie \u201cNirnbergas tribun\u0101la\u201d analoga izveides, kur\u0101 aps\u016bdz\u0113to lom\u0101 b\u016b\u0161ot Ukrainas karav\u012bri, pazi\u0146ojis&hellip;\n","protected":false},"author":2,"featured_media":68437,"comment_status":"","ping_status":"","sticky":false,"template":"","format":"standard","meta":{"footnotes":""},"categories":[14],"tags":[23,57,28,29,32,33,22,30,31,35,39,38,36,37,34,40,20,26,27,24,25,54,55,56,21,58],"class_list":{"0":"post-68436","1":"post","2":"type-post","3":"status-publish","4":"format-standard","5":"has-post-thumbnail","7":"category-zinas-no-arvalstim","8":"tag-aktualitates","9":"tag-arvalstim","10":"tag-breaking-news","11":"tag-breakingnews","12":"tag-featured-news","13":"tag-featurednews","14":"tag-headlines","15":"tag-latest-news","16":"tag-latestnews","17":"tag-latvia","18":"tag-latvian","19":"tag-latviesu","20":"tag-latviesu-valoda","21":"tag-latviesuvaloda","22":"tag-latvija","23":"tag-lv","24":"tag-news","25":"tag-popularakas-zinas","26":"tag-popularakaszinas","27":"tag-top-stories","28":"tag-topstories","29":"tag-world","30":"tag-world-news","31":"tag-worldnews","32":"tag-zinas","33":"tag-zinas-no-arvalstim"},"share_on_mastodon":{"url":"https:\/\/pubeurope.com\/@lv\/115682149955076366","error":""},"_links":{"self":[{"href":"https:\/\/www.europesays.com\/lv\/wp-json\/wp\/v2\/posts\/68436","targetHints":{"allow":["GET"]}}],"collection":[{"href":"https:\/\/www.europesays.com\/lv\/wp-json\/wp\/v2\/posts"}],"about":[{"href":"https:\/\/www.europesays.com\/lv\/wp-json\/wp\/v2\/types\/post"}],"author":[{"embeddable":true,"href":"https:\/\/www.europesays.com\/lv\/wp-json\/wp\/v2\/users\/2"}],"replies":[{"embeddable":true,"href":"https:\/\/www.europesays.com\/lv\/wp-json\/wp\/v2\/comments?post=68436"}],"version-history":[{"count":0,"href":"https:\/\/www.europesays.com\/lv\/wp-json\/wp\/v2\/posts\/68436\/revisions"}],"wp:featuredmedia":[{"embeddable":true,"href":"https:\/\/www.europesays.com\/lv\/wp-json\/wp\/v2\/media\/68437"}],"wp:attachment":[{"href":"https:\/\/www.europesays.com\/lv\/wp-json\/wp\/v2\/media?parent=68436"}],"wp:term":[{"taxonomy":"category","embeddable":true,"href":"https:\/\/www.europesays.com\/lv\/wp-json\/wp\/v2\/categories?post=68436"},{"taxonomy":"post_tag","embeddable":true,"href":"https:\/\/www.europesays.com\/lv\/wp-json\/wp\/v2\/tags?post=68436"}],"curies":[{"name":"wp","href":"https:\/\/api.w.org\/{rel}","templated":true}]}}