{"id":68453,"date":"2025-12-08T05:09:08","date_gmt":"2025-12-08T05:09:08","guid":{"rendered":"https:\/\/www.europesays.com\/lv\/68453\/"},"modified":"2025-12-08T05:09:08","modified_gmt":"2025-12-08T05:09:08","slug":"pirmdien-vietam-nedaudz-lis-diena","status":"publish","type":"post","link":"https:\/\/www.europesays.com\/lv\/68453\/","title":{"rendered":"Pirmdien viet\u0101m nedaudz l\u012bs \/ Diena"},"content":{"rendered":"<p>P\u016bt\u012bs m\u0113rens dienvidu v\u0113j\u0161, t\u0101 \u0101trums br\u0101zm\u0101s valsts rietumu un centr\u0101laj\u0101 da\u013c\u0101 sasniegs 9-13 metrus sekund\u0113.<\/p>\n<p>&#13;<br \/>\n&#13;<\/p>\n<p>Gaisa temperat\u016bra b\u016bs 0..+5 gr\u0101di, vakar\u0101 Kurzem\u0113 l\u012bdz +8 gr\u0101diem.<\/p>\n<p>&#13;<br \/>\n&#13;<\/p>\n<p>R\u012bg\u0101 darba ned\u0113\u013cas pirm\u0101 diena b\u016bs apm\u0101kusies, br\u012b\u017eiem nedaudz l\u012bs, v\u0113j\u0161 m\u0113reni p\u016bt\u012bs no dienvidiem. Gaisa temperat\u016bra pak\u0101psies l\u012bdz +3..+4 gr\u0101diem.<\/p>\n<p>&#13;<br \/>\n&#13;<\/p>\n<p>Krievij\u0101 atrodas anticiklons, Eiropas zieme\u013crietumos &#8211; ciklons. Atmosf\u0113ras spiediens j\u016bras l\u012bmen\u012b no 1013 hektopask\u0101liem Latvijas rietumos l\u012bdz 1020 hektopask\u0101liem Latgal\u0113.<\/p>\n<p>&#13;<\/p>\n","protected":false},"excerpt":{"rendered":"P\u016bt\u012bs m\u0113rens dienvidu v\u0113j\u0161, t\u0101 \u0101trums br\u0101zm\u0101s valsts rietumu un centr\u0101laj\u0101 da\u013c\u0101 sasniegs 9-13 metrus sekund\u0113. &#13; &#13;&hellip;\n","protected":false},"author":2,"featured_media":68454,"comment_status":"","ping_status":"","sticky":false,"template":"","format":"standard","meta":{"footnotes":""},"categories":[12],"tags":[23,28,29,32,33,22,30,31,35,39,38,36,37,34,40,20,26,27,24,25,21],"class_list":{"0":"post-68453","1":"post","2":"type-post","3":"status-publish","4":"format-standard","5":"has-post-thumbnail","7":"category-latvija","8":"tag-aktualitates","9":"tag-breaking-news","10":"tag-breakingnews","11":"tag-featured-news","12":"tag-featurednews","13":"tag-headlines","14":"tag-latest-news","15":"tag-latestnews","16":"tag-latvia","17":"tag-latvian","18":"tag-latviesu","19":"tag-latviesu-valoda","20":"tag-latviesuvaloda","21":"tag-latvija","22":"tag-lv","23":"tag-news","24":"tag-popularakas-zinas","25":"tag-popularakaszinas","26":"tag-top-stories","27":"tag-topstories","28":"tag-zinas"},"share_on_mastodon":{"url":"https:\/\/pubeurope.com\/@lv\/115682224859208216","error":""},"_links":{"self":[{"href":"https:\/\/www.europesays.com\/lv\/wp-json\/wp\/v2\/posts\/68453","targetHints":{"allow":["GET"]}}],"collection":[{"href":"https:\/\/www.europesays.com\/lv\/wp-json\/wp\/v2\/posts"}],"about":[{"href":"https:\/\/www.europesays.com\/lv\/wp-json\/wp\/v2\/types\/post"}],"author":[{"embeddable":true,"href":"https:\/\/www.europesays.com\/lv\/wp-json\/wp\/v2\/users\/2"}],"replies":[{"embeddable":true,"href":"https:\/\/www.europesays.com\/lv\/wp-json\/wp\/v2\/comments?post=68453"}],"version-history":[{"count":0,"href":"https:\/\/www.europesays.com\/lv\/wp-json\/wp\/v2\/posts\/68453\/revisions"}],"wp:featuredmedia":[{"embeddable":true,"href":"https:\/\/www.europesays.com\/lv\/wp-json\/wp\/v2\/media\/68454"}],"wp:attachment":[{"href":"https:\/\/www.europesays.com\/lv\/wp-json\/wp\/v2\/media?parent=68453"}],"wp:term":[{"taxonomy":"category","embeddable":true,"href":"https:\/\/www.europesays.com\/lv\/wp-json\/wp\/v2\/categories?post=68453"},{"taxonomy":"post_tag","embeddable":true,"href":"https:\/\/www.europesays.com\/lv\/wp-json\/wp\/v2\/tags?post=68453"}],"curies":[{"name":"wp","href":"https:\/\/api.w.org\/{rel}","templated":true}]}}