{"id":68457,"date":"2025-12-08T05:14:08","date_gmt":"2025-12-08T05:14:08","guid":{"rendered":"https:\/\/www.europesays.com\/lv\/68457\/"},"modified":"2025-12-08T05:14:08","modified_gmt":"2025-12-08T05:14:08","slug":"starmers-makrons-un-mercs-tiksies-ar-zelenski-londona-diena","status":"publish","type":"post","link":"https:\/\/www.europesays.com\/lv\/68457\/","title":{"rendered":"St\u0101rmers, Makrons un Mercs tiksies ar Zelenski London\u0101 \/ Diena"},"content":{"rendered":"<p>Sagaid\u0101ms, ka tik\u0161an\u0101s, kur\u0101 piedal\u012bsies ar\u012b Francijas prezidents Emanuels Makrons un V\u0101cijas kanclers Fr\u012bdrihs Mercs, b\u016bs velt\u012bta tam, k\u0101 rea\u0123\u0113t uz ASV priek\u0161likumiem izbeigt karu ar Krieviju.<\/p>\n<p>&#13;<br \/>\n&#13;<\/p>\n<p>Ned\u0113\u013cas nogal\u0113 Zelenskis pazi\u0146oja, ka ar ASV prezidenta Donalda Trampa padomniekiem ir p\u0101rrun\u0101jis n\u0101kamos so\u013cus un ir ap\u0146\u0113m\u012bbas pilns turpin\u0101t str\u0101d\u0101t lab\u0101 tic\u012bb\u0101.<\/p>\n<p>&#13;<br \/>\n&#13;<\/p>\n<blockquote><p>&#13;<\/p>\n<p>Ta\u010du sarunu dal\u012bbnieki ar\u012b atzina, ka jebkur\u0161 re\u0101ls progress b\u016bs atkar\u012bgs no Krievijas gatav\u012bbas izr\u0101d\u012bt nopietnu ap\u0146em\u0161anos pan\u0101kt ilgtermi\u0146a mieru.<\/p>\n<p>&#13;\n<\/p><\/blockquote>\n<p>&#13;<br \/>\n&#13;<\/p>\n<p>St\u0101rmers ir vair\u0101kk\u0101rt teicis, ka Ukrainai j\u0101\u013cauj pa\u0161ai noteikt savu n\u0101kotni, savuk\u0101rt viens no britu ministriem sv\u0113tdien sac\u012bja, ka valsti nedr\u012bkst atst\u0101t bezzobainu Krievijas agresijas priek\u0161\u0101.<\/p>\n<p>&#13;<br \/>\n&#13;<\/p>\n<p>Ta\u010du Krievija vair\u0101kk\u0101rt ir noraid\u012bjusi iesp\u0113ju, ka Ukrain\u0101 var\u0113tu izvietot sabiedroto karasp\u0113ku, un turpina piepras\u012bt apmai\u0146\u0101 pret mieru pla\u0161as Ukrainas teritorijas da\u013cas.<\/p>\n<p>&#13;<br \/>\n&#13;<\/p>\n<p>\u00a0<\/p>\n<p>&#13;<\/p>\n","protected":false},"excerpt":{"rendered":"Sagaid\u0101ms, ka tik\u0161an\u0101s, kur\u0101 piedal\u012bsies ar\u012b Francijas prezidents Emanuels Makrons un V\u0101cijas kanclers Fr\u012bdrihs Mercs, b\u016bs velt\u012bta tam,&hellip;\n","protected":false},"author":2,"featured_media":68458,"comment_status":"","ping_status":"","sticky":false,"template":"","format":"standard","meta":{"footnotes":""},"categories":[14],"tags":[23,57,28,29,32,33,22,30,31,35,39,38,36,37,34,40,20,26,27,24,25,54,55,56,21,58],"class_list":{"0":"post-68457","1":"post","2":"type-post","3":"status-publish","4":"format-standard","5":"has-post-thumbnail","7":"category-zinas-no-arvalstim","8":"tag-aktualitates","9":"tag-arvalstim","10":"tag-breaking-news","11":"tag-breakingnews","12":"tag-featured-news","13":"tag-featurednews","14":"tag-headlines","15":"tag-latest-news","16":"tag-latestnews","17":"tag-latvia","18":"tag-latvian","19":"tag-latviesu","20":"tag-latviesu-valoda","21":"tag-latviesuvaloda","22":"tag-latvija","23":"tag-lv","24":"tag-news","25":"tag-popularakas-zinas","26":"tag-popularakaszinas","27":"tag-top-stories","28":"tag-topstories","29":"tag-world","30":"tag-world-news","31":"tag-worldnews","32":"tag-zinas","33":"tag-zinas-no-arvalstim"},"share_on_mastodon":{"url":"https:\/\/pubeurope.com\/@lv\/115682244288688472","error":""},"_links":{"self":[{"href":"https:\/\/www.europesays.com\/lv\/wp-json\/wp\/v2\/posts\/68457","targetHints":{"allow":["GET"]}}],"collection":[{"href":"https:\/\/www.europesays.com\/lv\/wp-json\/wp\/v2\/posts"}],"about":[{"href":"https:\/\/www.europesays.com\/lv\/wp-json\/wp\/v2\/types\/post"}],"author":[{"embeddable":true,"href":"https:\/\/www.europesays.com\/lv\/wp-json\/wp\/v2\/users\/2"}],"replies":[{"embeddable":true,"href":"https:\/\/www.europesays.com\/lv\/wp-json\/wp\/v2\/comments?post=68457"}],"version-history":[{"count":0,"href":"https:\/\/www.europesays.com\/lv\/wp-json\/wp\/v2\/posts\/68457\/revisions"}],"wp:featuredmedia":[{"embeddable":true,"href":"https:\/\/www.europesays.com\/lv\/wp-json\/wp\/v2\/media\/68458"}],"wp:attachment":[{"href":"https:\/\/www.europesays.com\/lv\/wp-json\/wp\/v2\/media?parent=68457"}],"wp:term":[{"taxonomy":"category","embeddable":true,"href":"https:\/\/www.europesays.com\/lv\/wp-json\/wp\/v2\/categories?post=68457"},{"taxonomy":"post_tag","embeddable":true,"href":"https:\/\/www.europesays.com\/lv\/wp-json\/wp\/v2\/tags?post=68457"}],"curies":[{"name":"wp","href":"https:\/\/api.w.org\/{rel}","templated":true}]}}