{"id":68471,"date":"2025-12-08T05:28:08","date_gmt":"2025-12-08T05:28:08","guid":{"rendered":"https:\/\/www.europesays.com\/lv\/68471\/"},"modified":"2025-12-08T05:28:08","modified_gmt":"2025-12-08T05:28:08","slug":"jelgava-decembra-vidu-notiks-konference-par-latvijas-lauksaimniecibas-nakotni-un-ilgtspeju","status":"publish","type":"post","link":"https:\/\/www.europesays.com\/lv\/68471\/","title":{"rendered":"Jelgav\u0101 decembra vid\u016b notiks konference par Latvijas lauksaimniec\u012bbas n\u0101kotni un ilgtsp\u0113ju"},"content":{"rendered":"<p>                        <img fetchpriority=\"high\" decoding=\"async\" width=\"1024\" height=\"678\" src=\"https:\/\/www.europesays.com\/lv\/wp-content\/uploads\/2025\/12\/zalumi_Shutterstock-1024x678.jpg\" alt=\"\" class=\"wp-image-1086362\"  \/>Ilustrat\u012bvs att\u0113ls no Shutterstock.com<\/p>\n<p>Zemkop\u012bbas ministrija (ZM) un Latvijas Lauku konsult\u0101ciju un izgl\u012bt\u012bbas centrs (LLKC) Jelgav\u0101 \u0161ogad 17. decembr\u012b r\u012bkos re\u0123ion\u0101lo konferenci \u201cCe\u013c\u0101 uz veselu laukSaimniec\u012bbu\u201d par Latvijas lauksaimniec\u012bbas n\u0101kotni un ilgtsp\u0113ju, a\u0123ent\u016bru LETA inform\u0113ja Zemkop\u012bbas ministrij\u0101 (ZM).<\/p>\n<p>Konference notiks 17. decembr\u012b plkst. 10 AS \u201cLatvijas valsts me\u017ei\u201d (LVM) Zemgales re\u0123iona klientu centr\u0101, Loka ma\u0123istr\u0101l\u0113.<\/p>\n<p>Konferenc\u0113 piedal\u012bsies zemkop\u012bbas ministrs Armands Krauze (ZZS), ZM, LLKC un nozares eksperti. Pas\u0101kum\u0101 pl\u0101notas dal\u012bbnieku diskusijas par l\u0113mumu pie\u0146em\u0161anu gan nacion\u0101l\u0101, gan saimniec\u012bbu l\u012bmen\u012b.<\/p>\n<p>Konferenc\u0113 ZM valsts sekret\u0101ra vietniece nozaru politikas un tirgus jaut\u0101jumos Liene Jansone prezent\u0113s Latvijas lauksaimniec\u012bbas pa\u0161reiz\u0113jo st\u0101vokli un Lauksaimniec\u012bbas izaugsmes pl\u0101nu, Latvijas Apvienot\u0101s putnkop\u012bbas nozares asoci\u0101cijas valdes priek\u0161s\u0113d\u0113t\u0101js J\u0101nis Gaigals st\u0101st\u012bs par nozares strat\u0113\u0123iju noz\u012bmi putnkop\u012bb\u0101, LLKC valdes priek\u0161s\u0113d\u0113t\u0101js past\u0101st\u012bs par veselas saimniec\u012bbas pamatelementiem, k\u0101 ar\u012b pas\u0101kum\u0101 uzst\u0101sies citi nozares eksperti.<\/p>\n<p>Savuk\u0101rt diskusij\u0101s pl\u0101nots apspriest lauksaimniec\u012bbas izaugsmes pl\u0101na \u012bsteno\u0161anu un veselas saimniec\u012bbas formulu.<\/p>\n","protected":false},"excerpt":{"rendered":"Ilustrat\u012bvs att\u0113ls no Shutterstock.com Zemkop\u012bbas ministrija (ZM) un Latvijas Lauku konsult\u0101ciju un izgl\u012bt\u012bbas centrs (LLKC) Jelgav\u0101 \u0161ogad 17.&hellip;\n","protected":false},"author":2,"featured_media":68472,"comment_status":"","ping_status":"","sticky":false,"template":"","format":"standard","meta":{"footnotes":""},"categories":[5],"tags":[23,28,29,32,33,22,30,31,35,39,38,36,37,34,40,20,26,27,24,25,21],"class_list":{"0":"post-68471","1":"post","2":"type-post","3":"status-publish","4":"format-standard","5":"has-post-thumbnail","7":"category-aktualitates","8":"tag-aktualitates","9":"tag-breaking-news","10":"tag-breakingnews","11":"tag-featured-news","12":"tag-featurednews","13":"tag-headlines","14":"tag-latest-news","15":"tag-latestnews","16":"tag-latvia","17":"tag-latvian","18":"tag-latviesu","19":"tag-latviesu-valoda","20":"tag-latviesuvaloda","21":"tag-latvija","22":"tag-lv","23":"tag-news","24":"tag-popularakas-zinas","25":"tag-popularakaszinas","26":"tag-top-stories","27":"tag-topstories","28":"tag-zinas"},"share_on_mastodon":{"url":"https:\/\/pubeurope.com\/@lv\/115682299500555271","error":""},"_links":{"self":[{"href":"https:\/\/www.europesays.com\/lv\/wp-json\/wp\/v2\/posts\/68471","targetHints":{"allow":["GET"]}}],"collection":[{"href":"https:\/\/www.europesays.com\/lv\/wp-json\/wp\/v2\/posts"}],"about":[{"href":"https:\/\/www.europesays.com\/lv\/wp-json\/wp\/v2\/types\/post"}],"author":[{"embeddable":true,"href":"https:\/\/www.europesays.com\/lv\/wp-json\/wp\/v2\/users\/2"}],"replies":[{"embeddable":true,"href":"https:\/\/www.europesays.com\/lv\/wp-json\/wp\/v2\/comments?post=68471"}],"version-history":[{"count":0,"href":"https:\/\/www.europesays.com\/lv\/wp-json\/wp\/v2\/posts\/68471\/revisions"}],"wp:featuredmedia":[{"embeddable":true,"href":"https:\/\/www.europesays.com\/lv\/wp-json\/wp\/v2\/media\/68472"}],"wp:attachment":[{"href":"https:\/\/www.europesays.com\/lv\/wp-json\/wp\/v2\/media?parent=68471"}],"wp:term":[{"taxonomy":"category","embeddable":true,"href":"https:\/\/www.europesays.com\/lv\/wp-json\/wp\/v2\/categories?post=68471"},{"taxonomy":"post_tag","embeddable":true,"href":"https:\/\/www.europesays.com\/lv\/wp-json\/wp\/v2\/tags?post=68471"}],"curies":[{"name":"wp","href":"https:\/\/api.w.org\/{rel}","templated":true}]}}