{"id":68479,"date":"2025-12-08T05:41:12","date_gmt":"2025-12-08T05:41:12","guid":{"rendered":"https:\/\/www.europesays.com\/lv\/68479\/"},"modified":"2025-12-08T05:41:12","modified_gmt":"2025-12-08T05:41:12","slug":"ka-pucejas-latvijas-teatru-damas-terpi-no-francijas-un-norvegijas-un-kleita-ar-plankuminu-santa","status":"publish","type":"post","link":"https:\/\/www.europesays.com\/lv\/68479\/","title":{"rendered":"K\u0101 puc\u0113j\u0101s Latvijas te\u0101tru d\u0101mas. T\u0113rpi no Francijas un Norv\u0113\u0123ijas, un kleita ar plankumi\u0146u! \u2014 Santa"},"content":{"rendered":"<p>\t\t\t\tVeiksmes kleita par baltu velti<\/p>\n<p>        <a href=\"https:\/\/www.europesays.com\/lv\/wp-content\/uploads\/2025\/12\/1a9a1fc55fca.jpg\"><img decoding=\"async\" alt=\"Elizabete Milta.\" class=\"no-convert\" src=\"https:\/\/www.europesays.com\/lv\/wp-content\/uploads\/2025\/12\/1a9a1fc55fca.jpg\"\/><\/a><\/p>\n<p> Foto: Picture Agency<\/p>\n<p>Elizabete Milta.<\/p>\n<p>\u00a0<\/p>\n<p>Gada jaun\u0101 skatuves m\u0101kslinieka balvu \u0161ogad ieguva\u00a0 Valmieras Dr\u0101mas te\u0101tra aktrise Elizabete Milta. Uz ceremoniju vi\u0146a bija saposusies kr\u0113mkr\u0101sas minikleiti\u0146\u0101, kuras apak\u0161mala bija rot\u0101ta ar auduma roz\u0113m. T\u0113rpam vi\u0146a bija pieska\u0146ojusi t\u0101da pa\u0161a auduma kaklarotu. \u00ab\u0160o kleitu par 15 eiro ieg\u0101d\u0101jos lietotn\u0113 Andele Mandele. Kad t\u0113rpu jau biju sa\u0146\u0113musi, sieviete, no kuras to pirku, atskait\u012bja man naudu atpaka\u013c, jo uz kleitas esot plankums. T\u0101 es pie t\u0101s tiku bez maksas. Uz Sp\u0113lma\u0146u nakts ceremoniju s\u0101kotn\u0113ji to nebiju pl\u0101nojusi vilkt, ta\u010du priec\u0101jos, ka tom\u0113r p\u0101rdom\u0101ju, jo \u0161\u012b kleita man nesa veiksmi \u2013 dab\u016bju balvu,\u00bb priec\u0101jas Elizabete.<\/p>\n<p>Glu\u017ei k\u0101 franc\u016bziete<\/p>\n<p>        <a href=\"https:\/\/www.europesays.com\/lv\/wp-content\/uploads\/2025\/12\/e22703462331.jpg\"><img decoding=\"async\" alt=\"LAURA.\" class=\"no-convert\" src=\"https:\/\/www.europesays.com\/lv\/wp-content\/uploads\/2025\/12\/e22703462331.jpg\"\/><\/a><\/p>\n<p> Foto: Picture Agency<\/p>\n<p>LAURA.<\/p>\n<p>\u00a0<\/p>\n<p>Mihaila \u010cehova R\u012bgas Krievu te\u0101tra m\u0101ksliniecisko projektu vad\u012bt\u0101ja re\u017eisore LAURA pas\u0101kum\u0101 bija ieradusies stil\u012bg\u0101 asimetrisk\u0101 kr\u0113mkr\u0101sas kleit\u0101. \u00abPirms trim gadiem to atlai\u017eu laik\u0101 par 300 eiro nopirku Par\u012bz\u0113. \u0160\u012b ir pirm\u0101 reize, kad to uzvelku,\u00bb atkl\u0101j re\u017eisore. Kopt\u0113lu vi\u0146a papildin\u0101ja ar elegantu un daudzfunkcion\u0101lu latvie\u0161u dizaineres Ketas G\u016btmanes rad\u012btu \u017eaketi.<\/p>\n<p>\u0112rti un stil\u012bgi<\/p>\n<p>        <a href=\"https:\/\/www.europesays.com\/lv\/wp-content\/uploads\/2025\/12\/dc5d99aeafe2.jpg\"><img decoding=\"async\" alt=\"Katr\u012bna Neiburga.\" class=\"no-convert\" src=\"https:\/\/www.europesays.com\/lv\/wp-content\/uploads\/2025\/12\/dc5d99aeafe2.jpg\"\/><\/a><\/p>\n<p> Foto: Picture Agency<\/p>\n<p>Katr\u012bna Neiburga.<\/p>\n<p>\u00a0<\/p>\n<p>Par kr\u0101\u0161\u0146aj\u0101m videoprojekcij\u0101m \u010cehova te\u0101tra izr\u0101dei L\u0113dija Makbeta m\u0101ksliniece Katr\u012bna Neiburga ieguva Gada video m\u0101kslinieces balvu. \u00abUz balvu pasnieg\u0161anas ceremoniju nol\u0113mu vilkt t\u0113rpu, kur\u0101 j\u016btos vis\u0113rt\u0101k. To noskat\u012bju \u0101rzem\u0113s, un p\u0113c mana pas\u016bt\u012bjuma man to nopirka,\u00bb atkl\u0101j Katr\u012bna. K\u0101j\u0101s vi\u0146ai bija stil\u012bgi z\u0101baci\u0146i, kas \u0161\u016bti p\u0113c pas\u016bt\u012bjuma. \u00abTas ir manas iem\u012b\u013cot\u0101s v\u0101cu firmas Trippen ra\u017eojums,\u00bb atkl\u0101j m\u0101ksliniece. Neiburgas aus\u012bs bija auskari sudraba lapi\u0146u veidol\u0101. \u00abNesen biju Meksik\u0101, kur ieg\u0101d\u0101jos veselu kaudzi ar rotasliet\u0101m, ar\u012b \u0161os auskarus.\u00bb<\/p>\n<p>Demokr\u0101tiski un svin\u012bgi<\/p>\n<p>        <a href=\"https:\/\/www.europesays.com\/lv\/wp-content\/uploads\/2025\/12\/a921e175b9f7.jpg\"><img decoding=\"async\" alt=\"Veronika Plot\u0146ikova.\" class=\"no-convert\" src=\"https:\/\/www.europesays.com\/lv\/wp-content\/uploads\/2025\/12\/a921e175b9f7.jpg\"\/><\/a><\/p>\n<p> Foto: Picture Agency<\/p>\n<p>Veronika Plot\u0146ikova.<\/p>\n<p>\u00a0<\/p>\n<p>Mihaila \u010cehova R\u012bgas Krievu te\u0101tra aktrise Veronika Plot\u0146ikova, kas par galveno lomu izr\u0101d\u0113 L\u0113dija Makbeta pretend\u0113ja uz Gada aktrises titulu iecien\u012bjusi z\u012bmolu Zara. Gan asimetrisk\u0101 bl\u016bze, gan apavi ieg\u0101d\u0101ti tie\u0161i \u0161\u012b z\u012bmola veikal\u0101.<\/p>\n","protected":false},"excerpt":{"rendered":"Veiksmes kleita par baltu velti Foto: Picture Agency Elizabete Milta. \u00a0 Gada jaun\u0101 skatuves m\u0101kslinieka balvu \u0161ogad ieguva\u00a0&hellip;\n","protected":false},"author":2,"featured_media":68480,"comment_status":"","ping_status":"","sticky":false,"template":"","format":"standard","meta":{"footnotes":""},"categories":[19],"tags":[89,90,35,39,38,36,37,34,40],"class_list":{"0":"post-68479","1":"post","2":"type-post","3":"status-publish","4":"format-standard","5":"has-post-thumbnail","7":"category-izklaide","8":"tag-entertainment","9":"tag-izklaide","10":"tag-latvia","11":"tag-latvian","12":"tag-latviesu","13":"tag-latviesu-valoda","14":"tag-latviesuvaloda","15":"tag-latvija","16":"tag-lv"},"share_on_mastodon":{"url":"https:\/\/pubeurope.com\/@lv\/115682350558498715","error":""},"_links":{"self":[{"href":"https:\/\/www.europesays.com\/lv\/wp-json\/wp\/v2\/posts\/68479","targetHints":{"allow":["GET"]}}],"collection":[{"href":"https:\/\/www.europesays.com\/lv\/wp-json\/wp\/v2\/posts"}],"about":[{"href":"https:\/\/www.europesays.com\/lv\/wp-json\/wp\/v2\/types\/post"}],"author":[{"embeddable":true,"href":"https:\/\/www.europesays.com\/lv\/wp-json\/wp\/v2\/users\/2"}],"replies":[{"embeddable":true,"href":"https:\/\/www.europesays.com\/lv\/wp-json\/wp\/v2\/comments?post=68479"}],"version-history":[{"count":0,"href":"https:\/\/www.europesays.com\/lv\/wp-json\/wp\/v2\/posts\/68479\/revisions"}],"wp:featuredmedia":[{"embeddable":true,"href":"https:\/\/www.europesays.com\/lv\/wp-json\/wp\/v2\/media\/68480"}],"wp:attachment":[{"href":"https:\/\/www.europesays.com\/lv\/wp-json\/wp\/v2\/media?parent=68479"}],"wp:term":[{"taxonomy":"category","embeddable":true,"href":"https:\/\/www.europesays.com\/lv\/wp-json\/wp\/v2\/categories?post=68479"},{"taxonomy":"post_tag","embeddable":true,"href":"https:\/\/www.europesays.com\/lv\/wp-json\/wp\/v2\/tags?post=68479"}],"curies":[{"name":"wp","href":"https:\/\/api.w.org\/{rel}","templated":true}]}}