{"id":68485,"date":"2025-12-08T05:47:08","date_gmt":"2025-12-08T05:47:08","guid":{"rendered":"https:\/\/www.europesays.com\/lv\/68485\/"},"modified":"2025-12-08T05:47:08","modified_gmt":"2025-12-08T05:47:08","slug":"petijums-atklaj-ka-dziedataji-mirst-jaunaki-neka-citi-lente-lv","status":"publish","type":"post","link":"https:\/\/www.europesays.com\/lv\/68485\/","title":{"rendered":"P\u0113t\u012bjums atkl\u0101j, ka dzied\u0101t\u0101ji mirst jaun\u0101ki nek\u0101 citi\u00a0\u2014\u00a0Lente.lv"},"content":{"rendered":"<p>Slaven\u012bbu dz\u012bves \u012bss mirklis: P\u0113t\u012bjums atkl\u0101j, ka zvaigznes mirst agr\u0101k<\/p>\n<p>Vai j\u016bs k\u0101dreiz esat aizdom\u0101ju\u0161ies, k\u0101p\u0113c da\u017ei no pasaules spo\u017e\u0101kajiem talantiem \u0161\u0137iet lemti \u012bs\u0101kam m\u016b\u017eam? Jauns un aizraujo\u0161s p\u0113t\u012bjums liecina, ka past\u0101v satrauco\u0161a sakar\u012bba starp slavu un dz\u012bves ilgumu m\u016bzikas industrij\u0101. \u0160\u0137iet, ka spo\u017e\u0101k\u0101s zvaigznes, kas mirdz uz pasaules skatuv\u0113m, bie\u017e\u0101k nek\u0101 citi dodas m\u016b\u017e\u012bb\u0101 agr\u0101k.<\/p>\n<p>Dz\u012bves sp\u0113les likumsakar\u012bbas: Slava pret gadiem<\/p>\n<p>Saska\u0146\u0101 ar jaun\u0101kajiem atkl\u0101jumiem, slaveni m\u016bzi\u0137i vid\u0113ji pamet \u0161o pasauli 75 gadu vecum\u0101. Tas ir iev\u0113rojami agr\u0101k nek\u0101 vi\u0146u maz\u0101k zin\u0101majiem kol\u0113\u0123iem, kuri statistiski dz\u012bvo l\u012bdz pat 79 gadiem. \u0160ie dati sniedz interesantu skat\u012bjumu uz dz\u012bves sp\u0113les likumsakar\u012bb\u0101m, liekot aizdom\u0101ties par slavas spozmes un t\u0101s cenas saist\u012bbu.<\/p>\n<p>Dz\u012bvesstila faktoru ietekme uz zvaig\u017e\u0146u vesel\u012bbu<\/p>\n<p>Lai gan p\u0113t\u012bjums prec\u012bzi neanaliz\u0113 c\u0113lo\u0146us, past\u0101v vair\u0101ki faktori, kas var\u0113tu skaidrot \u0161o at\u0161\u0137ir\u012bbu. Nep\u0101rtraukt\u0101 uzman\u012bbas spiediena, nemit\u012bgo ce\u013cojumu, neregul\u0101r\u0101 darba grafika un br\u012b\u017eiem nevesel\u012bg\u0101 dz\u012bvesveida d\u0113\u013c slaven\u012bbu \u0137ermenis un pr\u0101ts var piedz\u012bvot liel\u0101ku noslogojumu. Stress, miega tr\u016bkums, nevesel\u012bgs uzturs un, iesp\u0113jams, ar\u012b kait\u012bgi ieradumi var atst\u0101t dzi\u013cas sekas uz vesel\u012bbu ilgtermi\u0146\u0101.<\/p>\n<blockquote>\n<p>\u201cKatrs mirklis ir j\u0101izmanto piln\u012bb\u0101, jo nekad nevar zin\u0101t, cik daudz laika mums atlicis,\u201d skan doma, kas bie\u017ei vien k\u013c\u016bst par realit\u0101ti daudziem, kuri izbaud\u012bju\u0161i slavas spo\u017eumu.<\/p>\n<\/blockquote>\n<p>Glob\u0101lais konteksts un dz\u012bves ilguma tendences<\/p>\n<p>Sal\u012bdzinot ar cit\u0101m valst\u012bm, Latvij\u0101 vid\u0113jais paredzamais m\u016b\u017ea ilgums ir pieaudzis, sasniedzot 75,5 gadus 2023. gad\u0101. Tom\u0113r at\u0161\u0137ir\u012bbas starp dzimumiem joproj\u0101m ir iev\u0113rojamas \u2013 sievietes vid\u0113ji dz\u012bvo par 10 gadiem ilg\u0101k nek\u0101 v\u012brie\u0161i. Interesanti, ka v\u0113l 20. gadsimta s\u0101kum\u0101 Latvij\u0101 paredzamais m\u016b\u017ea ilgums bija krietni zem\u0101ks, ap 53 gadiem. Lai gan \u0161is p\u0113t\u012bjums koncentr\u0113jas uz m\u016bzi\u0137iem, tas mudina dom\u0101t par dz\u012bvesveida izv\u0113\u013cu noz\u012bmi kopum\u0101, ko apliecina ar\u012b citi p\u0113t\u012bjumi, kas nor\u0101da, ka \u0123en\u0113tika un dz\u012bvesveids b\u016btiski ietekm\u0113 cilv\u0113ka m\u016b\u017ea ilgumu.<\/p>\n<p>Slava \u2013 divas assumes meda\u013ca<\/p>\n<p>Slava var b\u016bt gan sv\u0113t\u012bba, gan l\u0101sts. T\u0101 sniedz iesp\u0113ju sasniegt un ietekm\u0113t miljonus, atst\u0101t neizdz\u0113\u0161amas p\u0113das kult\u016bras v\u0113stur\u0113. Ta\u010du t\u0101 bie\u017ei vien n\u0101k ar savu cenu \u2013 pastiprin\u0101tu sabiedr\u012bbas uzman\u012bbu, gr\u016bt\u012bb\u0101m saglab\u0101t priv\u0101tumu un milz\u012bgu spiedienu izpild\u012bt skat\u012bt\u0101ju un kriti\u0137u cer\u012bbas. \u0160is spiediens, apvienojum\u0101 ar bie\u017ei vien ekstr\u0113mo slaven\u012bbu dz\u012bvesveidu, var rad\u012bt nelabv\u0113l\u012bgu vidi ilgam un vesel\u012bgam m\u016b\u017eam.<\/p>\n<p>Vai ir risin\u0101jums?<\/p>\n<p>Lai gan nav vienas vien\u012bgas atbildes uz jaut\u0101jumu, k\u0101p\u0113c slaveni dzied\u0101t\u0101ji mirst jaun\u0101ki, ir skaidrs, ka sabiedr\u012bbas izpratne par vesel\u012bga dz\u012bvesveida noz\u012bmi ir b\u016btiska. M\u016bzi\u0137iem, t\u0101pat k\u0101 ikvienam citam, ir nepiecie\u0161ams atbalsts, lai saglab\u0101tu gan fizisko, gan ment\u0101lo vesel\u012bbu. T\u0101 var\u0113tu b\u016bt gan lab\u0101ka piek\u013cuve vesel\u012bbas apr\u016bpes pakalpojumiem, gan ar\u012b izpratne par dz\u012bvesveida izv\u0113\u013cu sek\u0101m. Iesp\u0113jams, ka n\u0101kotn\u0113 \u0161\u0101ds sabiedr\u012bbas un industrijas kop\u012bgs darbs var\u0113tu pal\u012bdz\u0113t slaven\u012bb\u0101m ne tikai sasniegt m\u016bzikas virsotnes, bet ar\u012b baud\u012bt garu un vesel\u012bgu dz\u012bvi.<\/p>\n","protected":false},"excerpt":{"rendered":"Slaven\u012bbu dz\u012bves \u012bss mirklis: P\u0113t\u012bjums atkl\u0101j, ka zvaigznes mirst agr\u0101k Vai j\u016bs k\u0101dreiz esat aizdom\u0101ju\u0161ies, k\u0101p\u0113c da\u017ei no&hellip;\n","protected":false},"author":2,"featured_media":68486,"comment_status":"","ping_status":"","sticky":false,"template":"","format":"standard","meta":{"footnotes":""},"categories":[19],"tags":[17247,89,90,35,39,38,36,37,34,40,468,17587,17586,10839],"class_list":{"0":"post-68485","1":"post","2":"type-post","3":"status-publish","4":"format-standard","5":"has-post-thumbnail","7":"category-izklaide","8":"tag-dzives-ilgums","9":"tag-entertainment","10":"tag-izklaide","11":"tag-latvia","12":"tag-latvian","13":"tag-latviesu","14":"tag-latviesu-valoda","15":"tag-latviesuvaloda","16":"tag-latvija","17":"tag-lv","18":"tag-muzikas-industrija","19":"tag-slavas-cena","20":"tag-slaveni-dziedataji","21":"tag-veseligs-dzivesveids"},"share_on_mastodon":{"url":"https:\/\/pubeurope.com\/@lv\/115682374022869156","error":""},"_links":{"self":[{"href":"https:\/\/www.europesays.com\/lv\/wp-json\/wp\/v2\/posts\/68485","targetHints":{"allow":["GET"]}}],"collection":[{"href":"https:\/\/www.europesays.com\/lv\/wp-json\/wp\/v2\/posts"}],"about":[{"href":"https:\/\/www.europesays.com\/lv\/wp-json\/wp\/v2\/types\/post"}],"author":[{"embeddable":true,"href":"https:\/\/www.europesays.com\/lv\/wp-json\/wp\/v2\/users\/2"}],"replies":[{"embeddable":true,"href":"https:\/\/www.europesays.com\/lv\/wp-json\/wp\/v2\/comments?post=68485"}],"version-history":[{"count":0,"href":"https:\/\/www.europesays.com\/lv\/wp-json\/wp\/v2\/posts\/68485\/revisions"}],"wp:featuredmedia":[{"embeddable":true,"href":"https:\/\/www.europesays.com\/lv\/wp-json\/wp\/v2\/media\/68486"}],"wp:attachment":[{"href":"https:\/\/www.europesays.com\/lv\/wp-json\/wp\/v2\/media?parent=68485"}],"wp:term":[{"taxonomy":"category","embeddable":true,"href":"https:\/\/www.europesays.com\/lv\/wp-json\/wp\/v2\/categories?post=68485"},{"taxonomy":"post_tag","embeddable":true,"href":"https:\/\/www.europesays.com\/lv\/wp-json\/wp\/v2\/tags?post=68485"}],"curies":[{"name":"wp","href":"https:\/\/api.w.org\/{rel}","templated":true}]}}