{"id":68499,"date":"2025-12-08T05:59:10","date_gmt":"2025-12-08T05:59:10","guid":{"rendered":"https:\/\/www.europesays.com\/lv\/68499\/"},"modified":"2025-12-08T05:59:10","modified_gmt":"2025-12-08T05:59:10","slug":"diasporas-kori-visa-pasaule-uzsak-gatavosanos-raimonda-paula-dziesmu-svetkiem-manai-dzimtenei-lente-lv","status":"publish","type":"post","link":"https:\/\/www.europesays.com\/lv\/68499\/","title":{"rendered":"Diasporas kori vis\u0101 pasaul\u0113 uzs\u0101k gatavo\u0161anos Raimonda Paula dziesmu sv\u0113tkiem &#8220;Manai Dzimtenei&#8221;\u00a0\u2014\u00a0Lente.lv"},"content":{"rendered":"<p>Dzied\u0101t\u0101ji no visas pasaules gatavojas godin\u0101t Maestro Raimondu Paulu Me\u017eaparka dziesmu sv\u0113tkos<\/p>\n<p>Latvie\u0161u kopienas vis\u0101 pasaul\u0113 ar aizraut\u012bbu uzs\u0101ku\u0161as gatavo\u0161anos grandiozam kora dziesmu sv\u0113tku koncertam &#8220;Manai Dzimtenei&#8221;, kas notiks 2026. gada 11. j\u016blij\u0101 Me\u017eaparka Lielaj\u0101 estr\u0101d\u0113 &#8220;Sidraba birzs&#8221;. \u0160is unik\u0101lais pas\u0101kums b\u016bs velt\u012bjums le\u0123end\u0101r\u0101 komponista Maestro Raimonda Paula bag\u0101tajai dai\u013cradei un vienlaikus apliecin\u0101s latviet\u012bbas sp\u0113ku un vienot\u012bbu p\u0101ri robe\u017e\u0101m.<\/p>\n<p>Par godu Maestro Raimonda Paula dai\u013cradei Me\u017eaparka &#8220;Sidraba birz\u012b&#8221; sapulc\u0113sies vair\u0101k nek\u0101 13 000 dzied\u0101t\u0101ju, tostarp 32 kori no latvie\u0161u diasporas da\u017e\u0101d\u0101s pasaules valst\u012bs. \u0160is iespaid\u012bgais skaits apliecina dziesmu sv\u0113tku trad\u012bcijas glob\u0101lo sp\u0113ku un t\u0101s sp\u0113ju vienot latvie\u0161us neatkar\u012bgi no dz\u012bvesvietas. Koncerta skan\u0113jumu kuplin\u0101s ar\u012b latvie\u0161u taut\u0101 iem\u012b\u013coti solisti un m\u016bzi\u0137i, kuriem ir \u012bpa\u0161a saikne ar Maestro darbiem.<\/p>\n<p>Diasporas kori \u2013 no It\u0101lijas l\u012bdz pat Braz\u012blijai<\/p>\n<p>\u012apa\u0161s prieks par to, ka \u0161aj\u0101 sv\u0113tku kopkor\u012b piedal\u012bsies kori no t\u0101d\u0101m valst\u012bm k\u0101 It\u0101lija, Amerikas Savienot\u0101s Valstis un pat t\u0101l\u0101 Braz\u012blija. \u0160ie diasporas kolekt\u012bvi ir ne tikai kult\u016bras v\u0113stne\u0161i sav\u0101s m\u012btnes zem\u0113s, bet ar\u012b apliecin\u0101jums tam, ka latvie\u0161u kora trad\u012bcija plaukst un att\u012bst\u0101s ar\u012b \u0101rpus Latvijas robe\u017e\u0101m. Kop\u0161 2025. gada decembra s\u0101kuma \u0161ie kori jau ir sa\u0146\u0113mu\u0161i koncerta repertu\u0101ra gr\u0101mati\u0146as un intens\u012bvi \u0137\u0113ru\u0161ies pie darba, lai piln\u012bb\u0101 apg\u016btu paredz\u0113to dziesmu kl\u0101stu.<\/p>\n<p>\u0160\u0101da pla\u0161a diasporas p\u0101rst\u0101vniec\u012bba ir spilgts apliecin\u0101jums latviet\u012bbas dz\u012bvotsp\u0113jai pasaul\u0113, stiprinot tautie\u0161u identit\u0101ti un kult\u016bras saiknes paaud\u017eu starp\u0101. \u0160ie kori jau daudzus gadus ir biju\u0161i neat\u0146emama Visp\u0101r\u0113jo latvie\u0161u Dziesmu un deju sv\u0113tku sast\u0101vda\u013ca, apliecinot latvie\u0161u kora trad\u012bcijas glob\u0101lo elpu.<\/p>\n<p>Me\u017eaparka Liel\u0101 estr\u0101de \u201cSidraba birzs\u201d \u2013 dziesmu sv\u0113tku m\u0101jvieta<\/p>\n<p>Koncerts &#8220;Manai Dzimtenei&#8221; notiks rekonstru\u0113taj\u0101 Me\u017eaparka Lielaj\u0101 estr\u0101d\u0113 &#8220;Sidraba birzs&#8221;. \u0160\u012b v\u0113sturisk\u0101 b\u016bve, kas kop\u0161 1955. gada ir past\u0101v\u012bga Latvijas dziesmu sv\u0113tku pas\u0101kumu norises vieta, ir piedz\u012bvojusi moderniz\u0101ciju, saglab\u0101jot savu unik\u0101lo kult\u016brv\u0113sturisko noz\u012bmi. &#8220;Sidraba birzs&#8221; arhitektonisk\u0101s koncepcijas pamat\u0101 ir latvie\u0161u tautasdziesmas, kas st\u0101sta par dabas un cilv\u0113ka mijiedarb\u012bbu, veidojot estr\u0101des telpisko uzb\u016bvi. T\u0101 sp\u0113j uz\u0146emt l\u012bdz pat 12 874 koristiem un vair\u0101k nek\u0101 30 000 skat\u012bt\u0101ju.<\/p>\n<p>Maestro darbu godin\u0101\u0161ana un emocion\u0101l\u0101 v\u0113rt\u012bba<\/p>\n<p>Koncerts &#8220;Manai Dzimtenei&#8221; ir ne tikai velt\u012bjums Maestro Raimondam Paulam un vi\u0146a daudzpus\u012bgajai dai\u013cradei, bet ar\u012b dzi\u013c\u0161 apliecin\u0101jums latvie\u0161u tautas identit\u0101tei un t\u0101s sp\u0113kam, ko apliecina Dziesmu sv\u0113tku trad\u012bcija. Maestro m\u016bzika, kas vair\u0101k nek\u0101 pusgadsimtu ir iedvesmojusi un stiprin\u0101jusi tautu, ir k\u013cuvusi par neat\u0146emamu latvie\u0161u identit\u0101tes sast\u0101vda\u013cu. Vi\u0146a kompoz\u012bcijas, s\u0101kot no taut\u0101 iem\u012b\u013cot\u0101m melodij\u0101m l\u012bdz pat kora m\u016bzikas ska\u0146darbiem, vienm\u0113r sp\u0113ju\u0161as rad\u012bt sp\u0113c\u012bgu patriotisma un pieder\u012bbas saj\u016btu.<\/p>\n<p>Par koncerta emocion\u0101lo un muzik\u0101lo pies\u0101tin\u0101jumu r\u016bp\u0113sies ar\u012b izcili solisti, tostarp Intars Busulis, Ance Krauze, Zigfr\u012bds Muktup\u0101vels un Edgars O\u0161leja. Katrs no vi\u0146iem ir person\u012bgi saist\u012bts ar Maestro dai\u013cradi, pied\u0101v\u0101jot klaus\u012bt\u0101jiem dziesmas gan jaun\u0101s, gan jau zin\u0101m\u0101s interpret\u0101cij\u0101s. Piem\u0113ram, Intars Busulis izpild\u012bs dziesmu &#8220;Pazaud\u0113t\u0101s debesis&#8221;, bet Zigfr\u012bds Muktup\u0101vels \u2013 ikonisko &#8220;M\u0113mo dziesmu&#8221;.<\/p>\n<p>Gatavo\u0161an\u0101s darbi un emocion\u0101l\u0101 gaid\u012b\u0161ana<\/p>\n<p>Sagatavo\u0161an\u0101s darbi ir piln\u0101 spar\u0101, un jau notiku\u0161as ar\u012b v\u0113rien\u012bgas tie\u0161saistes tik\u0161an\u0101s, kur\u0101s Latvijas Nacion\u0101l\u0101 kult\u016bras centra un koncerta &#8220;Manai Dzimtenei&#8221; veidot\u0101ji sniegu\u0161i detaliz\u0113tu inform\u0101ciju par sagatavo\u0161an\u0101s posmiem, repertu\u0101ra apguvi un praktiskajiem aspektiem dal\u012bbai \u0161ajos sv\u0113tkos. Kori akt\u012bvi str\u0101d\u0101 pie repertu\u0101ra apguves, bet daudzviet pasaul\u0113 tiek pl\u0101noti ar\u012b ieska\u0146as koncerti, kas velt\u012bti Maestro Raimondam Paulam, populariz\u0113jot vi\u0146a dai\u013cradi un stiprinot latvie\u0161u kopienas.<\/p>\n<p>\u0160ie sv\u0113tki sola b\u016bt ne tikai liela m\u0113roga muzik\u0101la izpausme, bet ar\u012b spilgts apliecin\u0101jums latviet\u012bbas dz\u012bvotsp\u0113jai pasaules lokos. T\u0101 ir iesp\u0113ja katram dzied\u0101t\u0101jam, neatkar\u012bgi no atra\u0161an\u0101s vietas, sajust kop\u012bbas sp\u0113ku un svin\u0113t latvie\u0161u kult\u016bras bag\u0101t\u012bbu. Bi\u013ce\u0161u tirdzniec\u012bba uz koncertu &#8220;Manai Dzimtenei&#8221; s\u0101ksies 2026. gada 1. mart\u0101 vietn\u0113 www.bilesuparadize.lv un SIA &#8220;Bi\u013ce\u0161u Parad\u012bze&#8221; kas\u0113s.<\/p>\n","protected":false},"excerpt":{"rendered":"Dzied\u0101t\u0101ji no visas pasaules gatavojas godin\u0101t Maestro Raimondu Paulu Me\u017eaparka dziesmu sv\u0113tkos Latvie\u0161u kopienas vis\u0101 pasaul\u0113 ar aizraut\u012bbu&hellip;\n","protected":false},"author":2,"featured_media":68500,"comment_status":"","ping_status":"","sticky":false,"template":"","format":"standard","meta":{"footnotes":""},"categories":[19],"tags":[17588,1660,89,90,35,39,38,36,37,34,40,17034,17589,2672],"class_list":{"0":"post-68499","1":"post","2":"type-post","3":"status-publish","4":"format-standard","5":"has-post-thumbnail","7":"category-izklaide","8":"tag-diasporas-kori","9":"tag-dziesmu-svetki","10":"tag-entertainment","11":"tag-izklaide","12":"tag-latvia","13":"tag-latvian","14":"tag-latviesu","15":"tag-latviesu-valoda","16":"tag-latviesuvaloda","17":"tag-latvija","18":"tag-lv","19":"tag-manai-dzimtenei","20":"tag-mezaparka-estrade","21":"tag-raimonds-pauls"},"share_on_mastodon":{"url":"https:\/\/pubeurope.com\/@lv\/115682421185921257","error":""},"_links":{"self":[{"href":"https:\/\/www.europesays.com\/lv\/wp-json\/wp\/v2\/posts\/68499","targetHints":{"allow":["GET"]}}],"collection":[{"href":"https:\/\/www.europesays.com\/lv\/wp-json\/wp\/v2\/posts"}],"about":[{"href":"https:\/\/www.europesays.com\/lv\/wp-json\/wp\/v2\/types\/post"}],"author":[{"embeddable":true,"href":"https:\/\/www.europesays.com\/lv\/wp-json\/wp\/v2\/users\/2"}],"replies":[{"embeddable":true,"href":"https:\/\/www.europesays.com\/lv\/wp-json\/wp\/v2\/comments?post=68499"}],"version-history":[{"count":0,"href":"https:\/\/www.europesays.com\/lv\/wp-json\/wp\/v2\/posts\/68499\/revisions"}],"wp:featuredmedia":[{"embeddable":true,"href":"https:\/\/www.europesays.com\/lv\/wp-json\/wp\/v2\/media\/68500"}],"wp:attachment":[{"href":"https:\/\/www.europesays.com\/lv\/wp-json\/wp\/v2\/media?parent=68499"}],"wp:term":[{"taxonomy":"category","embeddable":true,"href":"https:\/\/www.europesays.com\/lv\/wp-json\/wp\/v2\/categories?post=68499"},{"taxonomy":"post_tag","embeddable":true,"href":"https:\/\/www.europesays.com\/lv\/wp-json\/wp\/v2\/tags?post=68499"}],"curies":[{"name":"wp","href":"https:\/\/api.w.org\/{rel}","templated":true}]}}