{"id":68507,"date":"2025-12-08T06:09:08","date_gmt":"2025-12-08T06:09:08","guid":{"rendered":"https:\/\/www.europesays.com\/lv\/68507\/"},"modified":"2025-12-08T06:09:08","modified_gmt":"2025-12-08T06:09:08","slug":"stajusies-speka-grozijumi-nacionalaja-radiofrekvencu-plana-vienkarsota-atlauju-kartiba-radioiekartu-lietotajiem","status":"publish","type":"post","link":"https:\/\/www.europesays.com\/lv\/68507\/","title":{"rendered":"St\u0101ju\u0161ies sp\u0113k\u0101 groz\u012bjumi Nacion\u0101laj\u0101 radiofrekven\u010du pl\u0101n\u0101: vienk\u0101r\u0161ota at\u013cauju k\u0101rt\u012bba radioiek\u0101rtu lietot\u0101jiem"},"content":{"rendered":"<p>No 2025. gada 5. decembra ir sp\u0113k\u0101 groz\u012bjumi Nacion\u0101laj\u0101 radiofrekven\u010du pl\u0101n\u0101 (NRFP), kas ievie\u0161 b\u016btiskas izmai\u0146as radiofrekven\u010du izmanto\u0161an\u0101 un atvieglo ikdienas procesus da\u017e\u0101du radioiek\u0101rtu lietot\u0101jiem. Groz\u012bjumu m\u0113r\u0137is ir uzlabot frekven\u010du izmanto\u0161anas efektivit\u0101ti, piel\u0101got Latvijas regul\u0113jumu jaun\u0101kajiem Eiropas standartiem un samazin\u0101t administrat\u012bvo slogu. Groz\u012bjumi izstr\u0101d\u0101ti, balstoties uz SIA \u201cElektroniskie sakari\u201d \u2013 Latvijas radiofrekven\u010du spektra un numer\u0101cijas p\u0101rvald\u012bt\u0101ja \u2013 tehnisko izv\u0113rt\u0113jumu un iesniegtajiem priek\u0161likumiem.<\/p>\n<p>        Individu\u0101las at\u013caujas vairs neb\u016bs nepiecie\u0161amas PMSE iek\u0101rt\u0101m<\/p>\n<p>L\u012bdz ar jaunaj\u0101m izmai\u0146\u0101m radiomikrofonu, auss monitoru un citu PMSE (programme making and special events) iek\u0101rtu izmanto\u0161anai vairs neb\u016bs nepiecie\u0161amas individu\u0101las SIA \u201cElektroniskie sakari\u201d izsniegtas radiofrekvences pie\u0161\u0137\u012bruma lieto\u0161anas at\u013caujas. PMSE iek\u0101rtas turpm\u0101k var\u0113s lietot uz koplietojama radiofrekvences pie\u0161\u0137\u012bruma pamata, kas noz\u012bm\u0113 vienk\u0101r\u0161\u0101ku lieto\u0161anas k\u0101rt\u012bbu un to, ka \u0161o iek\u0101rtu izmanto\u0161anai vairs nav saist\u012btu izmaksu par individu\u0101las at\u013caujas piepras\u012bjuma izskat\u012b\u0161anu un elektromagn\u0113tisk\u0101s sader\u012bbas (EMS) nodro\u0161in\u0101\u0161anu. Iz\u0146\u0113mums ir gad\u012bjumi, kad PMSE iek\u0101rtas darbojas 1350\u20131400 MHz frekven\u010du josl\u0101 \u2013 tur individu\u0101la at\u013cauja joproj\u0101m b\u016bs nepiecie\u0161ama.<\/p>\n<p>Atvieglota k\u0101rt\u012bba priv\u0101t\u0101 mobil\u0101 dienesta radioiek\u0101rt\u0101m<\/p>\n<p>No individu\u0101l\u0101m sauszemes mobil\u0101 dienesta radioiek\u0101rtas lieto\u0161anas at\u013cauj\u0101m atbr\u012bvotas ar\u012b mobilas un p\u0101rn\u0113s\u0101jamas radioiek\u0101rtas, kas tiek izmantotas priv\u0101tajos sauszemes mobilo sakaru t\u012bklos. Mobilo un p\u0101rn\u0113s\u0101jamo radioiek\u0101rtu izmanto\u0161anai turpm\u0101k b\u016bs nepiecie\u0161ama tikai sauszemes mobilo radiosakaru t\u012bkla lieto\u0161anas at\u013cauja.<\/p>\n<p>Min\u0113t\u0101s izmai\u0146as r\u0101ciju lietot\u0101jiem noz\u012bm\u0113 maz\u0101k formalit\u0101\u0161u un vienk\u0101r\u0161\u0101ku ikdienas apriti, jo radioiek\u0101rtas darbosies uz koplietojama frekven\u010du pie\u0161\u0137\u012bruma pamata.<\/p>\n<p>Vienlaikus b\u016btiski uzsv\u0113rt, ka SIA \u201cElektroniskie sakari\u201d turpina nodro\u0161in\u0101t radiokan\u0101lu tehnisko uzraudz\u012bbu, tostarp elektromagn\u0113tisko sader\u012bbu, spektra administr\u0113\u0161anu un trauc\u0113jumu nov\u0113r\u0161anu \u2013 neatkar\u012bgi no t\u0101, cik radioiek\u0101rtu darbojas konkr\u0113taj\u0101 kan\u0101l\u0101. \u0160o iemeslu d\u0113\u013c ikm\u0113ne\u0161a maksa par EMS nemain\u0101s, jo t\u0101 attiecas uz spektra p\u0101rvald\u012b\u0161anu, nevis individu\u0101lu at\u013cauju izsnieg\u0161anu.<\/p>\n<p>Starptautisko l\u0113mumu un modernu tehnisko normu ievie\u0161ana<\/p>\n<p>Groz\u012bjumi ietver ar\u012b vair\u0101ku Eiropas Komisijas un CEPT\/ECC l\u0113mumu p\u0101r\u0146em\u0161anu, kas nosaka atjaunin\u0101tas tehnisk\u0101s pras\u012bbas da\u017e\u0101d\u0101m radioiek\u0101rtu grup\u0101m. Tajos ietilpst:<\/p>\n<ul>&#13;<\/p>\n<li>izmai\u0146as ultraplatjoslas tehnolo\u0123iju regul\u0113jum\u0101;<\/li>\n<p>&#13;<\/p>\n<li>jauni nosac\u012bjumi bezvadu piek\u013cuves sist\u0113m\u0101m (WAS\/RLAN);<\/li>\n<p>&#13;<\/p>\n<li>atjaunoti tehniskie noteikumi maza darb\u012bbas att\u0101luma ier\u012bc\u0113m (piem\u0113ram, IoT un RFID risin\u0101jumiem);<\/li>\n<p>&#13;<\/p>\n<li>preciz\u0113ti noteikumi satel\u012btu Zemes stacij\u0101m;<\/li>\n<p>&#13;<\/p>\n<li>WRC-23 (2023. gada Pasaules radiosakaru konferences) rezult\u0101tu iek\u013cau\u0161ana Latvijas regul\u0113jum\u0101.<\/li>\n<p>&#13;\n<\/ul>\n<p>Papildus tam groz\u012bjumi ietver jauna sa\u012bsin\u0101juma ievie\u0161anu, preciz\u0113tus terminolo\u0123ijas skaidrojumus, k\u0101 ar\u012b NRFP nosl\u0113guma jaut\u0101jumu un pielikumu p\u0101rskat\u012b\u0161anu. Nacion\u0101laj\u0101 ties\u012bbu akt\u0101 ir integr\u0113ti ar\u012b vair\u0101ku Eiropas Komisijas \u012bsteno\u0161anas l\u0113mumu tehniskie parametri, nodro\u0161inot regul\u0113juma harmoniz\u0101ciju Eiropas Savien\u012bb\u0101.<\/p>\n<p>***<\/p>\n<p>Par Nacion\u0101lo radiofrekven\u010du pl\u0101nu (NRFP)<\/p>\n<p>Nacion\u0101lais radiofrekven\u010du pl\u0101ns ir <a href=\"https:\/\/likumi.lv\/ta\/id\/338729-nacionalais-radiofrekvencu-plans\" target=\"_blank\" rel=\"nofollow noopener\">2023. gada 10. janv\u0101ra Ministru kabineta noteikumi Nr. 3<\/a>. Tie nosaka radiofrekven\u010du spektra izmanto\u0161anas k\u0101rt\u012bbu Latvij\u0101, frekven\u010du sadal\u012bjumu un tehniskos nosac\u012bjumus da\u017e\u0101du radioiek\u0101rtu darb\u012bbai, nodro\u0161inot saska\u0146otu un trauc\u0113jumiem notur\u012bgu radiosakaru vidi valst\u012b.<\/p>\n<p>Par SIA \u201cElektroniskie sakari\u201d<\/p>\n<p>SIA \u201cElektroniskie sakari\u201d ir valsts kapit\u0101lsabiedr\u012bba, kas nodro\u0161ina valsts ierobe\u017eoto resursu \u2013 radiofrekven\u010du spektra un numer\u0101cijas \u2013 p\u0101rvald\u012bbu. Radiofrekven\u010du spektra p\u0101rvald\u012bba ietver sev\u012b radiofrekven\u010du spektra pl\u0101no\u0161anu un uzraudz\u012bbas pas\u0101kumus, lai identific\u0113tu un ierobe\u017eotu neatbilsto\u0161u radioiek\u0101rtu lieto\u0161anu, nodro\u0161inot, ka Latvijas radiofrekven\u010du spektrs tiek izmantots efekt\u012bvi un dro\u0161i.<\/p>\n<p>          <img decoding=\"async\" src=\"https:\/\/www.europesays.com\/lv\/wp-content\/uploads\/2025\/12\/logo-lv.png\" alt=\"\"\/><\/p>\n<p>                  \u0160\u012b inform\u0101cija ir publisks pazi\u0146ojums un neatspogu\u013co LV port\u0101la viedokli. Par t\u0101s saturu atbild ies\u016bt\u012bt\u0101js. <a data-popup=\"rules\">Public\u0113\u0161anas noteikumi<\/a><\/p>\n","protected":false},"excerpt":{"rendered":"No 2025. gada 5. decembra ir sp\u0113k\u0101 groz\u012bjumi Nacion\u0101laj\u0101 radiofrekven\u010du pl\u0101n\u0101 (NRFP), kas ievie\u0161 b\u016btiskas izmai\u0146as radiofrekven\u010du izmanto\u0161an\u0101&hellip;\n","protected":false},"author":2,"featured_media":68508,"comment_status":"","ping_status":"","sticky":false,"template":"","format":"standard","meta":{"footnotes":""},"categories":[12],"tags":[23,28,29,32,33,22,30,31,35,39,38,36,37,34,40,20,26,27,24,25,21],"class_list":{"0":"post-68507","1":"post","2":"type-post","3":"status-publish","4":"format-standard","5":"has-post-thumbnail","7":"category-latvija","8":"tag-aktualitates","9":"tag-breaking-news","10":"tag-breakingnews","11":"tag-featured-news","12":"tag-featurednews","13":"tag-headlines","14":"tag-latest-news","15":"tag-latestnews","16":"tag-latvia","17":"tag-latvian","18":"tag-latviesu","19":"tag-latviesu-valoda","20":"tag-latviesuvaloda","21":"tag-latvija","22":"tag-lv","23":"tag-news","24":"tag-popularakas-zinas","25":"tag-popularakaszinas","26":"tag-top-stories","27":"tag-topstories","28":"tag-zinas"},"share_on_mastodon":{"url":"https:\/\/pubeurope.com\/@lv\/115682460608119784","error":""},"_links":{"self":[{"href":"https:\/\/www.europesays.com\/lv\/wp-json\/wp\/v2\/posts\/68507","targetHints":{"allow":["GET"]}}],"collection":[{"href":"https:\/\/www.europesays.com\/lv\/wp-json\/wp\/v2\/posts"}],"about":[{"href":"https:\/\/www.europesays.com\/lv\/wp-json\/wp\/v2\/types\/post"}],"author":[{"embeddable":true,"href":"https:\/\/www.europesays.com\/lv\/wp-json\/wp\/v2\/users\/2"}],"replies":[{"embeddable":true,"href":"https:\/\/www.europesays.com\/lv\/wp-json\/wp\/v2\/comments?post=68507"}],"version-history":[{"count":0,"href":"https:\/\/www.europesays.com\/lv\/wp-json\/wp\/v2\/posts\/68507\/revisions"}],"wp:featuredmedia":[{"embeddable":true,"href":"https:\/\/www.europesays.com\/lv\/wp-json\/wp\/v2\/media\/68508"}],"wp:attachment":[{"href":"https:\/\/www.europesays.com\/lv\/wp-json\/wp\/v2\/media?parent=68507"}],"wp:term":[{"taxonomy":"category","embeddable":true,"href":"https:\/\/www.europesays.com\/lv\/wp-json\/wp\/v2\/categories?post=68507"},{"taxonomy":"post_tag","embeddable":true,"href":"https:\/\/www.europesays.com\/lv\/wp-json\/wp\/v2\/tags?post=68507"}],"curies":[{"name":"wp","href":"https:\/\/api.w.org\/{rel}","templated":true}]}}