{"id":68511,"date":"2025-12-08T06:17:08","date_gmt":"2025-12-08T06:17:08","guid":{"rendered":"https:\/\/www.europesays.com\/lv\/68511\/"},"modified":"2025-12-08T06:17:08","modified_gmt":"2025-12-08T06:17:08","slug":"kam-tiks-10-000-eiro-ieskaties-kuri-talanti-bus-sova-x-faktors-finalisti-foto-jauns-lv","status":"publish","type":"post","link":"https:\/\/www.europesays.com\/lv\/68511\/","title":{"rendered":"Kam tiks 10 000 eiro? Ieskaties, kuri talanti b\u016bs \u0161ova \u201cX Faktors\u201d fin\u0101listi. FOTO &#8211; Jauns.lv"},"content":{"rendered":"<ol>\n<li><a href=\"https:\/\/news.google.com\/rss\/articles\/CBMiuAFBVV95cUxPZk5BdUVZNy1LcUhiWlR1MW9XWFpYWVpLbDJpTjA4cTZXcERTX2V3bXZrUGRtNFhxRE5wUzVqQ2NIMlAyckcxMWtwUGl2b0VhcERWUlN4RDI2U1hDVWFxa0I0VGhfQm9aRExQU2o3NnVQN2FjT0Rfdk5TTlJtZ3p3VXloTlo5WmRQMC1oVWJpeHc3TFJaak5DX1ZxbkU0Q3hjNkc2Y0VweU5aOTNLMnNmVGZieUQ0VzZ4?oc=5\" target=\"_blank\" rel=\"nofollow noopener\">Kam tiks 10 000 eiro? Ieskaties, kuri talanti b\u016bs \u0161ova \u201cX Faktors\u201d fin\u0101listi. FOTO<\/a>&nbsp;&nbsp;Jauns.lv<\/li>\n<li><a href=\"https:\/\/news.google.com\/rss\/articles\/CBMie0FVX3lxTFBlTjJ0TnREVE5TaDZsOUJCV2xuelNSTDlhS214VHBJNFlUTFlld2tlcjc2WkhXMXllVzFnN0tuZzJPVGxQVmVxcFVQWDVJalpQTVJ5RV9oRzBIQlpaNi1tbjlaT3pYbVlVUUticHpnUVBUTUZmMWg1Wkc5aw?oc=5\" target=\"_blank\" rel=\"nofollow noopener\">FOTO \u27e9 Zin\u0101mi \u0161ova &#8220;X Faktors&#8221; tr\u012bs fin\u0101listi<\/a>&nbsp;&nbsp;Apollo.lv<\/li>\n<li><a href=\"https:\/\/news.google.com\/rss\/articles\/CBMiuAFBVV95cUxQYVlFTlRQaURDNy01WnpHS09IX09LY1BwV3dhQ0FNZURCMkdZV2p5ZWxKV3piYVBDQW5VSWc5SV96aDUxazFKNVpiSUNJcW1ZRHNqVlM2Y3FjNWFlcFpsdDJwX0hmM0VFQy0tN1hRTXhqNG1BUGgydkdxSWFrdmR3X2VPQmM5cXhKSmRiS29yX1JKMThuUTM5eWtqdEZxVlNCazlKczFFNFRJYU80cktFMEg1bXRhS3pl?oc=5\" target=\"_blank\" rel=\"nofollow noopener\">&#8220;X Faktora&#8221; pusfin\u0101ls; uzzini, kuri tr\u012bs dal\u012bbnieki iek\u013c\u016bs fin\u0101l\u0101<\/a>&nbsp;&nbsp;tv3.lv<\/li>\n<li><a href=\"https:\/\/news.google.com\/rss\/articles\/CBMilwFBVV95cUxOd0xvWllJTjMtcFNoNUZYdHpPejh3TDl1dk9fcVJKZHpVT2tiajc3WnBzM3JBSzVxLWI1OE5ZUGZZdEVUR1hCYUZodnctTlIwYVcwRTFGTVBfZG40QjE0VDlZTEJCTkEwRlo5T0MybzVlQ0dHQU5tX3lmXzdEQWlkMHpBOHJnQzNmMkpzamIzRkJyMExCVEkw?oc=5\" target=\"_blank\" rel=\"nofollow noopener\">Maz\u0101k tie\u0161rai\u017eu un cita balva: kas \u0161osezon main\u012bjies \u201cX Faktor\u0101\u201d?<\/a>&nbsp;&nbsp;Sejas.lv<\/li>\n<li><a href=\"https:\/\/news.google.com\/rss\/articles\/CBMi2wFBVV95cUxQdXlqSFh0cXFNM1ZXaF9nOE5LVTk2X0JDQWJnRGcyc1MxZjF0TmFGamVxNmJGcFZxZ29TdG5ZTjFKOW9NMkx5Yk5DSGRSVGNVd2tSb3dmbHhkOHE0bGE1UEtodi1weUZ5aEd1RTU0NkI0WWJUYkwwSGRQald5akhQMi1RMEFUT29NWk81alhPbFFIcHdKTGhEbjk4eXA1YlltNnRCZFBRYXd3TmxzTlREdFpUYTA2ZGJTZWpBRlRWbzRnRG5acXg2SC04Wmp4TnJTa3FYQW5wX0JfaFE?oc=5\" target=\"_blank\" rel=\"nofollow noopener\">\u00abIzj\u016btu cie\u0146u pret Latviju, kas m\u016bs pie\u0146\u0113musi,\u00bb no X Faktora izbalsot\u0101s Anastasijas skarbais st\u0101sts<\/a>&nbsp;&nbsp;Santa.lv<\/li>\n<\/ol>\n","protected":false},"excerpt":{"rendered":"Kam tiks 10 000 eiro? Ieskaties, kuri talanti b\u016bs \u0161ova \u201cX Faktors\u201d fin\u0101listi. FOTO&nbsp;&nbsp;Jauns.lv FOTO \u27e9 Zin\u0101mi \u0161ova&hellip;\n","protected":false},"author":2,"featured_media":68512,"comment_status":"","ping_status":"","sticky":false,"template":"","format":"standard","meta":{"footnotes":""},"categories":[19],"tags":[89,90,35,39,38,36,37,34,40],"class_list":{"0":"post-68511","1":"post","2":"type-post","3":"status-publish","4":"format-standard","5":"has-post-thumbnail","7":"category-izklaide","8":"tag-entertainment","9":"tag-izklaide","10":"tag-latvia","11":"tag-latvian","12":"tag-latviesu","13":"tag-latviesu-valoda","14":"tag-latviesuvaloda","15":"tag-latvija","16":"tag-lv"},"share_on_mastodon":{"url":"https:\/\/pubeurope.com\/@lv\/115682491978120633","error":""},"_links":{"self":[{"href":"https:\/\/www.europesays.com\/lv\/wp-json\/wp\/v2\/posts\/68511","targetHints":{"allow":["GET"]}}],"collection":[{"href":"https:\/\/www.europesays.com\/lv\/wp-json\/wp\/v2\/posts"}],"about":[{"href":"https:\/\/www.europesays.com\/lv\/wp-json\/wp\/v2\/types\/post"}],"author":[{"embeddable":true,"href":"https:\/\/www.europesays.com\/lv\/wp-json\/wp\/v2\/users\/2"}],"replies":[{"embeddable":true,"href":"https:\/\/www.europesays.com\/lv\/wp-json\/wp\/v2\/comments?post=68511"}],"version-history":[{"count":0,"href":"https:\/\/www.europesays.com\/lv\/wp-json\/wp\/v2\/posts\/68511\/revisions"}],"wp:featuredmedia":[{"embeddable":true,"href":"https:\/\/www.europesays.com\/lv\/wp-json\/wp\/v2\/media\/68512"}],"wp:attachment":[{"href":"https:\/\/www.europesays.com\/lv\/wp-json\/wp\/v2\/media?parent=68511"}],"wp:term":[{"taxonomy":"category","embeddable":true,"href":"https:\/\/www.europesays.com\/lv\/wp-json\/wp\/v2\/categories?post=68511"},{"taxonomy":"post_tag","embeddable":true,"href":"https:\/\/www.europesays.com\/lv\/wp-json\/wp\/v2\/tags?post=68511"}],"curies":[{"name":"wp","href":"https:\/\/api.w.org\/{rel}","templated":true}]}}