{"id":68559,"date":"2025-12-08T06:58:11","date_gmt":"2025-12-08T06:58:11","guid":{"rendered":"https:\/\/www.europesays.com\/lv\/68559\/"},"modified":"2025-12-08T06:58:11","modified_gmt":"2025-12-08T06:58:11","slug":"esmu-vilies-ka-zelenskis-vel-nav-izlasijis-priekslikumu","status":"publish","type":"post","link":"https:\/\/www.europesays.com\/lv\/68559\/","title":{"rendered":"Esmu v\u012blies, ka Zelenskis v\u0113l nav izlas\u012bjis priek\u0161likumu"},"content":{"rendered":"<p class=\"lead\">\n                                ASV prezidents Donalds Tramps sv\u0113tdien pazi\u0146oja, ka nav p\u0101rliecin\u0101ts, vai Ukrainas prezidents Volodimirs Zelenskis piekrit\u012bs jaunajam ASV priek\u0161likumam kara izbeig\u0161anai Ukrain\u0101.\n                            <\/p>\n<p style=\"margin-left:0px;\">ASV ir r\u012bkoju\u0161as sarunas ar Krievijas diktatoru Vladimiru Putinu un Ukrainas amatperson\u0101m, tostarp Zelenski, sac\u012bja Tramps.<\/p>\n<p style=\"margin-left:0px;\">&#8220;Man j\u0101saka, ka esmu mazliet v\u012blies, ka prezidents Zelenskis v\u0113l nav izlas\u012bjis priek\u0161likumu, tas bija pirms da\u017e\u0101m stund\u0101m,&#8221; vi\u0146\u0161 piebilda.<\/p>\n<p style=\"margin-left:0px;\">Tramps nor\u0101d\u012bja, ka Maskava &#8220;labpr\u0101t\u0101k grib\u0113tu visu valsti, bet Krievija, manupr\u0101t, ar to ir mier\u0101&#8221;, piebilstot, ka tom\u0113r vi\u0146\u0161 nav p\u0101rliecin\u0101ts, vai Zelenskis piekrit\u012bs \u0161im priek\u0161likumam. &#8220;Vi\u0146a cilv\u0113kiem tas pat\u012bk, bet vi\u0146\u0161 to nav izlas\u012bjis,&#8221; vi\u0146\u0161 piebilda.<\/p>\n<p style=\"margin-left:0px;\">Florid\u0101 Trampa \u012bpa\u0161ais s\u016btnis St\u012bvs Vitkofs un vi\u0146a znots D\u017eareds Ku\u0161ners kop\u0161 ceturtdienas vair\u0101kas dienas r\u012bkoja sarunas ar Ukrainas amatperson\u0101m, tostarp biju\u0161o aizsardz\u012bbas ministru Rustemu Umerovu un \u0123ener\u0101l\u0161t\u0101ba priek\u0161nieku Andriju Hnatovu.<\/p>\n<p style=\"margin-left:0px;\">Sestdien Florid\u0101 notiku\u0161o ASV un Ukrainas sarunu nosl\u0113gum\u0101 Zelenskis telefoniski pievienoj\u0101s sarun\u0101m, raksturojot t\u0101s k\u0101 konstrukt\u012bvas. Vi\u0146\u0161 teica, ka Umerovs un Hnatovs n\u0101kamreiz vi\u0146am zi\u0146os person\u012bgi.<\/p>\n<p style=\"margin-left:0px;\">Publiski nav zin\u0101ms, k\u0101 p\u0113d\u0113jo tr\u012bs ned\u0113\u013cu laik\u0101 ir main\u012bjies s\u0101kotn\u0113jais 28 punktu ASV miera pl\u0101ns, kur\u0101 galvenie neatrisin\u0101tie jaut\u0101jumi ir teritori\u0101lie jaut\u0101jumi un ASV dro\u0161\u012bbas garantijas.<\/p>\n<p style=\"margin-left:0px;\">Zelenskim pirmdien London\u0101 pl\u0101nota tik\u0161an\u0101s ar Eiropas l\u012bderiem, tostarp V\u0101cijas kancleru Fr\u012bdrihu Mercu, Lielbrit\u0101nijas premjerministru K\u012bru St\u0101rmeru un Francijas prezidentu Emanuelu Makronu, lai apspriestu miera pl\u0101na pa\u0161reiz\u0113jo st\u0101vokli.<\/p>\n<p> Aptauja <\/p>\n<p> K\u0101di ir Donalda Trampa m\u0113r\u0137i attiec\u012bb\u0101 uz Krieviju un Ukrainu? <\/p>\n<p class=\"paragraph-muted\">Izv\u0113lies savu soct\u012bklu platformu, lai sekotu LASI.LV: <a href=\"https:\/\/www.facebook.com\/portals.lasi.lv\" target=\"_blank\" rel=\"noopener noreferrer nofollow\">Facebook<\/a>, <a href=\"https:\/\/twitter.com\/lasilvportals\" target=\"_blank\" rel=\"noopener noreferrer nofollow\">X<\/a>, <a href=\"https:\/\/bsky.app\/profile\/lasilv.bsky.social\" target=\"_blank\" rel=\"noopener noreferrer nofollow\">Bluesky<\/a>, <a href=\"https:\/\/www.draugiem.lv\/lasilv\/?pg=4\" target=\"_blank\" rel=\"noopener noreferrer nofollow\">Draugiem<\/a> vai ar\u012b <a href=\"https:\/\/www.instagram.com\/lasilv_zinas\/\" target=\"_blank\" rel=\"noopener noreferrer nofollow\">Instagram<\/a>. Pievienojies m\u016bsu las\u012bt\u0101ju pulkam, lai sa\u0146emtu \u012bpa\u0161i tev atlas\u012btu noder\u012bgu, praktisku un aktu\u0101lu saturu.\u00a0<\/p>\n<p><a href=\"https:\/\/lasi.lv\/abonesana\" rel=\"nofollow noopener\" target=\"_blank\">Abon\u0113<\/a>\u00a0LASI.LV gadam\u00a0vai k\u0101du no\u00a0&#8220;Latvijas Mediju&#8221; periodiskajiem izdevumiem 2026. gadam, un laim\u0113 1500 eiro vai Philips kafijas autom\u0101tu. Loterijas at\u013caujas nr. 8744.<\/p>\n<p><img decoding=\"async\" src=\"https:\/\/www.europesays.com\/lv\/wp-content\/uploads\/2025\/12\/1764637092_906_2025100311425268df8c8c1572e.jpg\" alt=\"\" loading=\"lazy\"\/><\/p>\n<p style=\"margin-left:auto;\">Pieraksties LASI.LV redaktora v\u0113stkopai <a href=\"https:\/\/lasi.lv\/vestkopa\/lasi-lv-galvena-redaktora-vestkopa\" rel=\"nofollow noopener\" target=\"_blank\">\u0161eit<\/a>.<\/p>\n<p>Pieraksties v\u0113stkopai un divas reizes ned\u0113\u013c\u0101 sa\u0146em padzi\u013cin\u0101tu LASI.LV galven\u0101 redaktora aktu\u0101lo zi\u0146u, kompetentu viedok\u013cu un interesant\u0101ko interviju apkopojumu.<\/p>\n<p>Ko tu sa\u0146emsi:<\/p>\n<ul>\n<li>Daudzveid\u012bgus koment\u0101rus un kompetentus Latvijas Mediju \u017eurn\u0101listu un autoru viedok\u013cus par aktu\u0101lo<\/li>\n<li>Ekspertu koment\u0101rus par da\u017e\u0101diem praktiskiem, noder\u012bgiem tematiem<\/li>\n<li>Aizraujo\u0161us materi\u0101lus par v\u0113sturi, psiholo\u0123iju, kult\u016bru<\/li>\n<li>Gata \u0160\u013c\u016bkas karikat\u016bru<\/li>\n<li>Tav\u0101 e-pasta kast\u012bt\u0113 katru ceturtdienu<\/li>\n<\/ul>\n<p style=\"margin-left:auto;\">\u00a0<\/p>\n<p><script async src=\"https:\/\/platform.twitter.com\/widgets.js\" charset=\"utf-8\"><\/script><script async src=\"\/\/www.instagram.com\/embed.js\"><\/script><\/p>\n","protected":false},"excerpt":{"rendered":"ASV prezidents Donalds Tramps sv\u0113tdien pazi\u0146oja, ka nav p\u0101rliecin\u0101ts, vai Ukrainas prezidents Volodimirs Zelenskis piekrit\u012bs jaunajam ASV priek\u0161likumam&hellip;\n","protected":false},"author":2,"featured_media":68560,"comment_status":"","ping_status":"","sticky":false,"template":"","format":"standard","meta":{"footnotes":""},"categories":[5],"tags":[23,28,29,32,33,22,30,31,35,39,38,36,37,34,40,20,26,27,24,25,21],"class_list":{"0":"post-68559","1":"post","2":"type-post","3":"status-publish","4":"format-standard","5":"has-post-thumbnail","7":"category-aktualitates","8":"tag-aktualitates","9":"tag-breaking-news","10":"tag-breakingnews","11":"tag-featured-news","12":"tag-featurednews","13":"tag-headlines","14":"tag-latest-news","15":"tag-latestnews","16":"tag-latvia","17":"tag-latvian","18":"tag-latviesu","19":"tag-latviesu-valoda","20":"tag-latviesuvaloda","21":"tag-latvija","22":"tag-lv","23":"tag-news","24":"tag-popularakas-zinas","25":"tag-popularakaszinas","26":"tag-top-stories","27":"tag-topstories","28":"tag-zinas"},"share_on_mastodon":{"url":"https:\/\/pubeurope.com\/@lv\/115682653252833559","error":""},"_links":{"self":[{"href":"https:\/\/www.europesays.com\/lv\/wp-json\/wp\/v2\/posts\/68559","targetHints":{"allow":["GET"]}}],"collection":[{"href":"https:\/\/www.europesays.com\/lv\/wp-json\/wp\/v2\/posts"}],"about":[{"href":"https:\/\/www.europesays.com\/lv\/wp-json\/wp\/v2\/types\/post"}],"author":[{"embeddable":true,"href":"https:\/\/www.europesays.com\/lv\/wp-json\/wp\/v2\/users\/2"}],"replies":[{"embeddable":true,"href":"https:\/\/www.europesays.com\/lv\/wp-json\/wp\/v2\/comments?post=68559"}],"version-history":[{"count":0,"href":"https:\/\/www.europesays.com\/lv\/wp-json\/wp\/v2\/posts\/68559\/revisions"}],"wp:featuredmedia":[{"embeddable":true,"href":"https:\/\/www.europesays.com\/lv\/wp-json\/wp\/v2\/media\/68560"}],"wp:attachment":[{"href":"https:\/\/www.europesays.com\/lv\/wp-json\/wp\/v2\/media?parent=68559"}],"wp:term":[{"taxonomy":"category","embeddable":true,"href":"https:\/\/www.europesays.com\/lv\/wp-json\/wp\/v2\/categories?post=68559"},{"taxonomy":"post_tag","embeddable":true,"href":"https:\/\/www.europesays.com\/lv\/wp-json\/wp\/v2\/tags?post=68559"}],"curies":[{"name":"wp","href":"https:\/\/api.w.org\/{rel}","templated":true}]}}