{"id":68563,"date":"2025-12-08T07:03:08","date_gmt":"2025-12-08T07:03:08","guid":{"rendered":"https:\/\/www.europesays.com\/lv\/68563\/"},"modified":"2025-12-08T07:03:08","modified_gmt":"2025-12-08T07:03:08","slug":"kristines-stakenas-terapeitiski-radita-mamindzeja-apkopota-krajuma-lr1-latvijas-radio","status":"publish","type":"post","link":"https:\/\/www.europesays.com\/lv\/68563\/","title":{"rendered":"Krist\u012bnes Stakenas terapeitiski rad\u012bt\u0101 m\u0101mi\u0146dzeja apkopota kr\u0101jum\u0101 \/ LR1 \/ \/ Latvijas Radio"},"content":{"rendered":"<p><a href=\"https:\/\/mapp.latvijasradio.lv\/shared-broadcast?b=237&amp;url=http:\/\/latvijasradio.lsm.lv\/lv\/lr1\/raidijumi\/labriit\/\" target=\"_blank\" rel=\"nofollow noopener\"><img decoding=\"async\" alt=\"Latvijas radio lietotnes logo\" src=\"https:\/\/www.europesays.com\/lv\/wp-content\/uploads\/2025\/12\/1765177388_857_LR_pod poga.png\" style=\"width: 140px; height: 38px;\"\/><\/a><\/p>\n<p>9. decembr\u012b izn\u0101ks Krist\u012bnes Stakenas pirm\u0101 dzejo\u013cu gr\u0101mata \u201c\u0160is nav man \u017eanrs. M\u0101mi\u0146dzeja\u201d. K\u0101 autore saka: \u201cKad pati k\u013cuvu par mammu, rakst\u012bju terapeitiski. Vien\u0101 br\u012bd\u012b sapratu, ka nevar\u0113\u0161u t\u0101l\u0101k dz\u012bvot, kam\u0113r to neapkopo\u0161u un neatdo\u0161u t\u0101l\u0101k.\u201d Da\u013cu no gr\u0101matas pe\u013c\u0146as Krist\u012bne ziedos biedr\u012bbai, kas nodro\u0161ina pirmo emocion\u0101lo pal\u012bdz\u012bbu jaunaj\u0101m mamm\u0101m.<\/p>\n<p>Par gr\u0101matu un t\u0101s v\u0113st\u012bjumu pla\u0161\u0101k st\u0101sta Anna Ap\u012bne.<\/p>\n<p>Krist\u012bne Stakena ir str\u0101d\u0101jusi Latvijas Telev\u012bzijas Kult\u016bras zi\u0146\u0101s, TV3, ar\u012b par producenti Latvijas Radio 5, un, k\u0101 vi\u0146a pati saka, visu dz\u012bvi rakst\u012bjusi, bet vienm\u0113r sl\u0113pusies aiz citu tekstiem. Nu Krist\u012bne ir sarakst\u012bjusi savu pirmo dzejo\u013cu gr\u0101matu \u201c\u0160is nav man \u017eanrs. M\u0101mi\u0146dzeja\u201d. T\u0101 ir ieskauta tum\u0161i sarkanos v\u0101kos, kur burtu m\u012bkl\u0101 apvilkti v\u0101rdi \u201c\u0160is nav mans \u017eanrs\u201d. Gr\u0101matas vizu\u0101lo noform\u0113jumu Krist\u012bne uztic\u0113ja Hel\u0113nai Vernerei.<\/p>\n<p>&#8220;Kad m\u0113s ar redaktori \u0112riku B\u0113rzi\u0146u jau lik\u0101m p\u0113d\u0113jos \u0161trihus, es aizs\u016bt\u012bju vi\u0146ai gr\u0101matu un teicu: Paskaties, ko tu j\u016bti! Bez nek\u0101diem nor\u0101d\u012bjumiem, t\u0101p\u0113c ka es grib\u0113ju, lai katra cilv\u0113ka darbs pie \u0161\u012bs gr\u0101matas ir vi\u0146a autordarbs vai vi\u0146as oda m\u0101mi\u0146u b\u016b\u0161anai, saj\u016btai par \u0161o lomu un ar\u012b par maniem dzejo\u013ciem.&#8221;<\/p>\n<p>Gr\u0101matai ir tr\u012bs da\u013cas un t\u0101s simboliz\u0113 b\u0113rna pirmo, otro un tre\u0161o dz\u012bves gadu.<\/p>\n<p>Ieteikt<\/p>\n<p>    Latvijas Radio aicina izteikt savu viedokli par raid\u012bjum\u0101 dzird\u0113to un atbalsta diskusijas klaus\u012bt\u0101ju starp\u0101, tom\u0113r patur ties\u012bbas dz\u0113st koment\u0101rus, kas p\u0101rk\u0101pj cie\u0146pilnas attieksmes un \u0113tiskas r\u012bc\u012bbas robe\u017eas.<a name=\"comments\"\/><\/p>\n","protected":false},"excerpt":{"rendered":"9. decembr\u012b izn\u0101ks Krist\u012bnes Stakenas pirm\u0101 dzejo\u013cu gr\u0101mata \u201c\u0160is nav man \u017eanrs. M\u0101mi\u0146dzeja\u201d. K\u0101 autore saka: \u201cKad pati&hellip;\n","protected":false},"author":2,"featured_media":68564,"comment_status":"","ping_status":"","sticky":false,"template":"","format":"standard","meta":{"footnotes":""},"categories":[12],"tags":[23,28,29,32,33,22,30,31,35,39,38,36,37,34,40,20,26,27,24,25,21],"class_list":{"0":"post-68563","1":"post","2":"type-post","3":"status-publish","4":"format-standard","5":"has-post-thumbnail","7":"category-latvija","8":"tag-aktualitates","9":"tag-breaking-news","10":"tag-breakingnews","11":"tag-featured-news","12":"tag-featurednews","13":"tag-headlines","14":"tag-latest-news","15":"tag-latestnews","16":"tag-latvia","17":"tag-latvian","18":"tag-latviesu","19":"tag-latviesu-valoda","20":"tag-latviesuvaloda","21":"tag-latvija","22":"tag-lv","23":"tag-news","24":"tag-popularakas-zinas","25":"tag-popularakaszinas","26":"tag-top-stories","27":"tag-topstories","28":"tag-zinas"},"share_on_mastodon":{"url":"https:\/\/pubeurope.com\/@lv\/115682673170555261","error":""},"_links":{"self":[{"href":"https:\/\/www.europesays.com\/lv\/wp-json\/wp\/v2\/posts\/68563","targetHints":{"allow":["GET"]}}],"collection":[{"href":"https:\/\/www.europesays.com\/lv\/wp-json\/wp\/v2\/posts"}],"about":[{"href":"https:\/\/www.europesays.com\/lv\/wp-json\/wp\/v2\/types\/post"}],"author":[{"embeddable":true,"href":"https:\/\/www.europesays.com\/lv\/wp-json\/wp\/v2\/users\/2"}],"replies":[{"embeddable":true,"href":"https:\/\/www.europesays.com\/lv\/wp-json\/wp\/v2\/comments?post=68563"}],"version-history":[{"count":0,"href":"https:\/\/www.europesays.com\/lv\/wp-json\/wp\/v2\/posts\/68563\/revisions"}],"wp:featuredmedia":[{"embeddable":true,"href":"https:\/\/www.europesays.com\/lv\/wp-json\/wp\/v2\/media\/68564"}],"wp:attachment":[{"href":"https:\/\/www.europesays.com\/lv\/wp-json\/wp\/v2\/media?parent=68563"}],"wp:term":[{"taxonomy":"category","embeddable":true,"href":"https:\/\/www.europesays.com\/lv\/wp-json\/wp\/v2\/categories?post=68563"},{"taxonomy":"post_tag","embeddable":true,"href":"https:\/\/www.europesays.com\/lv\/wp-json\/wp\/v2\/tags?post=68563"}],"curies":[{"name":"wp","href":"https:\/\/api.w.org\/{rel}","templated":true}]}}