{"id":68584,"date":"2025-12-08T07:26:06","date_gmt":"2025-12-08T07:26:06","guid":{"rendered":"https:\/\/www.europesays.com\/lv\/68584\/"},"modified":"2025-12-08T07:26:06","modified_gmt":"2025-12-08T07:26:06","slug":"tramps-nav-dross-vai-zelenskis-piekritis-jaunajam-asv-miera-priekslikumam","status":"publish","type":"post","link":"https:\/\/www.europesays.com\/lv\/68584\/","title":{"rendered":"Tramps nav dro\u0161s, vai Zelenskis piekrit\u012bs jaunajam ASV miera priek\u0161likumam"},"content":{"rendered":"<p>ASV ir r\u012bkoju\u0161as sarunas ar Krievijas diktatoru Vladimiru Putinu un Ukrainas amatperson\u0101m, tostarp Zelenski, sac\u012bja Tramps.<\/p>\n<p>&#8220;Man j\u0101saka, ka esmu mazliet v\u012blies, ka prezidents Zelenskis v\u0113l nav izlas\u012bjis priek\u0161likumu, tas bija pirms da\u017e\u0101m stund\u0101m,&#8221; vi\u0146\u0161 piebilda.<\/p>\n<p>Tramps nor\u0101d\u012bja, ka Maskava &#8220;labpr\u0101t\u0101k grib\u0113tu visu valsti, bet Krievija, manupr\u0101t, ar to ir mier\u0101&#8221;, piebilstot, ka tom\u0113r vi\u0146\u0161 nav p\u0101rliecin\u0101ts, vai Zelenskis piekrit\u012bs \u0161im priek\u0161likumam. &#8220;Vi\u0146a cilv\u0113kiem tas pat\u012bk, bet vi\u0146\u0161 to nav izlas\u012bjis,&#8221; vi\u0146\u0161 piebilda.<\/p>\n<p>Florid\u0101 Trampa \u012bpa\u0161ais s\u016btnis St\u012bvs Vitkofs un vi\u0146a znots D\u017eareds Ku\u0161ners kop\u0161 ceturtdienas vair\u0101kas dienas r\u012bkoja sarunas ar Ukrainas amatperson\u0101m, tostarp biju\u0161o aizsardz\u012bbas ministru Rustemu Umerovu un \u0123ener\u0101l\u0161t\u0101ba priek\u0161nieku Andriju Hnatovu.<\/p>\n<p>Sestdien Florid\u0101 notiku\u0161o ASV un Ukrainas sarunu nosl\u0113gum\u0101 Zelenskis telefoniski pievienoj\u0101s sarun\u0101m, raksturojot t\u0101s k\u0101 konstrukt\u012bvas. Vi\u0146\u0161 teica, ka Umerovs un Hnatovs n\u0101kamreiz vi\u0146am zi\u0146os person\u012bgi.<\/p>\n<p>Publiski nav zin\u0101ms, k\u0101 p\u0113d\u0113jo tr\u012bs ned\u0113\u013cu laik\u0101 ir main\u012bjies s\u0101kotn\u0113jais 28 punktu ASV miera pl\u0101ns, kur\u0101 galvenie neatrisin\u0101tie jaut\u0101jumi ir teritori\u0101lie jaut\u0101jumi un ASV dro\u0161\u012bbas garantijas.<\/p>\n<p>Zelenskim pirmdien London\u0101 pl\u0101nota tik\u0161an\u0101s ar Eiropas l\u012bderiem, tostarp V\u0101cijas kancleru Fr\u012bdrihu Mercu, Lielbrit\u0101nijas premjerministru K\u012bru St\u0101rmeru un Francijas prezidentu Emanuelu Makronu, lai apspriestu miera pl\u0101na pa\u0161reiz\u0113jo st\u0101vokli.<\/p>\n","protected":false},"excerpt":{"rendered":"ASV ir r\u012bkoju\u0161as sarunas ar Krievijas diktatoru Vladimiru Putinu un Ukrainas amatperson\u0101m, tostarp Zelenski, sac\u012bja Tramps. &#8220;Man j\u0101saka,&hellip;\n","protected":false},"author":2,"featured_media":68585,"comment_status":"","ping_status":"","sticky":false,"template":"","format":"standard","meta":{"footnotes":""},"categories":[14],"tags":[23,57,28,29,542,32,33,22,30,31,35,39,38,36,37,34,40,15950,20,26,27,24,25,178,54,55,56,21,58],"class_list":{"0":"post-68584","1":"post","2":"type-post","3":"status-publish","4":"format-standard","5":"has-post-thumbnail","7":"category-zinas-no-arvalstim","8":"tag-aktualitates","9":"tag-arvalstim","10":"tag-breaking-news","11":"tag-breakingnews","12":"tag-donalds-tramps","13":"tag-featured-news","14":"tag-featurednews","15":"tag-headlines","16":"tag-latest-news","17":"tag-latestnews","18":"tag-latvia","19":"tag-latvian","20":"tag-latviesu","21":"tag-latviesu-valoda","22":"tag-latviesuvaloda","23":"tag-latvija","24":"tag-lv","25":"tag-miers","26":"tag-news","27":"tag-popularakas-zinas","28":"tag-popularakaszinas","29":"tag-top-stories","30":"tag-topstories","31":"tag-volodimirs-zelenskis","32":"tag-world","33":"tag-world-news","34":"tag-worldnews","35":"tag-zinas","36":"tag-zinas-no-arvalstim"},"share_on_mastodon":{"url":"https:\/\/pubeurope.com\/@lv\/115682763291462407","error":""},"_links":{"self":[{"href":"https:\/\/www.europesays.com\/lv\/wp-json\/wp\/v2\/posts\/68584","targetHints":{"allow":["GET"]}}],"collection":[{"href":"https:\/\/www.europesays.com\/lv\/wp-json\/wp\/v2\/posts"}],"about":[{"href":"https:\/\/www.europesays.com\/lv\/wp-json\/wp\/v2\/types\/post"}],"author":[{"embeddable":true,"href":"https:\/\/www.europesays.com\/lv\/wp-json\/wp\/v2\/users\/2"}],"replies":[{"embeddable":true,"href":"https:\/\/www.europesays.com\/lv\/wp-json\/wp\/v2\/comments?post=68584"}],"version-history":[{"count":0,"href":"https:\/\/www.europesays.com\/lv\/wp-json\/wp\/v2\/posts\/68584\/revisions"}],"wp:featuredmedia":[{"embeddable":true,"href":"https:\/\/www.europesays.com\/lv\/wp-json\/wp\/v2\/media\/68585"}],"wp:attachment":[{"href":"https:\/\/www.europesays.com\/lv\/wp-json\/wp\/v2\/media?parent=68584"}],"wp:term":[{"taxonomy":"category","embeddable":true,"href":"https:\/\/www.europesays.com\/lv\/wp-json\/wp\/v2\/categories?post=68584"},{"taxonomy":"post_tag","embeddable":true,"href":"https:\/\/www.europesays.com\/lv\/wp-json\/wp\/v2\/tags?post=68584"}],"curies":[{"name":"wp","href":"https:\/\/api.w.org\/{rel}","templated":true}]}}