{"id":68589,"date":"2025-12-08T07:30:13","date_gmt":"2025-12-08T07:30:13","guid":{"rendered":"https:\/\/www.europesays.com\/lv\/68589\/"},"modified":"2025-12-08T07:30:13","modified_gmt":"2025-12-08T07:30:13","slug":"bulinu-masas-ibu-kausa-finise-gandriz-identiski-ienemot-vietas-piekta-desmita-vidu-lente-lv","status":"publish","type":"post","link":"https:\/\/www.europesays.com\/lv\/68589\/","title":{"rendered":"Buli\u0146u m\u0101sas IBU kaus\u0101 fini\u0161\u0113 gandr\u012bz identiski, ie\u0146emot vietas piekt\u0101 desmita vid\u016b\u00a0\u2014\u00a0Lente.lv"},"content":{"rendered":"<p>Nosl\u0113pumainais fini\u0161s IBU kaus\u0101: Buli\u0146u m\u0101sas c\u012bn\u0101s plecu pie pleca<\/p>\n<p>Austrijas tras\u0113 Obertili\u0137\u012b aizvad\u012btaj\u0101 Starptautisk\u0101s biatlona savien\u012bbas (IBU) kausa posm\u0101 sievie\u0161u 7,5 kilometru sprint\u0101 v\u0113rojama aizraujo\u0161a un gandr\u012bz identiska rezult\u0101tu virkne no m\u0101s\u0101m Buli\u0146\u0101m, kuras abas fini\u0161\u0113ja piekt\u0101 desmita vid\u016b. \u0160is sasniegums, lai ar\u012b neizc\u012bnot meda\u013cas, liecina par m\u0101s\u0101m rakstur\u012bgo s\u012bksto c\u012b\u0146as sparu un nemain\u012bgo centienu sasniegt savus lab\u0101kos rezult\u0101tus.<\/p>\n<p>Saspringt\u0101 konkurence un m\u0101sas Buli\u0146as<\/p>\n<p>Obertili\u0137es sacens\u012bbu trase ir zin\u0101ma ar sav\u0101m main\u012bgaj\u0101m laikapst\u0101k\u013cu un v\u0113ja apst\u0101k\u013cu dikt\u0113taj\u0101m izaicin\u0101jumiem, kas bie\u017ei vien iz\u0161\u0137ir sacens\u012bbu likteni tikai p\u0113d\u0113jos metros. \u0160oreiz m\u0101sas Buli\u0146as demonstr\u0113ja gan stabilu sniegumu \u0161au\u0161an\u0101, gan ar\u012b sp\u0113ju notur\u0113t augstu tempu sl\u0113pojum\u0101, kas \u013c\u0101va t\u0101m ie\u0146emt cie\u0161as poz\u012bcijas kopv\u0113rt\u0113jum\u0101.Lai gan prec\u012bzi rezult\u0101ti var nedaudz at\u0161\u0137irties, abu sportistu fini\u0161\u0113\u0161ana \u013coti tuvu viena otrai ir ne tikai aizraujo\u0161a, bet ar\u012b simboliska, uzsverot vi\u0146u kop\u012bgo ce\u013cu biatlona pasaul\u0113. \u0160\u0101ds sasniegums bie\u017ei vien ir k\u0101 spogulis, kur\u0101 atspogu\u013cojas kop\u012bg\u0101s treni\u0146u stundas un savstarp\u0113jais atbalsts.<\/p>\n<p>Strat\u0113\u0123ija un n\u0101kotnes perspekt\u012bvas<\/p>\n<p>Kaut ar\u012b piekt\u0101 desmita vidus nav tas rezult\u0101ts, uz ko tiecas profesion\u0101li sportisti, tas ir b\u016btisks solis uz priek\u0161u un apliecin\u0101jums tam, ka meite\u0146u sniegums ir stabili augo\u0161s. \u0160\u0101dos posmos svar\u012bga ir ne tikai individu\u0101l\u0101 meistar\u012bba, bet ar\u012b sp\u0113ja piel\u0101goties sacens\u012bbu apst\u0101k\u013ciem un strat\u0113\u0123iski pl\u0101not katru \u0161\u0101vienu un katru sl\u0113pojuma metru. Analiz\u0113jot rezult\u0101tus, redzams, ka nelielas k\u013c\u016bdas \u0161au\u0161an\u0101 vai neliela tempa atsl\u0101bums var iz\u0161\u0137irt pat desmitus poz\u012bciju. Tom\u0113r m\u0101s\u0101m Buli\u0146\u0101m izdevies par\u0101d\u012bt sevi no lab\u0101k\u0101s puses, un tas dod cer\u012bbas uz v\u0113l spo\u017e\u0101kiem pan\u0101kumiem n\u0101kotn\u0113. Ir skaidrs, ka vi\u0146as turpina c\u012bt\u012bgi str\u0101d\u0101t, lai pilnveidotu savas prasmes un sp\u0113tu konkur\u0113t ar pasaules elites sportist\u0113m.<\/p>\n<p>Igaunijas biatlona cer\u012bbas<\/p>\n<p>M\u0101sas Buli\u0146as, kas p\u0101rst\u0101v Igauniju, ir viena no galvenaj\u0101m cer\u012bb\u0101m valsts biatlona n\u0101kotnei. Vi\u0146u m\u0113r\u0137tiec\u012bba un nepagursto\u0161ais darbs treni\u0146os ir iedvesmojo\u0161s piem\u0113rs jaunajiem sportistiem. Ar katru sacens\u012bbu vi\u0146as ieg\u016bst v\u0113rt\u012bgu pieredzi un tuv\u0101k saviem sap\u0146iem par Pasaules kausa posmu uzvar\u0101m un olimpiskaj\u0101m meda\u013c\u0101m. \u0160is IBU kausa posms Austrij\u0101 ir k\u0101rt\u0113jais apliecin\u0101jums vi\u0146u potenci\u0101lam un centieniem k\u013c\u016bt par vien\u0101m no lab\u0101kaj\u0101m pasaul\u0113.<\/p>\n","protected":false},"excerpt":{"rendered":"Nosl\u0113pumainais fini\u0161s IBU kaus\u0101: Buli\u0146u m\u0101sas c\u012bn\u0101s plecu pie pleca Austrijas tras\u0113 Obertili\u0137\u012b aizvad\u012btaj\u0101 Starptautisk\u0101s biatlona savien\u012bbas (IBU)&hellip;\n","protected":false},"author":2,"featured_media":68590,"comment_status":"","ping_status":"","sticky":false,"template":"","format":"standard","meta":{"footnotes":""},"categories":[17],"tags":[1499,17607,35,39,38,36,37,34,40,17608,17609,67,17610],"class_list":{"0":"post-68589","1":"post","2":"type-post","3":"status-publish","4":"format-standard","5":"has-post-thumbnail","7":"category-sports","8":"tag-biatlons","9":"tag-ibu-kauss","10":"tag-latvia","11":"tag-latvian","12":"tag-latviesu","13":"tag-latviesu-valoda","14":"tag-latviesuvaloda","15":"tag-latvija","16":"tag-lv","17":"tag-masas-bulinas","18":"tag-obertilike","19":"tag-sports","20":"tag-sprints"},"share_on_mastodon":{"url":"https:\/\/pubeurope.com\/@lv\/115682779057919045","error":""},"_links":{"self":[{"href":"https:\/\/www.europesays.com\/lv\/wp-json\/wp\/v2\/posts\/68589","targetHints":{"allow":["GET"]}}],"collection":[{"href":"https:\/\/www.europesays.com\/lv\/wp-json\/wp\/v2\/posts"}],"about":[{"href":"https:\/\/www.europesays.com\/lv\/wp-json\/wp\/v2\/types\/post"}],"author":[{"embeddable":true,"href":"https:\/\/www.europesays.com\/lv\/wp-json\/wp\/v2\/users\/2"}],"replies":[{"embeddable":true,"href":"https:\/\/www.europesays.com\/lv\/wp-json\/wp\/v2\/comments?post=68589"}],"version-history":[{"count":0,"href":"https:\/\/www.europesays.com\/lv\/wp-json\/wp\/v2\/posts\/68589\/revisions"}],"wp:featuredmedia":[{"embeddable":true,"href":"https:\/\/www.europesays.com\/lv\/wp-json\/wp\/v2\/media\/68590"}],"wp:attachment":[{"href":"https:\/\/www.europesays.com\/lv\/wp-json\/wp\/v2\/media?parent=68589"}],"wp:term":[{"taxonomy":"category","embeddable":true,"href":"https:\/\/www.europesays.com\/lv\/wp-json\/wp\/v2\/categories?post=68589"},{"taxonomy":"post_tag","embeddable":true,"href":"https:\/\/www.europesays.com\/lv\/wp-json\/wp\/v2\/tags?post=68589"}],"curies":[{"name":"wp","href":"https:\/\/api.w.org\/{rel}","templated":true}]}}