{"id":68603,"date":"2025-12-08T07:41:17","date_gmt":"2025-12-08T07:41:17","guid":{"rendered":"https:\/\/www.europesays.com\/lv\/68603\/"},"modified":"2025-12-08T07:41:17","modified_gmt":"2025-12-08T07:41:17","slug":"ziemassvetku-koncerti-un-makslas-notikumi-decembra-celvedis","status":"publish","type":"post","link":"https:\/\/www.europesays.com\/lv\/68603\/","title":{"rendered":"Ziemassv\u0113tku koncerti un m\u0101kslas notikumi: decembra ce\u013cvedis"},"content":{"rendered":"<p class=\"descr\">V\u0113rts apmekl\u0113t: silti un kr\u0101\u0161\u0146i Ziemassv\u0113tku koncerti, klasiskas v\u0113rt\u012bbas nedzird\u0113tos p\u0101rlikumos, laikmet\u012bg\u0101s dejas izr\u0101de, jauna gr\u0101mata un Rotko muzeja gada nogales sezona.<\/p>\n<p>\t\t\t\t\t\t\t\t\t\t\t\t\t\t\t\t Gaismas klusum\u0101. Marijas Naumovas Ziemassv\u0113tku koncerts  <img decoding=\"async\" style=\"max-width: 600px;\" src=\"https:\/\/www.europesays.com\/lv\/wp-content\/uploads\/2025\/12\/778868_fbe276c6c6.jpg\" alt=\"\"\/> <\/p>\n<p class=\"descr-author\">Foto: publicit\u0101tes<\/p>\n<p>Taut\u0101 m\u012bl\u0113t\u0101 dzied\u0101t\u0101ja Marija Naumova mirkli pirms Ziemassv\u0113tkiem aicina pab\u016bt kop\u0101 m\u016bzik\u0101, kas izgaismos pieklusin\u0101t\u0101s gaismas telpu, \u013caujot iedegt sird\u012b mieru un prieku.<\/p>\n<p>\u201cZiema ir gada laika tum\u0161\u0101kais laiks, kad saj\u016btam ilgas p\u0113c gaismas, apzin\u0101mies klusumu ska\u013cum\u0101, kop\u0101 b\u016b\u0161anu vientul\u012bb\u0101 un nov\u0113rt\u0113jam mieru, kas visapk\u0101rt.<\/p>\n<blockquote><p>L\u012bdz ar rudeni gaisma pieklust, daba iesl\u012bgst r\u0101mum\u0101, bet cilv\u0113ks p\u0101rdom\u0101s,\u201d saka Marija Naumova.<\/p><\/blockquote>\n<p>Dzied\u0101t\u0101jas sagatavotaj\u0101 Ziemassv\u0113tku programm\u0101 \u201eGaismas klusum\u0101\u201d skan\u0113s gan Raimonda Paula taut\u0101 iem\u012b\u013cotas dziesmas, gan Nika Matvejeva, Imanta Kalni\u0146a, J\u0101\u0146a L\u016bs\u0113na, Arv\u012bda \u017dilinska un Ingusa Feldma\u0146a zin\u0101mas un pavisam nedzird\u0113tas kompoz\u012bcijas, k\u0101 ar\u012b ska\u0146darbi no Marijas albuma \u201eUz il\u016bziju tilta\u201d ar J\u0101\u0146a Petera v\u0101rdiem. Koncerts neiztiks ar\u012b bez klasisk\u0101m Ziemassv\u0113tku dziesm\u0101m un jaun\u0101m ori\u0123in\u0101lkompoz\u012bcij\u0101m.<\/p>\n<p>\u201eVien gaismas klusum\u0101 m\u0113s varam sadzird\u0113t sevi.<\/p>\n<p>Vien gaismas klusum\u0101 p\u0113c Saules ilgoties sp\u0113jam.<\/p>\n<p>Bez gaismas klusuma Zieme\u013czemes v\u0113ji<\/p>\n<p>Prom nesp\u0113tu aizp\u016bst tumsu tik sp\u0113ji.\u201d<\/p>\n<p>Uz skatuves kop\u0101 ar Mariju muzic\u0113s vi\u0146as draugi &#8211; izcili m\u016bzi\u0137i: Rolands Be\u013c\u0113vi\u010ds (tausti\u0146i), Norberts Skraucis (bass), Ingus Feldmanis (\u0123it\u0101ra), Andris Bui\u0137is (bungas) un Jegors Kovaikovs (\u0123it\u0101ra).<\/p>\n<p>Koncerti \u201cGaismas klusum\u0101\u201d notiks: Slamp\u0113 (6. decembr\u012b), Ik\u0161\u0137iles Sv\u0113t\u0101 Meinarda Ev. Lut. bazn\u012bc\u0101 (7. decembr\u012b), Dubultu Ev. Lut. Bazn\u012bc\u0101 (14. decembr\u012b), Daugavpil\u012b (20. decembr\u012b), Kr\u0101slav\u0101 (21. decembr\u012b), R\u012bgas Lutera bazn\u012bc\u0101 Tor\u0146akaln\u0101 (23. decembr\u012b) un Bauskas Luter\u0101\u0146u bazn\u012bc\u0101 (26. decembr\u012b).<\/p>\n","protected":false},"excerpt":{"rendered":"V\u0113rts apmekl\u0113t: silti un kr\u0101\u0161\u0146i Ziemassv\u0113tku koncerti, klasiskas v\u0113rt\u012bbas nedzird\u0113tos p\u0101rlikumos, laikmet\u012bg\u0101s dejas izr\u0101de, jauna gr\u0101mata un Rotko&hellip;\n","protected":false},"author":2,"featured_media":68604,"comment_status":"","ping_status":"","sticky":false,"template":"","format":"standard","meta":{"footnotes":""},"categories":[19],"tags":[89,90,35,39,38,36,37,34,40],"class_list":{"0":"post-68603","1":"post","2":"type-post","3":"status-publish","4":"format-standard","5":"has-post-thumbnail","7":"category-izklaide","8":"tag-entertainment","9":"tag-izklaide","10":"tag-latvia","11":"tag-latvian","12":"tag-latviesu","13":"tag-latviesu-valoda","14":"tag-latviesuvaloda","15":"tag-latvija","16":"tag-lv"},"share_on_mastodon":{"url":"https:\/\/pubeurope.com\/@lv\/115682822403967203","error":""},"_links":{"self":[{"href":"https:\/\/www.europesays.com\/lv\/wp-json\/wp\/v2\/posts\/68603","targetHints":{"allow":["GET"]}}],"collection":[{"href":"https:\/\/www.europesays.com\/lv\/wp-json\/wp\/v2\/posts"}],"about":[{"href":"https:\/\/www.europesays.com\/lv\/wp-json\/wp\/v2\/types\/post"}],"author":[{"embeddable":true,"href":"https:\/\/www.europesays.com\/lv\/wp-json\/wp\/v2\/users\/2"}],"replies":[{"embeddable":true,"href":"https:\/\/www.europesays.com\/lv\/wp-json\/wp\/v2\/comments?post=68603"}],"version-history":[{"count":0,"href":"https:\/\/www.europesays.com\/lv\/wp-json\/wp\/v2\/posts\/68603\/revisions"}],"wp:featuredmedia":[{"embeddable":true,"href":"https:\/\/www.europesays.com\/lv\/wp-json\/wp\/v2\/media\/68604"}],"wp:attachment":[{"href":"https:\/\/www.europesays.com\/lv\/wp-json\/wp\/v2\/media?parent=68603"}],"wp:term":[{"taxonomy":"category","embeddable":true,"href":"https:\/\/www.europesays.com\/lv\/wp-json\/wp\/v2\/categories?post=68603"},{"taxonomy":"post_tag","embeddable":true,"href":"https:\/\/www.europesays.com\/lv\/wp-json\/wp\/v2\/tags?post=68603"}],"curies":[{"name":"wp","href":"https:\/\/api.w.org\/{rel}","templated":true}]}}