{"id":68631,"date":"2025-12-08T08:05:12","date_gmt":"2025-12-08T08:05:12","guid":{"rendered":"https:\/\/www.europesays.com\/lv\/68631\/"},"modified":"2025-12-08T08:05:12","modified_gmt":"2025-12-08T08:05:12","slug":"izcilais-francu-dirigents-divas-dienas-diriges-lnso-lente-lv-2","status":"publish","type":"post","link":"https:\/\/www.europesays.com\/lv\/68631\/","title":{"rendered":"izcilais fran\u010du diri\u0123ents divas dienas diri\u0123\u0113s LNSO\u00a0\u2014\u00a0Lente.lv"},"content":{"rendered":"<p>Maestro \u017dans Kristofs Spinozi diri\u0123\u0113s Latvijas Nacion\u0101lo simfonisko or\u0137estri<\/p>\n<p>Izcilais fran\u010du diri\u0123ents \u017dans Kristofs Spinozi, kur\u0161 sevi \u012bpa\u0161i apliecin\u0101jis k\u0101 baroka un klasicisma laikmetu m\u016bzikas interpret\u0101cijas meistars, vad\u012bs Latvijas Nacion\u0101lo simfonisko or\u0137estri (LNSO) divos grandiozos koncertos Latvij\u0101. \u0160\u012b ir pirm\u0101 reize, kad maestro uzst\u0101sies Latvijas publikai, pied\u0101v\u0101jot iespaid\u012bgu un daudzveid\u012bgu koncertprogrammu, kas nosaukta par \u201cLNSO, Vasks, zelta baroks un For\u0113 Rekvi\u0113ms\u201d. Koncerti notiks 2025. gada 26. septembr\u012b plkst. 19:00 R\u012bgas Kongresu nam\u0101 un 27. septembr\u012b plkst. 17:00 Ventspils koncertz\u0101l\u0113 \u201cLatvija\u201d. <\/p>\n<p>Muzik\u0101ls ce\u013cojums cauri gadsimtiem<\/p>\n<p>Spinozi, kur\u0161 ir ar\u012b presti\u017e\u0101 fran\u010du baroka or\u0137estra Ensemble Matheus dibin\u0101t\u0101js un m\u0101kslinieciskais vad\u012bt\u0101js, savu diri\u0123\u0113\u0161anas karjeru ir veidojis jau kop\u0161 1991. gada. Vi\u0146a ener\u0123iskais un aizraujo\u0161ais diri\u0123\u0113\u0161anas stils tiek raksturots k\u0101 sp\u0113j\u012bgs modin\u0101t m\u016bzi\u0137os jaunas idejas un pan\u0101kt patiesi dzi\u013cu, emocion\u0101lu izpild\u012bjumu, radot publikai neaizmirstamu baud\u012bjumu. Maestro uzskata, ka m\u016bsdienu pasaul\u0113 m\u016bzika ir k\u0101 dievi\u0161\u0137\u0101 gaisma, kas sp\u0113j sniegt mieru un iedvesmu. <\/p>\n<p>Koncertprogramm\u0101 skan\u0113s daudzveid\u012bga m\u016bzika, kas sniegs klaus\u012bt\u0101jiem aizraujo\u0161u ce\u013cojumu cauri da\u017e\u0101diem laikmetiem un muzik\u0101lajiem stiliem. Programmu atkl\u0101s LNSO 100. sezonas rezid\u0113jo\u0161\u0101 komponista P\u0113tera Vaska darbs \u201cCantabile\u201d st\u012bginstrumentiem (1979). \u0160is ska\u0146darbs, kas ir k\u013cuvis par vienu no latvie\u0161u m\u016bzikas simboliem, pau\u017e dzi\u013cas filozofiskas p\u0101rdomas un mekl\u0113 pasaules harmoniju, radot mierpilnu un gaismas piepild\u012btu skan\u0113jumu. T\u0101l\u0101k klaus\u012bt\u0101ji dosies uz baroka laikmeta spo\u017eumu, baudot fragmentu \u201cSit nomen Domini\u201d no Antonio Vivaldi cikla \u201cLaudate pueri\u201d. \u0160aj\u0101 ska\u0146darb\u0101 \u012bpa\u0161i izcili skan\u0113s jaun\u0101s fran\u010du sopr\u0101na Ninas Spinozi balss, radot elegantu un dv\u0113selisku dialogu ar LNSO st\u012bgu grupu. Nina Spinozi, dzimusi muzik\u0101l\u0101 \u0123imen\u0113, ir iekarojusi pla\u0161u atzin\u012bbu gan oper\u0101, gan koncertos, demonstr\u0113jot savu talantu pla\u0161\u0101 \u017eanru spektr\u0101. <\/p>\n<p>Baroka spo\u017eums un Baha dramatisms<\/p>\n<p>P\u0113c Vaska un Vivaldi kompoz\u012bcij\u0101m sekos Johana Sebasti\u0101na Baha Koncerts klaves\u012bnam un or\u0137estrim re minor\u0101 BWV 1052, kas demonstr\u0113s baroka m\u016bzikai rakstur\u012bgo dramatismu un melodisko izsmalcin\u0101t\u012bbu. Klaves\u012bna solo \u0161aj\u0101 ska\u0146darb\u0101 atska\u0146os spo\u017e\u0101 latvie\u0161u klaves\u012bniste Ieva Saliete. Ieva Saliete ir br\u012bvm\u0101ksliniece, kas sadarbojas ar or\u0137estriem Latvij\u0101 un \u0101rzem\u0113s, un ir ieguvusi \u201cLielo m\u016bzikas balvu\u201d par izcilu darbu ansambl\u012b. <\/p>\n<p>Koncerta kulmin\u0101cija: For\u0113 \u201cRekvi\u0113ms\u201d<\/p>\n<p>Koncerta kulmin\u0101ciju piedz\u012bvosim otraj\u0101 da\u013c\u0101, kad skan\u0113s Gabriela For\u0113 Rekvi\u0113ms. \u0160is darbs, at\u0161\u0137ir\u012bb\u0101 no citu komponistu rad\u012btaj\u0101m s\u0113ru mes\u0101m, n\u0101ves t\u0113mu p\u0101rv\u0113r\u0161 cer\u012bb\u0101, gaism\u0101 un dv\u0113seles mier\u0101. Gabriels For\u0113 par savu \u201cRekvi\u0113mu\u201d ir teicis: \u201c mans \u201cRekvi\u0113ms\u201d neatspogu\u013co bij\u012bbu un baisas priek\u0161nojautas n\u0101ves un izn\u012bc\u012bbas priek\u0161\u0101. Tom\u0113r tie\u0161i t\u0101da ir mana izpratne par n\u0101vi, t\u0101 m\u016bs atpest\u012b no \u0161\u012bs zemes r\u016bp\u0113m un likst\u0101m. T\u0101 sniedz cer\u012bbu uz m\u016b\u017e\u012bgu dz\u012bvo\u0161anu cit\u0101 \u2013 laimes piln\u0101 pasaul\u0113\u2026\u201d <\/p>\n<p>Kop\u0101 ar LNSO atska\u0146ojum\u0101 piedal\u012bsies ar\u012b Valsts Akad\u0113miskais koris \u201cLatvija\u201d. Sopr\u0101na un baritona solo dzied\u0101s Nina Spinozi un norv\u0113\u0123u baritons Halvors Meliens, kur\u0161 ir bie\u017es viesis Eiropas koncertz\u0101l\u0113s un oper\u0101s, \u012bpa\u0161u uzman\u012bbu piev\u0113r\u0161ot baroka m\u016bzikai un v\u0101cu vok\u0101lajai kamerm\u016bzikai. <\/p>\n<p>Par m\u0101ksliniekiem<\/p>\n<ul>\n<li>\u017dans Kristofs Spinozi (Jean-Christophe Spinosi) \u2013 izcilais fran\u010du diri\u0123ents, Ensemble Matheus dibin\u0101t\u0101js un m\u0101kslinieciskais vad\u012bt\u0101js, paz\u012bstams k\u0101 baroka un klasicisma m\u016bzikas interprets. Regul\u0101ri viesojas presti\u017e\u0101s koncertz\u0101l\u0113s k\u0101 Par\u012bzes \u0160atl\u0113 te\u0101tris, V\u012bnes Konzerthaus un Karalisk\u0101 opera London\u0101.<\/li>\n<li>Nina Spinozi \u2013 fran\u010du sopr\u0101ns, dzimusi m\u016bzi\u0137u \u0123imen\u0113, uzst\u0101jas gan oper\u0101, gan koncertos.<\/li>\n<li>Halvors Meliens \u2013 norv\u0113\u0123u baritons, bie\u017es viesis Eiropas koncertz\u0101l\u0113s un oper\u0101s, \u012bpa\u0161u uzman\u012bbu piev\u0113r\u0161ot baroka m\u016bzikai.<\/li>\n<li>Ieva Saliete \u2013 latvie\u0161u klaves\u012bniste, br\u012bvm\u0101ksliniece, kas piedal\u0101s solo un kamerm\u016bzikas projektos Latvij\u0101, V\u0101cij\u0101 un \u0160veic\u0113.<\/li>\n<li>Valsts Akad\u0113miskais koris \u201cLatvija\u201d \u2013 viens no Latvijas kult\u016bras simboliem, ar bag\u0101tu v\u0113sturi un pla\u0161u starptautisku atzin\u012bbu.<\/li>\n<\/ul>\n","protected":false},"excerpt":{"rendered":"Maestro \u017dans Kristofs Spinozi diri\u0123\u0113s Latvijas Nacion\u0101lo simfonisko or\u0137estri Izcilais fran\u010du diri\u0123ents \u017dans Kristofs Spinozi, kur\u0161 sevi \u012bpa\u0161i&hellip;\n","protected":false},"author":2,"featured_media":68632,"comment_status":"","ping_status":"","sticky":false,"template":"","format":"standard","meta":{"footnotes":""},"categories":[19],"tags":[896,89,90,17613,202,35,39,38,36,37,34,5365,40,2922],"class_list":{"0":"post-68631","1":"post","2":"type-post","3":"status-publish","4":"format-standard","5":"has-post-thumbnail","7":"category-izklaide","8":"tag-baroka-muzika","9":"tag-entertainment","10":"tag-izklaide","11":"tag-klasicisms","12":"tag-koncerts","13":"tag-latvia","14":"tag-latvian","15":"tag-latviesu","16":"tag-latviesu-valoda","17":"tag-latviesuvaloda","18":"tag-latvija","19":"tag-lnso","20":"tag-lv","21":"tag-zans-kristofs-spinozi"},"share_on_mastodon":{"url":"https:\/\/pubeurope.com\/@lv\/115682916842707684","error":""},"_links":{"self":[{"href":"https:\/\/www.europesays.com\/lv\/wp-json\/wp\/v2\/posts\/68631","targetHints":{"allow":["GET"]}}],"collection":[{"href":"https:\/\/www.europesays.com\/lv\/wp-json\/wp\/v2\/posts"}],"about":[{"href":"https:\/\/www.europesays.com\/lv\/wp-json\/wp\/v2\/types\/post"}],"author":[{"embeddable":true,"href":"https:\/\/www.europesays.com\/lv\/wp-json\/wp\/v2\/users\/2"}],"replies":[{"embeddable":true,"href":"https:\/\/www.europesays.com\/lv\/wp-json\/wp\/v2\/comments?post=68631"}],"version-history":[{"count":0,"href":"https:\/\/www.europesays.com\/lv\/wp-json\/wp\/v2\/posts\/68631\/revisions"}],"wp:featuredmedia":[{"embeddable":true,"href":"https:\/\/www.europesays.com\/lv\/wp-json\/wp\/v2\/media\/68632"}],"wp:attachment":[{"href":"https:\/\/www.europesays.com\/lv\/wp-json\/wp\/v2\/media?parent=68631"}],"wp:term":[{"taxonomy":"category","embeddable":true,"href":"https:\/\/www.europesays.com\/lv\/wp-json\/wp\/v2\/categories?post=68631"},{"taxonomy":"post_tag","embeddable":true,"href":"https:\/\/www.europesays.com\/lv\/wp-json\/wp\/v2\/tags?post=68631"}],"curies":[{"name":"wp","href":"https:\/\/api.w.org\/{rel}","templated":true}]}}