{"id":68644,"date":"2025-12-08T08:14:08","date_gmt":"2025-12-08T08:14:08","guid":{"rendered":"https:\/\/www.europesays.com\/lv\/68644\/"},"modified":"2025-12-08T08:14:08","modified_gmt":"2025-12-08T08:14:08","slug":"isw-kontrabandas-baloni-lietuva-ir-krievijas-pirksts-lai-gatavotos-iespejamam-karam-ar-nato-nakotne","status":"publish","type":"post","link":"https:\/\/www.europesays.com\/lv\/68644\/","title":{"rendered":"ISW: Kontrabandas baloni Lietuv\u0101 ir Krievijas pirksts, lai gatavotos iesp\u0113jamam karam ar NATO n\u0101kotn\u0113"},"content":{"rendered":"<p>Kontrabandas balonu uzlidojumi no Baltkrievijas p\u0113d\u0113jo m\u0113ne\u0161u laik\u0101 ir piespiedu\u0161i Lietuvas galvaspils\u0113tas lidostu vair\u0101kas reizes aptur\u0113t darbu.<\/p>\n<p>            <img loading=\"lazy\" decoding=\"async\" class=\"size-full wp-image-3692842 skaties-content-image\" src=\"https:\/\/www.europesays.com\/lv\/wp-content\/uploads\/2025\/12\/f4d4-69367f898884c.jpg\" alt=\"\" width=\"667\" height=\"768\"\/><\/p>\n<p>                FOTO: ISW<\/p>\n<p>ISW nor\u0101da, ka agresorvalsts Krievija arvien vair\u0101k iesaist\u0101s gan sl\u0113ptos, gan atkl\u0101tos uzbrukumos Eiropai.<\/p>\n<p>Noskaties: <a href=\"https:\/\/tv3.lv\/zinas\/latvija\/bus-vajadzigi-stingraki-pasakumi-kontrabandas-balonu-uzlidojumi-baltija-klust-arvien-plasaki\/\" rel=\"nofollow noopener\" target=\"_blank\">\u201cB\u016bs vajadz\u012bgi stingr\u0101ki pas\u0101kumi.\u201d Kontrabandas balonu uzlidojumi Baltij\u0101 k\u013c\u016bst arvien pla\u0161\u0101ki<\/a><\/p>\n<p>Anal\u012bti\u0137u v\u0113rt\u0113jum\u0101 notieko\u0161ie gaisa telpas p\u0101rk\u0101pumi, visticam\u0101k, ir da\u013ca no \u201cnulles f\u0101zes\u201d \u2013 Krievijas pla\u0161\u0101k\u0101s informat\u012bv\u0101s un psiholo\u0123isk\u0101s nosac\u012bjumu noteik\u0161anas f\u0101zes -, lai gatavotos iesp\u0113jamam karam ar NATO n\u0101kotn\u0113.<\/p>\n<p>ISW v\u0113r\u0161 uzman\u012bbu, ka Baltkrievija ir Krievijas \u201cde facto\u201d l\u012bdzkarot\u0101ja kar\u0101 Ukrain\u0101, t\u0101p\u0113c Baltkrievijas iebrukumi NATO gaisa telp\u0101, \u013coti iesp\u0113jams, ir da\u013ca no Krievijas pla\u0161\u0101kajiem \u201cnulles f\u0101zes\u201d centieniem.<\/p>\n<p class=\"tv3-fw-500\">Zi\u0146o par k\u013c\u016bdu rakst\u0101<\/p>\n<p class=\"d-md-block d-none\">Iez\u012bm\u0113 k\u013c\u016bdaino tekstu un spied Ctrl+Enter.<\/p>\n<p class=\"d-md-none d-block\">Iez\u012bm\u0113 k\u013c\u016bdaino tekstu un zi\u0146o par to!<\/p>\n","protected":false},"excerpt":{"rendered":"Kontrabandas balonu uzlidojumi no Baltkrievijas p\u0113d\u0113jo m\u0113ne\u0161u laik\u0101 ir piespiedu\u0161i Lietuvas galvaspils\u0113tas lidostu vair\u0101kas reizes aptur\u0113t darbu. FOTO:&hellip;\n","protected":false},"author":2,"featured_media":68645,"comment_status":"","ping_status":"","sticky":false,"template":"","format":"standard","meta":{"footnotes":""},"categories":[14],"tags":[23,57,17618,28,29,32,33,22,30,31,35,39,38,36,37,34,40,20,26,27,24,25,54,55,56,21,58],"class_list":{"0":"post-68644","1":"post","2":"type-post","3":"status-publish","4":"format-standard","5":"has-post-thumbnail","7":"category-zinas-no-arvalstim","8":"tag-aktualitates","9":"tag-arvalstim","10":"tag-baltkrievijahibridkarskontrabandas-balonilietuvanato","11":"tag-breaking-news","12":"tag-breakingnews","13":"tag-featured-news","14":"tag-featurednews","15":"tag-headlines","16":"tag-latest-news","17":"tag-latestnews","18":"tag-latvia","19":"tag-latvian","20":"tag-latviesu","21":"tag-latviesu-valoda","22":"tag-latviesuvaloda","23":"tag-latvija","24":"tag-lv","25":"tag-news","26":"tag-popularakas-zinas","27":"tag-popularakaszinas","28":"tag-top-stories","29":"tag-topstories","30":"tag-world","31":"tag-world-news","32":"tag-worldnews","33":"tag-zinas","34":"tag-zinas-no-arvalstim"},"share_on_mastodon":{"url":"https:\/\/pubeurope.com\/@lv\/115682952356366642","error":""},"_links":{"self":[{"href":"https:\/\/www.europesays.com\/lv\/wp-json\/wp\/v2\/posts\/68644","targetHints":{"allow":["GET"]}}],"collection":[{"href":"https:\/\/www.europesays.com\/lv\/wp-json\/wp\/v2\/posts"}],"about":[{"href":"https:\/\/www.europesays.com\/lv\/wp-json\/wp\/v2\/types\/post"}],"author":[{"embeddable":true,"href":"https:\/\/www.europesays.com\/lv\/wp-json\/wp\/v2\/users\/2"}],"replies":[{"embeddable":true,"href":"https:\/\/www.europesays.com\/lv\/wp-json\/wp\/v2\/comments?post=68644"}],"version-history":[{"count":0,"href":"https:\/\/www.europesays.com\/lv\/wp-json\/wp\/v2\/posts\/68644\/revisions"}],"wp:featuredmedia":[{"embeddable":true,"href":"https:\/\/www.europesays.com\/lv\/wp-json\/wp\/v2\/media\/68645"}],"wp:attachment":[{"href":"https:\/\/www.europesays.com\/lv\/wp-json\/wp\/v2\/media?parent=68644"}],"wp:term":[{"taxonomy":"category","embeddable":true,"href":"https:\/\/www.europesays.com\/lv\/wp-json\/wp\/v2\/categories?post=68644"},{"taxonomy":"post_tag","embeddable":true,"href":"https:\/\/www.europesays.com\/lv\/wp-json\/wp\/v2\/tags?post=68644"}],"curies":[{"name":"wp","href":"https:\/\/api.w.org\/{rel}","templated":true}]}}