{"id":68654,"date":"2025-12-08T08:20:09","date_gmt":"2025-12-08T08:20:09","guid":{"rendered":"https:\/\/www.europesays.com\/lv\/68654\/"},"modified":"2025-12-08T08:20:09","modified_gmt":"2025-12-08T08:20:09","slug":"maskavas-naftas-ienemumus-var-mazinat-aizliedzot-krievijas-juras-parvadajumus","status":"publish","type":"post","link":"https:\/\/www.europesays.com\/lv\/68654\/","title":{"rendered":"Maskavas naftas ie\u0146\u0113mumus var mazin\u0101t, aizliedzot Krievijas j\u016bras p\u0101rvad\u0101jumus"},"content":{"rendered":"<p><a href=\"https:\/\/www.apollo.lv\/term\/555452\/krievija\" class=\"topicLink\" target=\"_blank\" rel=\"nofollow noopener\">Krievija<\/a> eksport\u0113 vair\u0101k nek\u0101 tre\u0161da\u013cu savas naftas ar tankku\u0123iem &#8211; galvenok\u0101rt uz Indiju un \u0136\u012bnu -, izmantojot Rietumu transporta pakalpojumus. Aizliegums izbeigtu tirdzniec\u012bbu, kur\u0101 iesaist\u012btas ar\u012b Eiropas valstis, tostarp Grie\u0137ija, Kipra un Malta.<\/p>\n<p>Aizliegums var\u0113tu b\u016bt da\u013ca no n\u0101kam\u0101s ES sankciju k\u0101rtas pret Krieviju, kas paredz\u0113ta 2026. gada s\u0101kum\u0101, nor\u0101d\u012bja &#8220;Reuters&#8221; sarunu biedri. Tom\u0113r vi\u0146i nor\u0101d\u012bja, ka ES v\u0113l\u0113tos, lai aizliegums tiktu apstiprin\u0101ts kop\u0101 ar pla\u0161\u0101ku G7 vieno\u0161anos, pirms ierosin\u0101t to n\u0101kamaj\u0101 sankciju k\u0101rt\u0101.<\/p>\n","protected":false},"excerpt":{"rendered":"Krievija eksport\u0113 vair\u0101k nek\u0101 tre\u0161da\u013cu savas naftas ar tankku\u0123iem &#8211; galvenok\u0101rt uz Indiju un \u0136\u012bnu -, izmantojot Rietumu&hellip;\n","protected":false},"author":2,"featured_media":68655,"comment_status":"","ping_status":"","sticky":false,"template":"","format":"standard","meta":{"footnotes":""},"categories":[14],"tags":[23,57,28,29,32,33,22,9910,234,30,31,35,39,38,36,37,34,40,2421,8093,20,26,27,9846,24,25,54,55,56,21,58],"class_list":{"0":"post-68654","1":"post","2":"type-post","3":"status-publish","4":"format-standard","5":"has-post-thumbnail","7":"category-zinas-no-arvalstim","8":"tag-aktualitates","9":"tag-arvalstim","10":"tag-breaking-news","11":"tag-breakingnews","12":"tag-featured-news","13":"tag-featurednews","14":"tag-headlines","15":"tag-kravas-parvadajumi-un-tranzits","16":"tag-krievija","17":"tag-latest-news","18":"tag-latestnews","19":"tag-latvia","20":"tag-latvian","21":"tag-latviesu","22":"tag-latviesu-valoda","23":"tag-latviesuvaloda","24":"tag-latvija","25":"tag-lv","26":"tag-nafta","27":"tag-naftas-cena","28":"tag-news","29":"tag-popularakas-zinas","30":"tag-popularakaszinas","31":"tag-tankkugis","32":"tag-top-stories","33":"tag-topstories","34":"tag-world","35":"tag-world-news","36":"tag-worldnews","37":"tag-zinas","38":"tag-zinas-no-arvalstim"},"share_on_mastodon":{"url":"https:\/\/pubeurope.com\/@lv\/115682975708569945","error":""},"_links":{"self":[{"href":"https:\/\/www.europesays.com\/lv\/wp-json\/wp\/v2\/posts\/68654","targetHints":{"allow":["GET"]}}],"collection":[{"href":"https:\/\/www.europesays.com\/lv\/wp-json\/wp\/v2\/posts"}],"about":[{"href":"https:\/\/www.europesays.com\/lv\/wp-json\/wp\/v2\/types\/post"}],"author":[{"embeddable":true,"href":"https:\/\/www.europesays.com\/lv\/wp-json\/wp\/v2\/users\/2"}],"replies":[{"embeddable":true,"href":"https:\/\/www.europesays.com\/lv\/wp-json\/wp\/v2\/comments?post=68654"}],"version-history":[{"count":0,"href":"https:\/\/www.europesays.com\/lv\/wp-json\/wp\/v2\/posts\/68654\/revisions"}],"wp:featuredmedia":[{"embeddable":true,"href":"https:\/\/www.europesays.com\/lv\/wp-json\/wp\/v2\/media\/68655"}],"wp:attachment":[{"href":"https:\/\/www.europesays.com\/lv\/wp-json\/wp\/v2\/media?parent=68654"}],"wp:term":[{"taxonomy":"category","embeddable":true,"href":"https:\/\/www.europesays.com\/lv\/wp-json\/wp\/v2\/categories?post=68654"},{"taxonomy":"post_tag","embeddable":true,"href":"https:\/\/www.europesays.com\/lv\/wp-json\/wp\/v2\/tags?post=68654"}],"curies":[{"name":"wp","href":"https:\/\/api.w.org\/{rel}","templated":true}]}}