{"id":68710,"date":"2025-12-08T09:04:08","date_gmt":"2025-12-08T09:04:08","guid":{"rendered":"https:\/\/www.europesays.com\/lv\/68710\/"},"modified":"2025-12-08T09:04:08","modified_gmt":"2025-12-08T09:04:08","slug":"pavests-leons-xiv-muzika-dieviska-davana-visiem","status":"publish","type":"post","link":"https:\/\/www.europesays.com\/lv\/68710\/","title":{"rendered":"P\u0101vests Leons XIV: m\u016bzika &#8211; dievi\u0161\u0137a d\u0101vana visiem"},"content":{"rendered":"<p>&#8220;M\u016bzika ir k\u0101 tilts, kas m\u016bs ved pie Dieva&#8221;, &#8211; p\u0113c koncerta teica Sv\u0113tais t\u0113vs. Vi\u0146\u0161 nor\u0101d\u012bja, ka t\u0101 nav nejau\u0161\u012bba, ka katr\u0101 kult\u016br\u0101 un valod\u0101 ir tik daudz Ziemassv\u0113tku dziesmu. &#8220;It k\u0101 Ziemassv\u0113tkus nevar\u0113tu svin\u0113t bez m\u016bzikas, bez slavas dziesm\u0101m,&#8221; piebilda Romas b\u012bskaps. <\/p>\n<p style=\"text-align: justify;\">Silvija Krivte\u017ea &#8211; Vatik\u0101ns<\/p>\n<p style=\"text-align: justify;\">Sestdienas vakar\u0101 P\u0101vila VI z\u0101l\u0113 Vatik\u0101n\u0101 notika kult\u016bras pas\u0101kums Concerto con i poveri \u2013 koncerts ar nabadz\u012bgajiem. \u0160\u0101ds pas\u0101kums notika jau sesto reizi. Pateicoties par koncertu, kas ik gadu pulc\u0113 kop\u0101 nabadz\u012bgos, labdarus un pasaulslavenus m\u0101ksliniekus, p\u0101vests \u012bpa\u0161i piemin\u0113ja kardin\u0101lu Konr\u0101du Krajevski, Vatik\u0101na labdar\u012bbas dikast\u0113rija prefektu.\u00a0Sv\u0113t\u0101 t\u0113va uzrunu vair\u0101kk\u0101rt p\u0101rtrauca ska\u013ci aplausi.\u00a0<\/p>\n<p style=\"text-align: justify;\">\u00abD\u0101rgie br\u0101\u013ci un m\u0101sas, miers lai ir ar jums!<\/p>\n<p style=\"text-align: justify;\">Man ir liels prieks par iesp\u0113ju piedal\u012bties kop\u0101 ar jums \u0161aj\u0101 koncert\u0101, kas dzimis \u2013 var\u0113tu teikt \u2013 no p\u0101vesta Franciska sirds.<\/p>\n<p style=\"text-align: justify;\">\u0160ovakar, melodij\u0101m aizkustinot m\u016bsu dv\u0113seles, m\u0113s sajut\u0101m m\u016bzikas nenov\u0113rt\u0113jamo v\u0113rt\u012bbu: t\u0101 nav grezn\u012bba, kas dom\u0101ta tikai da\u017eiem, bet gan dievi\u0161\u0137a d\u0101vana, kas pieejama visiem \u2013 bag\u0101tiem un nabadz\u012bgiem. T\u0101p\u0113c, sveicot katru no jums, man ir \u012bpa\u0161s prieks sveikt j\u016bs, br\u0101\u013ci un m\u0101sas, kuru d\u0113\u013c m\u0113s \u0161odien piedz\u012bvoj\u0101m \u0161o koncertu: paldies par j\u016bsu kl\u0101tb\u016btni!<\/p>\n<p style=\"text-align: justify;\">Es pateicos Romas diec\u0113zes \u0123ener\u0101lvik\u0101ram kardin\u0101lam Baldo Reinam, kardin\u0101lam Konr\u0101dam Krajevskim un Vatik\u0101na labdar\u012bbas dikast\u0113rija darbiniekiem, k\u0101 ar\u012b da\u017e\u0101d\u0101m karitat\u012bvaj\u0101m organiz\u0101cij\u0101m, kas sniedza konkr\u0113tu ieguld\u012bjumu \u0161\u012b pas\u0101kuma \u012bsteno\u0161an\u0101.<\/p>\n<p style=\"text-align: justify;\">M\u016bsu pateic\u012bba, protams, pien\u0101kas ar\u012b tiem, kas izpild\u012bja ska\u0146darbus un dziesmas ar apbr\u012bnojamu m\u0101kslinieciskumu un aizraut\u012bbu: Romas diec\u0113zes korim maestro Marko Frisinas vad\u012bb\u0101 kop\u0101 ar Nova Opera or\u0137estri. Un es nevaru aizmirst Nova Opera fondu un visus partnerus, kas padar\u012bja \u0161o pas\u0101kumu iesp\u0113jamu. \u012apa\u0161s paldies m\u0101ksliniekam Maiklam Bubl\u0113 par vi\u0146a kl\u0101tb\u016btni \u0161ovakar, k\u0101 ar\u012b Ser\u0113nai Autj\u0113ri kundzei.<\/p>\n<p style=\"text-align: justify;\">D\u0101rgie draugi, m\u016bzika ir k\u0101 tilts, kas m\u016bs ved pie Dieva. T\u0101 sp\u0113j izteikt m\u016bsu j\u016btas, emocijas un dv\u0113seles dzi\u013c\u0101k\u0101s ilgas, pace\u013cot t\u0101s aug\u0161up, p\u0101rveidojot t\u0101s par k\u0101pn\u0113m, kas savieno zemi un debesis. J\u0101, m\u016bzika var pacelt m\u016bsu dv\u0113seles! Ne t\u0101p\u0113c, ka t\u0101 nov\u0113r\u0161 m\u016bsu uzman\u012bbu no m\u016bsu cie\u0161an\u0101m, ne t\u0101p\u0113c, ka t\u0101 m\u016bs apdullina vai liek aizmirst dz\u012bves probl\u0113mas un sare\u017e\u0123\u012bt\u0101s situ\u0101cijas, bet gan t\u0101p\u0113c, ka t\u0101 mums atg\u0101dina, ka m\u0113s neesam tikai m\u0113s, bet esam daudz vair\u0101k nek\u0101 tikai m\u016bsu probl\u0113mas un m\u016bsu raizes; m\u0113s esam Dieva m\u012b\u013cotie b\u0113rni!<\/p>\n<p style=\"text-align: justify;\">T\u0101 nav nejau\u0161\u012bba, ka Ziemassv\u0113tku laiks ir tik bag\u0101ts ar tradicion\u0101l\u0101m dziesm\u0101m, kas skan vis\u0101s valod\u0101s, vis\u0101s kult\u016br\u0101s. It k\u0101 \u0161o Nosl\u0113pumu nevar\u0113tu svin\u0113t bez m\u016bzikas, bez slavas dziesm\u0101m. Galu gal\u0101 pats Eva\u0146\u0123\u0113lijs mums st\u0101sta, ka, kam\u0113r J\u0113zus piedzima Betl\u0113mes stall\u012b, debes\u012bs notika liels e\u0146\u0123e\u013cu koncerts! Un kas dzird\u0113ja \u0161o koncertu? Kam e\u0146\u0123e\u013ci par\u0101d\u012bj\u0101s? Ganiem, kas nakt\u012b sarg\u0101ja savu gan\u0101mpulku (sk. Lk 2.13-14).<\/p>\n<p style=\"text-align: justify;\">D\u0101rgie draugi, \u0161aj\u0101 Adventa laik\u0101 gatavosimies tikties ar Kungu, kas n\u0101k! Par\u016bp\u0113simies, lai m\u016bsu sirdis neb\u016btu nom\u0101ktas, piln\u012bb\u0101 p\u0101r\u0146emtas ar savt\u012bg\u0101m interes\u0113m un materi\u0101l\u0101m r\u016bp\u0113m, bet lai m\u0113s b\u016btu modri, uzman\u012bgi pret citiem, pret tiem, kam nepiecie\u0161ama m\u016bsu pal\u012bdz\u012bba; lai m\u0113s b\u016btu gatavi klaus\u012bties Dieva m\u012blest\u012bbas dziesmu, kas ir J\u0113zus Kristus. J\u0101, J\u0113zus ir Dieva m\u012blest\u012bbas dziesma cilv\u0113cei. Ieklaus\u012bsimies \u0161aj\u0101 dziesm\u0101! Iem\u0101c\u012bsimies to labi, lai ar\u012b m\u0113s var\u0113tu to dzied\u0101t ar savu dz\u012bvi.<\/p>\n<p style=\"text-align: justify;\">Paldies jums visiem! Lai Dievs j\u016bs sv\u0113t\u012b. Lai sv\u0113t\u012bgs Adventa ce\u013cojums un priec\u012bgus Ziemassv\u0113tkus!\u00bb<\/p>\n<p>    <img decoding=\"async\" src=\"data:image\/gif;base64,R0lGODlhAQABAIAAAAAAAP\/\/\/yH5BAEAAAAALAAAAAABAAEAAAIBRAA7\" data-original=\"https:\/\/www.vaticannews.va\/content\/dam\/vaticannews\/agenzie\/images\/srv\/2025\/12\/06\/2025-12-06-concerto-con-i-poveri\/1765046248701.JPG\/_jcr_content\/renditions\/cq5dam.thumbnail.cropped.750.422.jpeg\" alt=\"Koncerts Vatik\u0101na VI z\u0101l\u0113 Vatik\u0101n\u0101\" title=\"Koncerts Vatik\u0101na VI z\u0101l\u0113 Vatik\u0101n\u0101\"\/><\/p>\n<p>\n   Koncerts Vatik\u0101na VI z\u0101l\u0113 Vatik\u0101n\u0101 \u00a0 (@VATICAN MEDIA)\n  <\/p>\n<p>\u00a0<\/p>\n","protected":false},"excerpt":{"rendered":"&#8220;M\u016bzika ir k\u0101 tilts, kas m\u016bs ved pie Dieva&#8221;, &#8211; p\u0113c koncerta teica Sv\u0113tais t\u0113vs. Vi\u0146\u0161 nor\u0101d\u012bja, ka&hellip;\n","protected":false},"author":2,"featured_media":68711,"comment_status":"","ping_status":"","sticky":false,"template":"","format":"standard","meta":{"footnotes":""},"categories":[5],"tags":[23,28,29,32,33,22,30,31,35,39,38,36,37,34,40,20,26,27,24,25,21],"class_list":{"0":"post-68710","1":"post","2":"type-post","3":"status-publish","4":"format-standard","5":"has-post-thumbnail","7":"category-aktualitates","8":"tag-aktualitates","9":"tag-breaking-news","10":"tag-breakingnews","11":"tag-featured-news","12":"tag-featurednews","13":"tag-headlines","14":"tag-latest-news","15":"tag-latestnews","16":"tag-latvia","17":"tag-latvian","18":"tag-latviesu","19":"tag-latviesu-valoda","20":"tag-latviesuvaloda","21":"tag-latvija","22":"tag-lv","23":"tag-news","24":"tag-popularakas-zinas","25":"tag-popularakaszinas","26":"tag-top-stories","27":"tag-topstories","28":"tag-zinas"},"share_on_mastodon":{"url":"https:\/\/pubeurope.com\/@lv\/115683148778570499","error":""},"_links":{"self":[{"href":"https:\/\/www.europesays.com\/lv\/wp-json\/wp\/v2\/posts\/68710","targetHints":{"allow":["GET"]}}],"collection":[{"href":"https:\/\/www.europesays.com\/lv\/wp-json\/wp\/v2\/posts"}],"about":[{"href":"https:\/\/www.europesays.com\/lv\/wp-json\/wp\/v2\/types\/post"}],"author":[{"embeddable":true,"href":"https:\/\/www.europesays.com\/lv\/wp-json\/wp\/v2\/users\/2"}],"replies":[{"embeddable":true,"href":"https:\/\/www.europesays.com\/lv\/wp-json\/wp\/v2\/comments?post=68710"}],"version-history":[{"count":0,"href":"https:\/\/www.europesays.com\/lv\/wp-json\/wp\/v2\/posts\/68710\/revisions"}],"wp:featuredmedia":[{"embeddable":true,"href":"https:\/\/www.europesays.com\/lv\/wp-json\/wp\/v2\/media\/68711"}],"wp:attachment":[{"href":"https:\/\/www.europesays.com\/lv\/wp-json\/wp\/v2\/media?parent=68710"}],"wp:term":[{"taxonomy":"category","embeddable":true,"href":"https:\/\/www.europesays.com\/lv\/wp-json\/wp\/v2\/categories?post=68710"},{"taxonomy":"post_tag","embeddable":true,"href":"https:\/\/www.europesays.com\/lv\/wp-json\/wp\/v2\/tags?post=68710"}],"curies":[{"name":"wp","href":"https:\/\/api.w.org\/{rel}","templated":true}]}}