{"id":68712,"date":"2025-12-08T09:05:07","date_gmt":"2025-12-08T09:05:07","guid":{"rendered":"https:\/\/www.europesays.com\/lv\/68712\/"},"modified":"2025-12-08T09:05:07","modified_gmt":"2025-12-08T09:05:07","slug":"dailes-teatris-un-sudden-lights-aicina-uz-ziemassvetku-koncertu-peksni-gaisma-lente-lv-2","status":"publish","type":"post","link":"https:\/\/www.europesays.com\/lv\/68712\/","title":{"rendered":"Dailes te\u0101tris un \u201cSudden Lights\u201d aicina uz Ziemassv\u0113tku koncertu \u201cP\u0113k\u0161\u0146i gaism\u0101\u201d\u00a0\u2014\u00a0Lente.lv"},"content":{"rendered":"<p>Dailes te\u0101tris aicina uz Ziemassv\u0113tku koncertu \u201cP\u0113k\u0161\u0146i gaism\u0101\u201d ar grupas Sudden Lights un jaunajiem aktieriem<\/p>\n<p>Tuvojoties m\u012blest\u012bbas un gaismas sv\u0113tkiem, Dailes te\u0101tris d\u0101vina skat\u012bt\u0101jiem \u012bpa\u0161u Ziemassv\u0113tku koncertuzvedumu \u201cP\u0113k\u0161\u0146i gaism\u0101\u201d. \u0160\u012b gada kr\u0101\u0161\u0146ais notikums, kas pirmizr\u0101di piedz\u012bvoja 2025. gada 19. decembr\u012b, apvieno Dailes te\u0101tra 10. studijas topo\u0161o aktieru talantu ar ener\u0123isk\u0101s grupas \u201cSudden Lights\u201d muzik\u0101lo sniegumu. Kop\u0101 vi\u0146i aicina uz aizraujo\u0161u ce\u013cojumu cauri Ziemassv\u0113tku trad\u012bcij\u0101m un person\u012bgaj\u0101m atmi\u0146\u0101m, radot neaizmirstamu sv\u0113tku atmosf\u0113ru gan jaunie\u0161iem, gan pieaugu\u0161ajiem.<\/p>\n<p>Ziemassv\u0113tku b\u016bt\u012bba caur jaunatnes prizmu<\/p>\n<p>\u201cP\u0113k\u0161\u0146i gaism\u0101\u201d nav vienk\u0101r\u0161i koncerts; tas ir st\u0101sts par to, ko Ziemassv\u0113tki noz\u012bm\u0113 m\u016bsdienu jaunie\u0161iem un k\u0101 vi\u0146i saskata to neatk\u0101rtojamo, balto un siltuma pilno saj\u016btu, kas raksturo \u0161os sv\u0113tkus. Dailes te\u0101tra 10. studijas jaunie aktieri kop\u0101 ar grupu \u201cSudden Lights\u201d dal\u012bsies sav\u0101s p\u0101rdom\u0101s, atmi\u0146\u0101s un izj\u016bt\u0101s, veidojot dinamisku un dzirksto\u0161u priek\u0161nesumu. Koncerta programma aptver pla\u0161u muzik\u0101lo spektru \u2013 no sen\u0101m latvie\u0161u tautasdziesm\u0101m l\u012bdz pat m\u016bsdienu popul\u0101rai m\u016bzikai, apl\u016bkojot Ziemassv\u0113tku trad\u012bcijas da\u017e\u0101dos laikos un savijot sen\u010du gudr\u012bbas ar pa\u0161u pieredz\u0113to un sajusto. Tas ir aicin\u0101jums apst\u0101ties ikdienas steidz\u012bgaj\u0101 skr\u0113jien\u0101, lai kop\u012bgi izbaud\u012btu sv\u0113tku burv\u012bbu.<\/p>\n<blockquote>\n<p>\u201cKas katram no mums ir Ziemassv\u0113tki? Tie ir atmi\u0146u un \u0123imenes trad\u012bciju sv\u0113tki, m\u016bzika, kas skan m\u0101j\u0101s un pal\u012bdz sajust tuvo\u0161anos br\u012bnumu laikam. Tas ir br\u012bdis, kad v\u0113lamies apst\u0101ties sav\u0101 ikdienas steig\u0101 un b\u016bt kop\u0101 ar sev tuviem cilv\u0113kiem,\u201d atz\u012bst re\u017eisors J\u0101nis Znoti\u0146\u0161.<\/p>\n<\/blockquote>\n<p>Sadarb\u012bba ar \u201cSudden Lights\u201d sniedz \u012bpa\u0161u ener\u0123iju<\/p>\n<p>Grupa \u201cSudden Lights\u201d, kas paz\u012bstama ar savu ener\u0123isko skan\u0113jumu un aizraujo\u0161ajiem priek\u0161nesumiem, sniedz koncertam unik\u0101lu dinamiku un m\u016bsdien\u012bgu piesitienu. Vi\u0146u kl\u0101tb\u016btne uz skatuves kop\u0101 ar jaunajiem aktieriem sola ne tikai muzik\u0101lu baud\u012bjumu, bet ar\u012b spilgtas emocijas un jaun\u012bbas maksim\u0101lismu, kas lieliski saskan ar Ziemassv\u0113tku gaid\u012b\u0161anas prieku. \u0160\u012b sadarb\u012bba starp te\u0101tri un m\u016bzi\u0137iem ir k\u0101 gaismas staru savijums, radot \u012bpa\u0161u atmosf\u0113ru.<\/p>\n<p>Praktisk\u0101 inform\u0101cija un rado\u0161\u0101 komanda<\/p>\n<p>Koncerts \u201cP\u0113k\u0161\u0146i gaism\u0101\u201d notiek Dailes te\u0101tra Lielaj\u0101 z\u0101l\u0113. Pirmizr\u0101de bija 2025. gada 19. decembr\u012b, un decembra m\u0113nes\u012b paredz\u0113ti vair\u0101ki papildkoncerti, lai ikviens var\u0113tu izbaud\u012bt \u0161o sv\u0113tku br\u012bnumu. Tuv\u0101kie koncerti notiks 27., 28. un 30. decembr\u012b. Bi\u013cetes uz daudziem seansiem jau ir izp\u0101rdotas, kas apliecina koncerta popularit\u0101ti. Rado\u0161aj\u0101 komand\u0101 str\u0101d\u0101ju\u0161i re\u017eisors J\u0101nis Znoti\u0146\u0161, dramatur\u0123e Ance Mui\u017eniece, scenogr\u0101fe un kost\u012bmu m\u0101ksliniece Pamela But\u0101ne, muzik\u0101lais vad\u012bt\u0101js Juris Vaivods, horeogr\u0101fe Liene Grava un gaismu m\u0101ksliniece J\u016blija Bondarenko.<\/p>\n","protected":false},"excerpt":{"rendered":"Dailes te\u0101tris aicina uz Ziemassv\u0113tku koncertu \u201cP\u0113k\u0161\u0146i gaism\u0101\u201d ar grupas Sudden Lights un jaunajiem aktieriem Tuvojoties m\u012blest\u012bbas un&hellip;\n","protected":false},"author":2,"featured_media":68713,"comment_status":"","ping_status":"","sticky":false,"template":"","format":"standard","meta":{"footnotes":""},"categories":[19],"tags":[454,89,90,35,39,38,36,37,34,40,17412,6325,17625,6414],"class_list":{"0":"post-68712","1":"post","2":"type-post","3":"status-publish","4":"format-standard","5":"has-post-thumbnail","7":"category-izklaide","8":"tag-dailes-teatris","9":"tag-entertainment","10":"tag-izklaide","11":"tag-latvia","12":"tag-latvian","13":"tag-latviesu","14":"tag-latviesu-valoda","15":"tag-latviesuvaloda","16":"tag-latvija","17":"tag-lv","18":"tag-peksni-gaisma","19":"tag-sudden-lights","20":"tag-toposie-aktieri","21":"tag-ziemassvetku-koncerts"},"share_on_mastodon":{"url":"https:\/\/pubeurope.com\/@lv\/115683152582487012","error":""},"_links":{"self":[{"href":"https:\/\/www.europesays.com\/lv\/wp-json\/wp\/v2\/posts\/68712","targetHints":{"allow":["GET"]}}],"collection":[{"href":"https:\/\/www.europesays.com\/lv\/wp-json\/wp\/v2\/posts"}],"about":[{"href":"https:\/\/www.europesays.com\/lv\/wp-json\/wp\/v2\/types\/post"}],"author":[{"embeddable":true,"href":"https:\/\/www.europesays.com\/lv\/wp-json\/wp\/v2\/users\/2"}],"replies":[{"embeddable":true,"href":"https:\/\/www.europesays.com\/lv\/wp-json\/wp\/v2\/comments?post=68712"}],"version-history":[{"count":0,"href":"https:\/\/www.europesays.com\/lv\/wp-json\/wp\/v2\/posts\/68712\/revisions"}],"wp:featuredmedia":[{"embeddable":true,"href":"https:\/\/www.europesays.com\/lv\/wp-json\/wp\/v2\/media\/68713"}],"wp:attachment":[{"href":"https:\/\/www.europesays.com\/lv\/wp-json\/wp\/v2\/media?parent=68712"}],"wp:term":[{"taxonomy":"category","embeddable":true,"href":"https:\/\/www.europesays.com\/lv\/wp-json\/wp\/v2\/categories?post=68712"},{"taxonomy":"post_tag","embeddable":true,"href":"https:\/\/www.europesays.com\/lv\/wp-json\/wp\/v2\/tags?post=68712"}],"curies":[{"name":"wp","href":"https:\/\/api.w.org\/{rel}","templated":true}]}}