{"id":68714,"date":"2025-12-08T09:08:07","date_gmt":"2025-12-08T09:08:07","guid":{"rendered":"https:\/\/www.europesays.com\/lv\/68714\/"},"modified":"2025-12-08T09:08:07","modified_gmt":"2025-12-08T09:08:07","slug":"ungarija-velas-uzlabot-ekonomiskas-attiecibas-ar-maskavu-krievijas-tirgu-paradas-rietumu-preces-raksts","status":"publish","type":"post","link":"https:\/\/www.europesays.com\/lv\/68714\/","title":{"rendered":"Ung\u0101rija v\u0113las uzlabot ekonomisk\u0101s attiec\u012bbas ar Maskavu; Krievijas tirg\u016b par\u0101d\u0101s Rietumu preces \/ Raksts"},"content":{"rendered":"<p>Decembra s\u0101kum\u0101 uz Maskavu dosies liela deleg\u0101cija no Ung\u0101rijas, un galvenais t\u0101s uzdevums b\u016bs ekonomiskie jaut\u0101jumu. P\u0113c ung\u0101ru premjera Viktora Orb\u0101na teikt\u0101, jau tagad esot j\u0101dom\u0101\u00a0par &#8220;mieru p\u0113c kara un p\u0113c sankcij\u0101m&#8221;.<\/p>\n<p>&#8220;Mums ir j\u0101r\u012bkojas apsteidzo\u0161i, jo, ja Dievs mums pal\u012bdz\u0113s un kar\u0161 beigsies bez m\u016bsu iesaistes, un, ja ASV prezidentam izdosies atkal integr\u0113t Krieviju pasaules ekonomik\u0101 un atcelt sankcijas, m\u0113s non\u0101ksim piln\u012bgi cit\u0101 ekonomiskaj\u0101 telp\u0101,&#8221; t\u0101 uzsv\u0113ra Orb\u0101ns.<\/p>\n<p>Vi\u0146\u0161 piebilda, ka risina sarunas gan ar ASV, gan Krieviju, ta\u010du nevar &#8220;atkl\u0101t visas deta\u013cas&#8221;.<\/p>\n<blockquote>\n<p>Ung\u0101rijas naftas un g\u0101zes komp\u0101nija &#8220;MOL&#8221; pl\u0101no ieg\u0101d\u0101ties naftas p\u0101rstr\u0101des r\u016bpn\u012bcas un degvielas uzpildes stacijas Eirop\u0101, kas pieder Krievijas komp\u0101nij\u0101m &#8220;Lukoil&#8221; un &#8220;Gazprom&#8221;.<\/p>\n<\/blockquote>\n<p>T\u0101pat MOL v\u0113las piedal\u012bties naftas ieguv\u0113 Kazahst\u0101n\u0101 un Azerbaid\u017e\u0101n\u0101.<\/p>\n<p>Savuk\u0101rt sp\u0101\u0146u koncerna &#8220;Inditex&#8221; pre\u010du z\u012bmes, tai skait\u0101 &#8220;Zara&#8221;, p\u0113c gandr\u012bz diviem gadiem kop\u0161 aizie\u0161anas, atkal par\u0101d\u012bju\u0161\u0101s Krievijas tirg\u016b.<\/p>\n<p>Lai gan &#8220;Inditex&#8221; apgalvo, ka nepl\u0101no atgriezties Krievij\u0101, &#8220;Zara&#8221;, &#8220;Bershka&#8221;, &#8220;Massimo Dutti&#8221;, &#8220;Stradivarius&#8221; un citu z\u012bmolu ap\u0123\u0113rbs \u0161obr\u012bd tiek p\u0101rdots viet\u0113j\u0101s mazumtirdzniec\u012bbas t\u012bkla &#8220;Tvoe&#8221; veikalos.<\/p>\n<p>P\u0113c &#8220;Tvoe&#8221; datiem, devi\u0146i vi\u0146u veikali s\u0101ku\u0161i p\u0101rdot &#8220;Zara&#8221; preces jau septembr\u012b. K\u0101 nor\u0101d\u012bts uz\u0146\u0113muma m\u0101jaslap\u0101, \u0161obr\u012bd produkcija pieejama 19 tirdzniec\u012bbas viet\u0101s. &#8220;Tvoe&#8221; uzsver, ka tiem nav tie\u0161u pieg\u0101des l\u012bgumu ar &#8220;Inditex&#8221;, un par iesp\u0113jamajiem dar\u012bjumiem uz\u0146\u0113mums neizpau\u017e inform\u0101ciju konfidencialit\u0101tes pras\u012bbu d\u0113\u013c.<\/p>\n<p>                    Valodas k\u013c\u016bda rakst\u0101?<\/p>\n<p class=\"d-none d-md-block\">Iez\u012bm\u0113jiet tekstu un spiediet Ctrl+Enter, lai nos\u016bt\u012btu labojamo teksta fragmentu redaktoram! Par faktu k\u013c\u016bd\u0101m l\u016bdzam zi\u0146ot e-past\u0101 <a href=\"https:\/\/www.lsm.lv\/cdn-cgi\/l\/email-protection\" class=\"__cf_email__\" data-cfemail=\"c1b3a4a5a0aaa2a8aba081adb2acefadb7\" rel=\"nofollow noopener\" target=\"_blank\">[email\u00a0protected]<\/a>.<\/p>\n<p class=\"d-md-none\">Iez\u012bm\u0113jiet tekstu un spiediet uz Zi\u0146ot par k\u013c\u016bdu pogas, lai nos\u016bt\u012btu labojamo teksta fragmentu redaktoram!<\/p>\n<p>\n                    Zi\u0146ot par k\u013c\u016bdu\n                <\/p>\n","protected":false},"excerpt":{"rendered":"Decembra s\u0101kum\u0101 uz Maskavu dosies liela deleg\u0101cija no Ung\u0101rijas, un galvenais t\u0101s uzdevums b\u016bs ekonomiskie jaut\u0101jumu. P\u0113c ung\u0101ru&hellip;\n","protected":false},"author":2,"featured_media":68715,"comment_status":"","ping_status":"","sticky":false,"template":"","format":"standard","meta":{"footnotes":""},"categories":[14],"tags":[23,57,28,29,32,33,22,30,31,35,39,38,36,37,34,40,20,26,27,24,25,54,55,56,21,58],"class_list":{"0":"post-68714","1":"post","2":"type-post","3":"status-publish","4":"format-standard","5":"has-post-thumbnail","7":"category-zinas-no-arvalstim","8":"tag-aktualitates","9":"tag-arvalstim","10":"tag-breaking-news","11":"tag-breakingnews","12":"tag-featured-news","13":"tag-featurednews","14":"tag-headlines","15":"tag-latest-news","16":"tag-latestnews","17":"tag-latvia","18":"tag-latvian","19":"tag-latviesu","20":"tag-latviesu-valoda","21":"tag-latviesuvaloda","22":"tag-latvija","23":"tag-lv","24":"tag-news","25":"tag-popularakas-zinas","26":"tag-popularakaszinas","27":"tag-top-stories","28":"tag-topstories","29":"tag-world","30":"tag-world-news","31":"tag-worldnews","32":"tag-zinas","33":"tag-zinas-no-arvalstim"},"share_on_mastodon":{"url":"https:\/\/pubeurope.com\/@lv\/115683164386107497","error":""},"_links":{"self":[{"href":"https:\/\/www.europesays.com\/lv\/wp-json\/wp\/v2\/posts\/68714","targetHints":{"allow":["GET"]}}],"collection":[{"href":"https:\/\/www.europesays.com\/lv\/wp-json\/wp\/v2\/posts"}],"about":[{"href":"https:\/\/www.europesays.com\/lv\/wp-json\/wp\/v2\/types\/post"}],"author":[{"embeddable":true,"href":"https:\/\/www.europesays.com\/lv\/wp-json\/wp\/v2\/users\/2"}],"replies":[{"embeddable":true,"href":"https:\/\/www.europesays.com\/lv\/wp-json\/wp\/v2\/comments?post=68714"}],"version-history":[{"count":0,"href":"https:\/\/www.europesays.com\/lv\/wp-json\/wp\/v2\/posts\/68714\/revisions"}],"wp:featuredmedia":[{"embeddable":true,"href":"https:\/\/www.europesays.com\/lv\/wp-json\/wp\/v2\/media\/68715"}],"wp:attachment":[{"href":"https:\/\/www.europesays.com\/lv\/wp-json\/wp\/v2\/media?parent=68714"}],"wp:term":[{"taxonomy":"category","embeddable":true,"href":"https:\/\/www.europesays.com\/lv\/wp-json\/wp\/v2\/categories?post=68714"},{"taxonomy":"post_tag","embeddable":true,"href":"https:\/\/www.europesays.com\/lv\/wp-json\/wp\/v2\/tags?post=68714"}],"curies":[{"name":"wp","href":"https:\/\/api.w.org\/{rel}","templated":true}]}}