{"id":68718,"date":"2025-12-08T09:10:07","date_gmt":"2025-12-08T09:10:07","guid":{"rendered":"https:\/\/www.europesays.com\/lv\/68718\/"},"modified":"2025-12-08T09:10:07","modified_gmt":"2025-12-08T09:10:07","slug":"asv-pentagona-vaditajs-hegsets-nonak-smaga-krize","status":"publish","type":"post","link":"https:\/\/www.europesays.com\/lv\/68718\/","title":{"rendered":"ASV Pentagona vad\u012bt\u0101js Hegsets non\u0101k smag\u0101 kr\u012bz\u0113"},"content":{"rendered":"<p class=\"descr\">P\u012bts Hegsets saskaras ar nopietn\u0101ko kr\u012bzi sav\u0101 aizsardz\u012bbas (kara) ministra amat\u0101, ko p\u0101r\u0146\u0113mu\u0161as aps\u016bdz\u012bbas par kara noziegumiem Kar\u012bbu j\u016bras re\u0123ion\u0101 un skarbs \u0123ener\u0101linspektora zi\u0146ojums, kur\u0101 vi\u0146\u0161 tiek aps\u016bdz\u0113ts slepenas milit\u0101r\u0101s izl\u016bko\u0161anas inform\u0101cijas nepareiz\u0101 apstr\u0101d\u0113, v\u0113sta \u201cThe Guardian\u201d.<\/p>\n<p>Tom\u0113r, neskatoties uz garo <a href=\"https:\/\/nra.lv\/birka\/problemas\/\" target=\"_blank\" rel=\"noopener nofollow\">probl\u0113mu<\/a> sarakstu un abu partiju likumdev\u0113ju aicin\u0101jumiem atk\u0101pties no amata, Hegsets neizr\u0101da nek\u0101das atk\u0101p\u0161an\u0101s paz\u012bmes un joproj\u0101m bauda Donalda Trampa atbalstu.<\/p>\n<p>Divk\u0101r\u0161a <a href=\"https:\/\/nra.lv\/birka\/krize\/\" target=\"_blank\" rel=\"noopener nofollow\">kr\u012bze<\/a> ir p\u0101r\u0146\u0113musi biju\u0161o \u201cFox News\u201d \u0113ter\u0101 person\u012bbu atsevi\u0161\u0137\u0101s, bet p\u0101rkl\u0101jo\u0161\u0101s aps\u016bdz\u012bb\u0101s, kas, p\u0113c likumdev\u0113ju, politikas ekspertu un biju\u0161o amatpersonu dom\u0101m, atkl\u0101j b\u012bstamas neapdom\u012bbas modeli <a href=\"https:\/\/nra.lv\/birka\/pentagons\/\" target=\"_blank\" rel=\"noopener nofollow\">Pentagona<\/a> vad\u012bb\u0101.<\/p>\n<p>Demokr\u0101tu likumdev\u0113ji ir atjaunoju\u0161i aicin\u0101jumus vi\u0146u atlaist p\u0113c tam, kad tika atkl\u0101ts, ka izdz\u012bvoju\u0161ie, kas tur\u0113j\u0101s pie septembr\u012b notiku\u0161\u0101s ku\u0123a av\u0101rijas vrakiem, tika t\u012b\u0161i nogalin\u0101ti &#8220;dubult\u0101&#8221; <a href=\"https:\/\/nra.lv\/birka\/uzbrukums\/\" target=\"_blank\" rel=\"noopener nofollow\">uzbrukum\u0101<\/a>, savuk\u0101rt ceturtdien public\u0113t\u0101 Aizsardz\u012bbas ministrijas izmekl\u0113\u0161an\u0101 secin\u0101ts, ka vi\u0146\u0161 p\u0101rk\u0101pis Pentagona politiku, da\u017eas stundas pirms gaisa triecieniem Jemen\u0101 kop\u012bgojot sensit\u012bvu inform\u0101ciju, izmantojot zi\u0146ojumapmai\u0146as lietotni \u201cSignal\u201d.<\/p>\n<p>Jaun\u0101k\u0101 pretruna rodas laik\u0101, kad Kar\u012bbu j\u016bras re\u0123iona kampa\u0146as centr\u0101 ir <a href=\"https:\/\/nra.lv\/birka\/trampa-administracija\/\" target=\"_blank\" rel=\"noopener nofollow\">Trampa administr\u0101cijas<\/a> \u0101rpustiesas uzbrukumi aizdom\u0101s tur\u0113tajiem narkotiku kontrabandistiem, kuru laik\u0101 kop\u0161 septembra nogalin\u0101ti vismaz 87 cilv\u0113ki. Tramps ir pamatojis oper\u0101ciju k\u0101 b\u016btisku fentanila tirdzniec\u012bbas apkaro\u0161anai, apgalvojot, ka katrs izn\u012bcin\u0101tais ku\u0123is gl\u0101bj 25 000 amerik\u0101\u0146u dz\u012bv\u012bbu, lai gan faktu p\u0101rbaud\u012bt\u0101ji, biju\u0161ie ier\u0113d\u0146i un narkotiku politikas eksperti \u0161o skaitli ir nosauku\u0161i par absurdu, nor\u0101dot, ka fentanils galvenok\u0101rt non\u0101k Amerikas Savienotaj\u0101s Valst\u012bs pa sauszemi no Meksikas, nevis ar Kar\u012bbu j\u016bras re\u0123iona ku\u0123iem no Venecu\u0113las.<\/p>\n<p>Uzbrukumu likum\u012bba non\u0101ca pastiprin\u0101tas p\u0101rbaudes centr\u0101 p\u0113c tam, kad sabiedr\u012bba uzzin\u0101ja, ka divi v\u012brie\u0161i, kas izdz\u012bvoja s\u0101kotn\u0113j\u0101 2. septembra uzbrukum\u0101, bija redzami starp ku\u0123a atl\u016bz\u0101m, kad tika pav\u0113l\u0113ts veikt n\u0101v\u0113jo\u0161u atk\u0101rtotu triecienu. Lai gan s\u0101kotn\u0113ji <a href=\"https:\/\/nra.lv\/birka\/pits-hegsets\/\" target=\"_blank\" rel=\"noopener nofollow\">Hegsets<\/a> noraid\u012bja zi\u0146ojumu k\u0101 safabric\u0113tu, vi\u0146\u0161 v\u0113l\u0101k \u0161oned\u0113\u013c kabineta s\u0113d\u0113 apstiprin\u0101ja pamatfaktus, sakot, ka r\u012bkojies &#8220;kara migl\u0101&#8221;, bet &#8220;nepalika&#8221;, lai nov\u0113rotu atliku\u0161o misijas da\u013cu.<\/p>\n<p>Senatore Petija Mareja, Sen\u0101ta apropri\u0101ciju komitejas demokr\u0101tu priek\u0161s\u0113d\u0113t\u0101ja vietniece, ceturtdien p\u0113c divpus\u0113jas br\u012bfinga par incidentu aicin\u0101ja atlaist Hegsetu. &#8220;Starp \u0161\u012bs kampa\u0146as p\u0101rraudz\u012bbu Kar\u012bbu j\u016bras re\u0123ion\u0101, <a href=\"https:\/\/nra.lv\/birka\/asv-karaviri\/\" target=\"_blank\" rel=\"noopener nofollow\">ASV karav\u012bru<\/a> dz\u012bv\u012bbu risk\u0113\u0161anu, daloties kara pl\u0101nos Signal kan\u0101l\u0101, un tik daudz ko citu, nevar\u0113tu b\u016bt ac\u012bmredzam\u0101ks, ka sekret\u0101rs Hegsets nav piem\u0113rots \u0161im amatam, un vi\u0146am ir pien\u0101cis laiks aiziet,&#8221; sac\u012bja Mareja.<\/p>\n<p>Lai gan liel\u0101k\u0101 da\u013ca aicin\u0101jumu Hegsetam atk\u0101pties no amata ir n\u0101ku\u0161i no demokr\u0101tiem, ar\u012b da\u017ei republik\u0101\u0146i ir paudu\u0161i savas ba\u017eas. Senators Rands Pols nor\u0101d\u012bja, ka Hegsets ir <a href=\"https:\/\/nra.lv\/birka\/meli\/\" target=\"_blank\" rel=\"noopener nofollow\">melojis<\/a> par septembra uzbrukumu laivai, sakot, ka aizsardz\u012bbas ministrs vai nu &#8220;mums meloja, vai ar\u012b ir nekompetents un nezin\u0101ja, ka tas notika&#8221;. Republik\u0101\u0146u kongresmenis Dons Beikons CNN sac\u012bja, ka vi\u0146\u0161 ir &#8220;redz\u0113jis pietiekami daudz&#8221;, lai secin\u0101tu, ka Hegsets nav \u012bstais vad\u012bt\u0101js Pentagonam.<\/p>\n<p>\t\t\t\t\t\tinfo<\/p>\n<p>Uzzini pirmais<br \/>kas interesants noticis Latvij\u0101 un pasaul\u0113,<br \/>pievienojoties mums <a href=\"https:\/\/t.me\/neatkariga\" rel=\"nofollow\">Telegram<\/a> vai <a href=\"https:\/\/whatsapp.com\/channel\/0029VaMLFUH5K3zLU5s4wm3y\" rel=\"nofollow noopener\" target=\"_blank\">Whatsapp<\/a> kan\u0101l\u0101<\/p>\n","protected":false},"excerpt":{"rendered":"P\u012bts Hegsets saskaras ar nopietn\u0101ko kr\u012bzi sav\u0101 aizsardz\u012bbas (kara) ministra amat\u0101, ko p\u0101r\u0146\u0113mu\u0161as aps\u016bdz\u012bbas par kara noziegumiem Kar\u012bbu&hellip;\n","protected":false},"author":2,"featured_media":68719,"comment_status":"","ping_status":"","sticky":false,"template":"","format":"standard","meta":{"footnotes":""},"categories":[5],"tags":[23,28,29,32,33,22,30,31,35,39,38,36,37,34,40,20,26,27,24,25,21],"class_list":{"0":"post-68718","1":"post","2":"type-post","3":"status-publish","4":"format-standard","5":"has-post-thumbnail","7":"category-aktualitates","8":"tag-aktualitates","9":"tag-breaking-news","10":"tag-breakingnews","11":"tag-featured-news","12":"tag-featurednews","13":"tag-headlines","14":"tag-latest-news","15":"tag-latestnews","16":"tag-latvia","17":"tag-latvian","18":"tag-latviesu","19":"tag-latviesu-valoda","20":"tag-latviesuvaloda","21":"tag-latvija","22":"tag-lv","23":"tag-news","24":"tag-popularakas-zinas","25":"tag-popularakaszinas","26":"tag-top-stories","27":"tag-topstories","28":"tag-zinas"},"share_on_mastodon":{"url":"https:\/\/pubeurope.com\/@lv\/115683172276508239","error":""},"_links":{"self":[{"href":"https:\/\/www.europesays.com\/lv\/wp-json\/wp\/v2\/posts\/68718","targetHints":{"allow":["GET"]}}],"collection":[{"href":"https:\/\/www.europesays.com\/lv\/wp-json\/wp\/v2\/posts"}],"about":[{"href":"https:\/\/www.europesays.com\/lv\/wp-json\/wp\/v2\/types\/post"}],"author":[{"embeddable":true,"href":"https:\/\/www.europesays.com\/lv\/wp-json\/wp\/v2\/users\/2"}],"replies":[{"embeddable":true,"href":"https:\/\/www.europesays.com\/lv\/wp-json\/wp\/v2\/comments?post=68718"}],"version-history":[{"count":0,"href":"https:\/\/www.europesays.com\/lv\/wp-json\/wp\/v2\/posts\/68718\/revisions"}],"wp:featuredmedia":[{"embeddable":true,"href":"https:\/\/www.europesays.com\/lv\/wp-json\/wp\/v2\/media\/68719"}],"wp:attachment":[{"href":"https:\/\/www.europesays.com\/lv\/wp-json\/wp\/v2\/media?parent=68718"}],"wp:term":[{"taxonomy":"category","embeddable":true,"href":"https:\/\/www.europesays.com\/lv\/wp-json\/wp\/v2\/categories?post=68718"},{"taxonomy":"post_tag","embeddable":true,"href":"https:\/\/www.europesays.com\/lv\/wp-json\/wp\/v2\/tags?post=68718"}],"curies":[{"name":"wp","href":"https:\/\/api.w.org\/{rel}","templated":true}]}}