{"id":68724,"date":"2025-12-08T09:13:07","date_gmt":"2025-12-08T09:13:07","guid":{"rendered":"https:\/\/www.europesays.com\/lv\/68724\/"},"modified":"2025-12-08T09:13:07","modified_gmt":"2025-12-08T09:13:07","slug":"catl-uzskata-ka-elektriski-kugi-tuvako-gadu-laika-vares-skersot-okeanus","status":"publish","type":"post","link":"https:\/\/www.europesays.com\/lv\/68724\/","title":{"rendered":"\u201cCATL\u201d uzskata, ka elektriski ku\u0123i tuv\u0101ko gadu laik\u0101 var\u0113s \u0161\u0137\u0113rsot oke\u0101nus"},"content":{"rendered":"<p>\u0136\u012bnie\u0161u akumulatoru ra\u017eo\u0161anas mil\u017ea CATL viens no darb\u012bbas virzieniem ir ar\u012b \u016bdenstransporta elektrifik\u0101cija \u2013 viens no komp\u0101nijas vad\u012bt\u0101jiem izteicies, ka p\u0101rskat\u0101m\u0101 n\u0101kotn\u0113 elektriski ku\u0123i jau sp\u0113s \u0161\u0137\u0113rsot oke\u0101nus.\n<\/p>\n<p>CATL akumulatori jau non\u0101ku\u0161i elektriskos pasa\u017eieru ku\u0123os, piem\u0113ram, turpat \u0136\u012bn\u0101 elektriskie ku\u0123i tiek izmantoti, lai pasa\u017eierus p\u0101rvad\u0101tu pa Jandzi upi, kas lai ar\u012b ir liela upe, nav sal\u012bdzin\u0101ma ar atkl\u0101tu j\u016bru vai oke\u0101nu.\n<\/p>\n<p>Tehniskie risin\u0101jumi akumulatoru pasaul\u0113 nenoliedzami att\u012bst\u0101s \u013coti strauji, t\u0101p\u0113c CATL \u016bdenstransporta noda\u013cas vad\u012bt\u0101js Su Jid\u017ei uzskata, ka jau aptuveni tr\u012bs gadu laik\u0101 ieraudz\u012bsim elektriskus ku\u0123us, kas sp\u0113s \u0161\u0137\u0113rsot oke\u0101nus. Vi\u0146\u0161 gan nav izteicis pla\u0161\u0101kas deta\u013cas par to, k\u0101 tad \u0161\u012bs sist\u0113mas realit\u0101t\u0113 var\u0113tu str\u0101d\u0101t, \u0146emot v\u0113r\u0101 milz\u012bgos att\u0101lumus, kas j\u0101veic \u0161\u0137\u0113rsojot oke\u0101nu, nemaz nerun\u0101jot par citiem iesp\u0113jamiem riskiem, tostarp v\u0113tr\u0101m.<\/p>\n","protected":false},"excerpt":{"rendered":"\u0136\u012bnie\u0161u akumulatoru ra\u017eo\u0161anas mil\u017ea CATL viens no darb\u012bbas virzieniem ir ar\u012b \u016bdenstransporta elektrifik\u0101cija \u2013 viens no komp\u0101nijas vad\u012bt\u0101jiem&hellip;\n","protected":false},"author":2,"featured_media":68725,"comment_status":"","ping_status":"","sticky":false,"template":"","format":"standard","meta":{"footnotes":""},"categories":[16],"tags":[77,76,35,39,38,36,37,34,40],"class_list":{"0":"post-68724","1":"post","2":"type-post","3":"status-publish","4":"format-standard","5":"has-post-thumbnail","7":"category-bizness","8":"tag-bizness","9":"tag-business","10":"tag-latvia","11":"tag-latvian","12":"tag-latviesu","13":"tag-latviesu-valoda","14":"tag-latviesuvaloda","15":"tag-latvija","16":"tag-lv"},"share_on_mastodon":{"url":"https:\/\/pubeurope.com\/@lv\/115683184320244277","error":""},"_links":{"self":[{"href":"https:\/\/www.europesays.com\/lv\/wp-json\/wp\/v2\/posts\/68724","targetHints":{"allow":["GET"]}}],"collection":[{"href":"https:\/\/www.europesays.com\/lv\/wp-json\/wp\/v2\/posts"}],"about":[{"href":"https:\/\/www.europesays.com\/lv\/wp-json\/wp\/v2\/types\/post"}],"author":[{"embeddable":true,"href":"https:\/\/www.europesays.com\/lv\/wp-json\/wp\/v2\/users\/2"}],"replies":[{"embeddable":true,"href":"https:\/\/www.europesays.com\/lv\/wp-json\/wp\/v2\/comments?post=68724"}],"version-history":[{"count":0,"href":"https:\/\/www.europesays.com\/lv\/wp-json\/wp\/v2\/posts\/68724\/revisions"}],"wp:featuredmedia":[{"embeddable":true,"href":"https:\/\/www.europesays.com\/lv\/wp-json\/wp\/v2\/media\/68725"}],"wp:attachment":[{"href":"https:\/\/www.europesays.com\/lv\/wp-json\/wp\/v2\/media?parent=68724"}],"wp:term":[{"taxonomy":"category","embeddable":true,"href":"https:\/\/www.europesays.com\/lv\/wp-json\/wp\/v2\/categories?post=68724"},{"taxonomy":"post_tag","embeddable":true,"href":"https:\/\/www.europesays.com\/lv\/wp-json\/wp\/v2\/tags?post=68724"}],"curies":[{"name":"wp","href":"https:\/\/api.w.org\/{rel}","templated":true}]}}