{"id":68738,"date":"2025-12-08T09:21:13","date_gmt":"2025-12-08T09:21:13","guid":{"rendered":"https:\/\/www.europesays.com\/lv\/68738\/"},"modified":"2025-12-08T09:21:13","modified_gmt":"2025-12-08T09:21:13","slug":"ta-savu-dzivi-ir-nokalpojusi-lido-slidotava-paliks-slegta","status":"publish","type":"post","link":"https:\/\/www.europesays.com\/lv\/68738\/","title":{"rendered":"T\u0101 savu dz\u012bvi ir nokalpojusi. &#8220;Lido&#8221; slidotava paliks sl\u0113gta"},"content":{"rendered":"<p>Vi\u0146a nor\u0101d\u012bja, ka slidotavas risin\u0101jums tika sagatavots 2000. gad\u0101 un &#8220;savu dz\u012bvi ir nokalpojis&#8221;.<\/p>\n<p>&#8220;Seguma pamat\u0101 ir elektr\u012bba, ko nevaram at\u013cauties t\u0113r\u0113t taj\u0101 apjom\u0101, ko tas prasa. Cena, kas b\u016btu j\u0101prasa klientam par slidotavas apmekl\u0113jumu, neb\u016btu adekv\u0101ta,&#8221; pauda Auzi\u0146a.<\/p>\n<p>Vi\u0146a papildin\u0101ja, ka tika mekl\u0113ti ar\u012b citi risin\u0101jumi, tom\u0113r pa\u0161laik vien\u012bgais risin\u0101jums, ko var\u0113tu izmantot slidotavas teritorijai, ir iepriek\u0161\u0113jais risin\u0101jums, kas ir par d\u0101rgu.<\/p>\n<p>Vienlaikus Auzi\u0146a uzsv\u0113ra, ka viens no &#8220;Lido&#8221; priorit\u0101rajiem projektiem ir atp\u016btas centra pilnveido\u0161ana, lai teritorij\u0101 pied\u0101v\u0101tu pla\u0161\u0101kas un da\u017e\u0101d\u0101kas atp\u016btas iesp\u0113jas.<\/p>\n<p>&#8220;Lido&#8221; atp\u016btas centra <a href=\"https:\/\/www.apollo.lv\/term\/577515\/slidotava\" class=\"topicLink\" target=\"_blank\" rel=\"nofollow noopener\">slidotava<\/a> tika sl\u0113gta 2020. gad\u0101 Covid-19 pand\u0113mijas ieviesto ierobe\u017eojumu d\u0113\u013c.<\/p>\n<p>Jau zi\u0146ots, ka &#8220;Lido&#8221; koncerns pag\u0101ju\u0161aj\u0101 finan\u0161u gad\u0101, kas ilga no 2024. gada 1. maija l\u012bdz \u0161\u0101 gada 30. apr\u012blim, str\u0101d\u0101ja ar 79,154 miljonu eiro apgroz\u012bjumu, kas ir par 15,4% vair\u0101k nek\u0101 iepriek\u0161\u0113j\u0101 finan\u0161u gad\u0101, bet komp\u0101nijas pe\u013c\u0146a palielin\u0101j\u0101s divas reizes &#8211; l\u012bdz 7,861 miljonam eiro.<\/p>\n<p>Komp\u0101nija &#8220;Lido&#8221; re\u0123istr\u0113ta 1991. gad\u0101, un t\u0101s pamatkapit\u0101ls ir 1,293 miljoni eiro. Koncern\u0101 ietilpst SIA &#8220;Lido nekustamie \u012bpa\u0161umi&#8221;, k\u0101 ar\u012b \u010detri Igaunijas uz\u0146\u0113mumi &#8211; &#8220;Lido Eesti&#8221;, &#8220;Lido Kristiine&#8221;, &#8220;Lido Mustamae&#8221;, &#8220;Odil Eesti&#8221;.<\/p>\n<p>&#8220;Lido&#8221; grup\u0101 ietilpst 13 \u0113din\u0101\u0161anas vietas un pieci veikali Latvij\u0101, piecas \u0113din\u0101\u0161anas vietas Igaunij\u0101, kulin\u0101rijas ra\u017eotne, alus dar\u012btava un konditoreja R\u012bg\u0101.<\/p>\n","protected":false},"excerpt":{"rendered":"Vi\u0146a nor\u0101d\u012bja, ka slidotavas risin\u0101jums tika sagatavots 2000. gad\u0101 un &#8220;savu dz\u012bvi ir nokalpojis&#8221;. &#8220;Seguma pamat\u0101 ir elektr\u012bba,&hellip;\n","protected":false},"author":2,"featured_media":68739,"comment_status":"","ping_status":"","sticky":false,"template":"","format":"standard","meta":{"footnotes":""},"categories":[12],"tags":[5869,23,28,29,32,33,22,30,31,35,39,38,36,37,34,17626,40,20,26,27,16725,24,25,21],"class_list":{"0":"post-68738","1":"post","2":"type-post","3":"status-publish","4":"format-standard","5":"has-post-thumbnail","7":"category-latvija","8":"tag-ziema","9":"tag-aktualitates","10":"tag-breaking-news","11":"tag-breakingnews","12":"tag-featured-news","13":"tag-featurednews","14":"tag-headlines","15":"tag-latest-news","16":"tag-latestnews","17":"tag-latvia","18":"tag-latvian","19":"tag-latviesu","20":"tag-latviesu-valoda","21":"tag-latviesuvaloda","22":"tag-latvija","23":"tag-lido","24":"tag-lv","25":"tag-news","26":"tag-popularakas-zinas","27":"tag-popularakaszinas","28":"tag-slidotava","29":"tag-top-stories","30":"tag-topstories","31":"tag-zinas"},"share_on_mastodon":{"url":"https:\/\/pubeurope.com\/@lv\/115683215619604567","error":""},"_links":{"self":[{"href":"https:\/\/www.europesays.com\/lv\/wp-json\/wp\/v2\/posts\/68738","targetHints":{"allow":["GET"]}}],"collection":[{"href":"https:\/\/www.europesays.com\/lv\/wp-json\/wp\/v2\/posts"}],"about":[{"href":"https:\/\/www.europesays.com\/lv\/wp-json\/wp\/v2\/types\/post"}],"author":[{"embeddable":true,"href":"https:\/\/www.europesays.com\/lv\/wp-json\/wp\/v2\/users\/2"}],"replies":[{"embeddable":true,"href":"https:\/\/www.europesays.com\/lv\/wp-json\/wp\/v2\/comments?post=68738"}],"version-history":[{"count":0,"href":"https:\/\/www.europesays.com\/lv\/wp-json\/wp\/v2\/posts\/68738\/revisions"}],"wp:featuredmedia":[{"embeddable":true,"href":"https:\/\/www.europesays.com\/lv\/wp-json\/wp\/v2\/media\/68739"}],"wp:attachment":[{"href":"https:\/\/www.europesays.com\/lv\/wp-json\/wp\/v2\/media?parent=68738"}],"wp:term":[{"taxonomy":"category","embeddable":true,"href":"https:\/\/www.europesays.com\/lv\/wp-json\/wp\/v2\/categories?post=68738"},{"taxonomy":"post_tag","embeddable":true,"href":"https:\/\/www.europesays.com\/lv\/wp-json\/wp\/v2\/tags?post=68738"}],"curies":[{"name":"wp","href":"https:\/\/api.w.org\/{rel}","templated":true}]}}