{"id":68740,"date":"2025-12-08T09:22:13","date_gmt":"2025-12-08T09:22:13","guid":{"rendered":"https:\/\/www.europesays.com\/lv\/68740\/"},"modified":"2025-12-08T09:22:13","modified_gmt":"2025-12-08T09:22:13","slug":"sm-grib-pie-csdd-pievienot-zm-iestadi-kas-parbauda-traktorus-un-meza-tehniku-2","status":"publish","type":"post","link":"https:\/\/www.europesays.com\/lv\/68740\/","title":{"rendered":"SM grib pie CSDD pievienot ZM iest\u0101di, kas p\u0101rbauda traktorus un me\u017ea tehniku"},"content":{"rendered":"<p>Saeimas deput\u0101tu groz\u012btais likums nosaka, ka Satiksmes ministrijai jau l\u012bdz \u0161\u012b gada beig\u0101m j\u0101sagatavo un Vald\u012bbai j\u0101pie\u0146em jaun\u0101 k\u0101rt\u012bba, kas var\u0113tu uzraudz\u012bt servisus, lai Latvij\u0101 l\u012bdz\u012bgi k\u0101 V\u0101cij\u0101, N\u012bderland\u0113, Francij\u0101, It\u0101lij\u0101 un daudzviet citur Eirop\u0101 \u0161o tirgu atv\u0113rtu daudz vair\u0101k sp\u0113l\u0113t\u0101jiem. Bet ministrija vilcin\u0101s un dokuments noteiktaj\u0101 laik\u0101 neb\u016bs gatavs. Lai ar\u012b tam bija vair\u0101k k\u0101 divi gadi, ministrijas ieskat\u0101 darbu nevarot sasteigt. J\u0101v\u0113rt\u0113 iesp\u0113jamas izmai\u0146as Eiropas direkt\u012bv\u0101s un j\u0101diskut\u0113 ar nozari.<\/p>\n<p>Pret\u0113ji ieteikumiem CSDD monopolu mazin\u0101t, <a href=\"https:\/\/www.apollo.lv\/term\/567115\/satiksmes-ministrija\" class=\"topicLink\" target=\"_blank\" rel=\"nofollow noopener\">Satiksmes ministrija<\/a> cen\u0161as to palielin\u0101t. Birokr\u0101tijas apkaro\u0161anas pl\u0101n\u0101 bija pied\u0101v\u0101jums Zemkop\u012bbas ministrijas p\u0101rraudz\u012bto Valsts tehnisk\u0101s uzraudz\u012bbas a\u0123ent\u016bru (VTUA), kas test\u0113 tehnisko st\u0101vokli da\u017e\u0101da veida smagajai tehnikai, pievienot CSDD. \u0160is priek\u0161likums jau izg\u0101jis sabiedrisko apsprie\u0161anu, bet sask\u0101r\u0101s ar \u013coti liel\u0101m zemnieku organiz\u0101ciju piebild\u0113m.<\/p>\n<p>Valsts tehnisk\u0101s uzraudz\u012bbas a\u0123ent\u016bras darbu ar saviem maks\u0101jumiem uztur pa\u0161i zemnieki. Valsts dot\u0101cijas pien\u0101kas tikai a\u0123ent\u016bras pasp\u0101rn\u0113 eso\u0161ajam K\u0101r\u013ca Ulma\u0146a k\u0101 ar\u012b Lauksaimniec\u012bbas muzejam. Inspektori, kuri p\u0101rbauda graudu kombainus, traktorus, me\u017eistr\u0101des tehniku, brauc pie to \u012bpa\u0161niekiem uz saimniec\u012bb\u0101m. A\u0123ent\u016bras direktors ir p\u0101rliecin\u0101ts &#8211; ja \u0161o funkciju nodos citam, pakalpojumu cenas augs, jo CSDD uzdevums ir peln\u012bt. A\u0123ent\u016bra str\u0101d\u0101 p\u0113c pa\u0161izmaksas principa.<\/p>\n","protected":false},"excerpt":{"rendered":"Saeimas deput\u0101tu groz\u012btais likums nosaka, ka Satiksmes ministrijai jau l\u012bdz \u0161\u012b gada beig\u0101m j\u0101sagatavo un Vald\u012bbai j\u0101pie\u0146em jaun\u0101&hellip;\n","protected":false},"author":2,"featured_media":68215,"comment_status":"","ping_status":"","sticky":false,"template":"","format":"standard","meta":{"footnotes":""},"categories":[5],"tags":[23,28,29,1145,32,33,22,351,30,31,35,39,38,36,37,34,40,20,26,27,956,24,25,21],"class_list":{"0":"post-68740","1":"post","2":"type-post","3":"status-publish","4":"format-standard","5":"has-post-thumbnail","7":"category-aktualitates","8":"tag-aktualitates","9":"tag-breaking-news","10":"tag-breakingnews","11":"tag-csdd","12":"tag-featured-news","13":"tag-featurednews","14":"tag-headlines","15":"tag-koalicija","16":"tag-latest-news","17":"tag-latestnews","18":"tag-latvia","19":"tag-latvian","20":"tag-latviesu","21":"tag-latviesu-valoda","22":"tag-latviesuvaloda","23":"tag-latvija","24":"tag-lv","25":"tag-news","26":"tag-popularakas-zinas","27":"tag-popularakaszinas","28":"tag-satiksmes-ministrija","29":"tag-top-stories","30":"tag-topstories","31":"tag-zinas"},"share_on_mastodon":{"url":"https:\/\/pubeurope.com\/@lv\/115683219601406011","error":""},"_links":{"self":[{"href":"https:\/\/www.europesays.com\/lv\/wp-json\/wp\/v2\/posts\/68740","targetHints":{"allow":["GET"]}}],"collection":[{"href":"https:\/\/www.europesays.com\/lv\/wp-json\/wp\/v2\/posts"}],"about":[{"href":"https:\/\/www.europesays.com\/lv\/wp-json\/wp\/v2\/types\/post"}],"author":[{"embeddable":true,"href":"https:\/\/www.europesays.com\/lv\/wp-json\/wp\/v2\/users\/2"}],"replies":[{"embeddable":true,"href":"https:\/\/www.europesays.com\/lv\/wp-json\/wp\/v2\/comments?post=68740"}],"version-history":[{"count":0,"href":"https:\/\/www.europesays.com\/lv\/wp-json\/wp\/v2\/posts\/68740\/revisions"}],"wp:featuredmedia":[{"embeddable":true,"href":"https:\/\/www.europesays.com\/lv\/wp-json\/wp\/v2\/media\/68215"}],"wp:attachment":[{"href":"https:\/\/www.europesays.com\/lv\/wp-json\/wp\/v2\/media?parent=68740"}],"wp:term":[{"taxonomy":"category","embeddable":true,"href":"https:\/\/www.europesays.com\/lv\/wp-json\/wp\/v2\/categories?post=68740"},{"taxonomy":"post_tag","embeddable":true,"href":"https:\/\/www.europesays.com\/lv\/wp-json\/wp\/v2\/tags?post=68740"}],"curies":[{"name":"wp","href":"https:\/\/api.w.org\/{rel}","templated":true}]}}