{"id":68741,"date":"2025-12-08T09:23:08","date_gmt":"2025-12-08T09:23:08","guid":{"rendered":"https:\/\/www.europesays.com\/lv\/68741\/"},"modified":"2025-12-08T09:23:08","modified_gmt":"2025-12-08T09:23:08","slug":"valmieras-teatris-kopa-ar-borisa-un-inaras-teterevu-fondu-jau-atkal-aicina-skatitajus-noteikt-gada-izradi","status":"publish","type":"post","link":"https:\/\/www.europesays.com\/lv\/68741\/","title":{"rendered":"Valmieras te\u0101tris kop\u0101 ar Borisa un In\u0101ras Teterevu fondu jau atkal aicina skat\u012bt\u0101jus noteikt GADA IZR\u0100DI"},"content":{"rendered":"<p><img fetchpriority=\"high\" decoding=\"async\" width=\"1024\" height=\"683\" data-id=\"983385\" src=\"https:\/\/www.europesays.com\/lv\/wp-content\/uploads\/2025\/12\/skatitaju-balsojums-valamierasteatris.lv_-1024x683.jpg\" alt=\"\" class=\"wp-image-983385\"  \/><\/p>\n<p>K\u0101 katru gadu, ir kl\u0101t laiks, kad Valmieras te\u0101tris aicina skat\u012bt\u0101jus noteikt aizvad\u012bt\u0101s sezonas lab\u0101ko izr\u0101di. Tre\u0161o gadu te\u0101tris to dara kop\u0101 ar galvenajiem atbalst\u012bt\u0101jiem un draugiem Borisa un In\u0101ras Teterevu fondu. \u0160\u012b b\u016bs jau 13. sezona, kad tiks noskaidrots, kas visvair\u0101k ir uzrun\u0101jis tie\u0161i te\u0101tra skat\u012bt\u0101jus.<\/p>\n<p>Balsojums norisin\u0101sies ned\u0113\u013cas garum\u0101, no 5. l\u012bdz 12. decembrim, un skat\u012bt\u0101ji savu balsi var atdot elektroniski, balsojot te\u0101tra m\u0101jas lap\u0101 valmierasteatris.lv vai <a href=\"https:\/\/form.typeform.com\/to\/Yo1j74kC\" rel=\"nofollow noopener\" target=\"_blank\">\u0160EIT.<\/a><\/p>\n<p>Te\u0101tra direktore Evita A\u0161eradena: \u201cGad\u0101, kad Valmieras te\u0101tra izr\u0101des ir \u013coti sp\u0113c\u012bgas konkurentes sav\u0101 starp\u0101, neap\u0161aub\u0101mi ar\u012b Latvijas izr\u0101\u017eu kontekst\u0101, mums ir \u013coti interesanti pied\u0101v\u0101t izv\u0113li par lab\u0101ko, m\u012b\u013c\u0101ko, skaist\u0101ko izr\u0101di izdar\u012bt m\u016bsu uztic\u012bgajiem skat\u012bt\u0101jiem \u2013 \u0161ogad tie ir biju\u0161i gandr\u012bz 60 t\u016bksto\u0161i. Vi\u0146u emocijas, l\u012bdzi ju\u0161ana, aizkustin\u0101juma asaras ir liel\u0101kais gandar\u012bjums un apliecin\u0101jums m\u016bsu sp\u0113kam un var\u0113\u0161anai. T\u0101p\u0113c kop\u0101 ar Borisa un In\u0101ras Teterevu fondu \u013coti gaid\u0101m vi\u0146u domas \u2013 tas m\u016bs iedvesmo.\u201d<\/p>\n<p>Laure\u0101ti tiks sumin\u0101ti 28. decembr\u012b, Valmieras te\u0101tra gada nosl\u0113guma pas\u0101kum\u0101, kad te\u0101tra saime sumin\u0101s ar\u012b aizvad\u012bt\u0101s sezonas lab\u0101kos m\u0101ksliniekus kol\u0113\u0123u v\u0113rt\u0113jum\u0101.<\/p>\n<p>Lai iepriecin\u0101tu skat\u012bt\u0101jus, 3 balsot\u0101ji sav\u0101 \u012bpa\u0161um\u0101 ieg\u016bs iel\u016bgumus uz k\u0101du no Valmieras te\u0101tra izr\u0101d\u0113m.<\/p>\n","protected":false},"excerpt":{"rendered":"K\u0101 katru gadu, ir kl\u0101t laiks, kad Valmieras te\u0101tris aicina skat\u012bt\u0101jus noteikt aizvad\u012bt\u0101s sezonas lab\u0101ko izr\u0101di. Tre\u0161o gadu&hellip;\n","protected":false},"author":2,"featured_media":68742,"comment_status":"","ping_status":"","sticky":false,"template":"","format":"standard","meta":{"footnotes":""},"categories":[19],"tags":[17627,89,17628,90,35,39,38,36,37,34,40,481,16085,10156],"class_list":{"0":"post-68741","1":"post","2":"type-post","3":"status-publish","4":"format-standard","5":"has-post-thumbnail","7":"category-izklaide","8":"tag-borisauninarasteterevufonds","9":"tag-entertainment","10":"tag-gadaizrade","11":"tag-izklaide","12":"tag-latvia","13":"tag-latvian","14":"tag-latviesu","15":"tag-latviesu-valoda","16":"tag-latviesuvaloda","17":"tag-latvija","18":"tag-lv","19":"tag-valmiera","20":"tag-valmierasnovads","21":"tag-valmierasteatris"},"share_on_mastodon":{"url":"https:\/\/pubeurope.com\/@lv\/115683223446418943","error":""},"_links":{"self":[{"href":"https:\/\/www.europesays.com\/lv\/wp-json\/wp\/v2\/posts\/68741","targetHints":{"allow":["GET"]}}],"collection":[{"href":"https:\/\/www.europesays.com\/lv\/wp-json\/wp\/v2\/posts"}],"about":[{"href":"https:\/\/www.europesays.com\/lv\/wp-json\/wp\/v2\/types\/post"}],"author":[{"embeddable":true,"href":"https:\/\/www.europesays.com\/lv\/wp-json\/wp\/v2\/users\/2"}],"replies":[{"embeddable":true,"href":"https:\/\/www.europesays.com\/lv\/wp-json\/wp\/v2\/comments?post=68741"}],"version-history":[{"count":0,"href":"https:\/\/www.europesays.com\/lv\/wp-json\/wp\/v2\/posts\/68741\/revisions"}],"wp:featuredmedia":[{"embeddable":true,"href":"https:\/\/www.europesays.com\/lv\/wp-json\/wp\/v2\/media\/68742"}],"wp:attachment":[{"href":"https:\/\/www.europesays.com\/lv\/wp-json\/wp\/v2\/media?parent=68741"}],"wp:term":[{"taxonomy":"category","embeddable":true,"href":"https:\/\/www.europesays.com\/lv\/wp-json\/wp\/v2\/categories?post=68741"},{"taxonomy":"post_tag","embeddable":true,"href":"https:\/\/www.europesays.com\/lv\/wp-json\/wp\/v2\/tags?post=68741"}],"curies":[{"name":"wp","href":"https:\/\/api.w.org\/{rel}","templated":true}]}}