{"id":68763,"date":"2025-12-08T09:39:08","date_gmt":"2025-12-08T09:39:08","guid":{"rendered":"https:\/\/www.europesays.com\/lv\/68763\/"},"modified":"2025-12-08T09:39:08","modified_gmt":"2025-12-08T09:39:08","slug":"tiek-mekleti-tragiskas-traktora-un-automasinas-sadursmes-aculiecinieki","status":"publish","type":"post","link":"https:\/\/www.europesays.com\/lv\/68763\/","title":{"rendered":"Tiek mekl\u0113ti tra\u0123isk\u0101s traktora un automa\u0161\u012bnas sadursmes aculiecinieki"},"content":{"rendered":"<p>K\u0101 nor\u0101da Valsts policija, sadursme notika 5. decembr\u012b ap plkst. 13.30\u00a0Dienvidkurzemes novad\u0101, Rucavas pagast\u0101 uz autoce\u013ca A11. Sadursm\u0113 bija iesaist\u012bta automa\u0161\u012bna &#8220;Ford&#8221; un traktors sakab\u0113 ar piekabi. Negad\u012bjum\u0101 dz\u012bv\u012bbu zaud\u0113ja automa\u0161\u012bnas &#8220;Ford&#8221; vad\u012bt\u0101js, savuk\u0101rt traktora vad\u012bt\u0101js ar g\u016btaj\u0101m traum\u0101m nog\u0101d\u0101ts medic\u012bnas iest\u0101d\u0113. Valsts policij\u0101 par notiku\u0161o uzs\u0101kts krimin\u0101lprocess un tiek skaidroti prec\u012bzi negad\u012bjuma iemesli.<\/p>\n","protected":false},"excerpt":{"rendered":"K\u0101 nor\u0101da Valsts policija, sadursme notika 5. decembr\u012b ap plkst. 13.30\u00a0Dienvidkurzemes novad\u0101, Rucavas pagast\u0101 uz autoce\u013ca A11. Sadursm\u0113&hellip;\n","protected":false},"author":2,"featured_media":68764,"comment_status":"","ping_status":"","sticky":false,"template":"","format":"standard","meta":{"footnotes":""},"categories":[12],"tags":[23,28,29,32,33,22,30,31,35,39,38,36,37,34,40,20,26,27,24,25,21],"class_list":{"0":"post-68763","1":"post","2":"type-post","3":"status-publish","4":"format-standard","5":"has-post-thumbnail","7":"category-latvija","8":"tag-aktualitates","9":"tag-breaking-news","10":"tag-breakingnews","11":"tag-featured-news","12":"tag-featurednews","13":"tag-headlines","14":"tag-latest-news","15":"tag-latestnews","16":"tag-latvia","17":"tag-latvian","18":"tag-latviesu","19":"tag-latviesu-valoda","20":"tag-latviesuvaloda","21":"tag-latvija","22":"tag-lv","23":"tag-news","24":"tag-popularakas-zinas","25":"tag-popularakaszinas","26":"tag-top-stories","27":"tag-topstories","28":"tag-zinas"},"share_on_mastodon":{"url":"https:\/\/pubeurope.com\/@lv\/115683286297403969","error":""},"_links":{"self":[{"href":"https:\/\/www.europesays.com\/lv\/wp-json\/wp\/v2\/posts\/68763","targetHints":{"allow":["GET"]}}],"collection":[{"href":"https:\/\/www.europesays.com\/lv\/wp-json\/wp\/v2\/posts"}],"about":[{"href":"https:\/\/www.europesays.com\/lv\/wp-json\/wp\/v2\/types\/post"}],"author":[{"embeddable":true,"href":"https:\/\/www.europesays.com\/lv\/wp-json\/wp\/v2\/users\/2"}],"replies":[{"embeddable":true,"href":"https:\/\/www.europesays.com\/lv\/wp-json\/wp\/v2\/comments?post=68763"}],"version-history":[{"count":0,"href":"https:\/\/www.europesays.com\/lv\/wp-json\/wp\/v2\/posts\/68763\/revisions"}],"wp:featuredmedia":[{"embeddable":true,"href":"https:\/\/www.europesays.com\/lv\/wp-json\/wp\/v2\/media\/68764"}],"wp:attachment":[{"href":"https:\/\/www.europesays.com\/lv\/wp-json\/wp\/v2\/media?parent=68763"}],"wp:term":[{"taxonomy":"category","embeddable":true,"href":"https:\/\/www.europesays.com\/lv\/wp-json\/wp\/v2\/categories?post=68763"},{"taxonomy":"post_tag","embeddable":true,"href":"https:\/\/www.europesays.com\/lv\/wp-json\/wp\/v2\/tags?post=68763"}],"curies":[{"name":"wp","href":"https:\/\/api.w.org\/{rel}","templated":true}]}}