{"id":68767,"date":"2025-12-08T09:44:10","date_gmt":"2025-12-08T09:44:10","guid":{"rendered":"https:\/\/www.europesays.com\/lv\/68767\/"},"modified":"2025-12-08T09:44:10","modified_gmt":"2025-12-08T09:44:10","slug":"starmers-makrons-un-mercs-tiksies-ar-zelenski","status":"publish","type":"post","link":"https:\/\/www.europesays.com\/lv\/68767\/","title":{"rendered":"St\u0101rmers, Makrons un Mercs tiksies ar Zelenski"},"content":{"rendered":"<p>Lielbrit\u0101nijas premjerministrs K\u012brs St\u0101rmers pirmdien London\u0101 uz\u0146ems Ukrainas prezidentu Volodimiru Zelenski, lai apspriestu miera pl\u0101nus.<\/p>\n<p>Sagaid\u0101ms, ka tik\u0161an\u0101s, kur\u0101 piedal\u012bsies ar\u012b Francijas prezidents Emanuels Makrons un V\u0101cijas kanclers Fr\u012bdrihs Mercs, b\u016bs velt\u012bta tam, k\u0101 rea\u0123\u0113t uz ASV priek\u0161likumiem izbeigt karu ar Krieviju.<\/p>\n<p>Ned\u0113\u013cas nogal\u0113 Zelenskis pazi\u0146oja, ka ar ASV prezidenta Donalda Trampa padomniekiem ir p\u0101rrun\u0101jis n\u0101kamos so\u013cus un ir ap\u0146\u0113m\u012bbas pilns turpin\u0101t str\u0101d\u0101t lab\u0101 tic\u012bb\u0101.<\/p>\n<p>Ta\u010du sarunu dal\u012bbnieki ar\u012b atzina, ka jebkur\u0161 re\u0101ls progress b\u016bs atkar\u012bgs no Krievijas gatav\u012bbas izr\u0101d\u012bt nopietnu ap\u0146em\u0161anos pan\u0101kt ilgtermi\u0146a mieru.<\/p>\n<p>St\u0101rmers ir vair\u0101kk\u0101rt teicis, ka Ukrainai j\u0101\u013cauj pa\u0161ai noteikt savu n\u0101kotni, savuk\u0101rt viens no britu ministriem sv\u0113tdien sac\u012bja, ka valsti nedr\u012bkst atst\u0101t bezzobainu Krievijas agresijas priek\u0161\u0101.<\/p>\n<p>Ta\u010du Krievija vair\u0101kk\u0101rt ir noraid\u012bjusi iesp\u0113ju, ka Ukrain\u0101 var\u0113tu izvietot sabiedroto karasp\u0113ku, un turpina piepras\u012bt apmai\u0146\u0101 pret mieru pla\u0161as Ukrainas teritorijas da\u013cas.<\/p>\n<p><img decoding=\"async\" src=\"https:\/\/www.europesays.com\/lv\/wp-content\/uploads\/2025\/12\/6247f316e492da8ec0c6eec4e0755786.jpg\" title=\"Foto: HENRY NICHOLLS \/ POOL \/ AFP \/ Scanpix\" alt=\"Foto: HENRY NICHOLLS \/ POOL \/ AFP \/ Scanpix\"\/><\/p>\n<p class=\"article-img-desc\">Foto: HENRY NICHOLLS \/ POOL \/ AFP \/ Scanpix<\/p>\n","protected":false},"excerpt":{"rendered":"Lielbrit\u0101nijas premjerministrs K\u012brs St\u0101rmers pirmdien London\u0101 uz\u0146ems Ukrainas prezidentu Volodimiru Zelenski, lai apspriestu miera pl\u0101nus. Sagaid\u0101ms, ka tik\u0161an\u0101s,&hellip;\n","protected":false},"author":2,"featured_media":68768,"comment_status":"","ping_status":"","sticky":false,"template":"","format":"standard","meta":{"footnotes":""},"categories":[14],"tags":[129,470,473,23,57,28,29,32,33,22,30,31,35,39,38,36,37,34,40,20,26,27,471,474,472,475,24,25,54,55,56,21,58],"class_list":{"0":"post-68767","1":"post","2":"type-post","3":"status-publish","4":"format-standard","5":"has-post-thumbnail","7":"category-zinas-no-arvalstim","8":"tag-__typenameadvicekeyword","9":"tag-id532","10":"tag-id549","11":"tag-aktualitates","12":"tag-arvalstim","13":"tag-breaking-news","14":"tag-breakingnews","15":"tag-featured-news","16":"tag-featurednews","17":"tag-headlines","18":"tag-latest-news","19":"tag-latestnews","20":"tag-latvia","21":"tag-latvian","22":"tag-latviesu","23":"tag-latviesu-valoda","24":"tag-latviesuvaloda","25":"tag-latvija","26":"tag-lv","27":"tag-news","28":"tag-popularakas-zinas","29":"tag-popularakaszinas","30":"tag-slugkars-ukraina","31":"tag-slugkrievijas-iebrukums-ukraina","32":"tag-titlekars-ukraina","33":"tag-titlekrievijas-iebrukums-ukraina","34":"tag-top-stories","35":"tag-topstories","36":"tag-world","37":"tag-world-news","38":"tag-worldnews","39":"tag-zinas","40":"tag-zinas-no-arvalstim"},"share_on_mastodon":{"url":"","error":"Validation failed: Text character limit of 500 exceeded"},"_links":{"self":[{"href":"https:\/\/www.europesays.com\/lv\/wp-json\/wp\/v2\/posts\/68767","targetHints":{"allow":["GET"]}}],"collection":[{"href":"https:\/\/www.europesays.com\/lv\/wp-json\/wp\/v2\/posts"}],"about":[{"href":"https:\/\/www.europesays.com\/lv\/wp-json\/wp\/v2\/types\/post"}],"author":[{"embeddable":true,"href":"https:\/\/www.europesays.com\/lv\/wp-json\/wp\/v2\/users\/2"}],"replies":[{"embeddable":true,"href":"https:\/\/www.europesays.com\/lv\/wp-json\/wp\/v2\/comments?post=68767"}],"version-history":[{"count":0,"href":"https:\/\/www.europesays.com\/lv\/wp-json\/wp\/v2\/posts\/68767\/revisions"}],"wp:featuredmedia":[{"embeddable":true,"href":"https:\/\/www.europesays.com\/lv\/wp-json\/wp\/v2\/media\/68768"}],"wp:attachment":[{"href":"https:\/\/www.europesays.com\/lv\/wp-json\/wp\/v2\/media?parent=68767"}],"wp:term":[{"taxonomy":"category","embeddable":true,"href":"https:\/\/www.europesays.com\/lv\/wp-json\/wp\/v2\/categories?post=68767"},{"taxonomy":"post_tag","embeddable":true,"href":"https:\/\/www.europesays.com\/lv\/wp-json\/wp\/v2\/tags?post=68767"}],"curies":[{"name":"wp","href":"https:\/\/api.w.org\/{rel}","templated":true}]}}