{"id":68781,"date":"2025-12-08T09:57:08","date_gmt":"2025-12-08T09:57:08","guid":{"rendered":"https:\/\/www.europesays.com\/lv\/68781\/"},"modified":"2025-12-08T09:57:08","modified_gmt":"2025-12-08T09:57:08","slug":"pasakuma-gada-brivpratigais-2025-godinati-brivpratiga-darba-veiceji-koordinatori-un-organizetaji-no-visas-latvijas","status":"publish","type":"post","link":"https:\/\/www.europesays.com\/lv\/68781\/","title":{"rendered":"Pas\u0101kum\u0101 \u201cGada br\u012bvpr\u0101t\u012bgais 2025\u201d godin\u0101ti br\u012bvpr\u0101t\u012bg\u0101 darba veic\u0113ji, koordinatori un organiz\u0113t\u0101ji no visas Latvijas"},"content":{"rendered":"<p>Atz\u012bm\u0113jot Starptautisko br\u012bvpr\u0101t\u012bgo dienu, Nodarbin\u0101t\u012bbas valsts a\u0123ent\u016bra (NVA) 7. decembr\u012b r\u012bkoja godin\u0101\u0161anu \u201cGada br\u012bvpr\u0101t\u012bgais 2025\u201d, kur\u0101 tika godin\u0101ti br\u012bvpr\u0101t\u012bg\u0101 darba veic\u0113ji, koordinatori un organiz\u0113t\u0101ji no visas Latvijas par vi\u0146u iev\u0113rojamo ieguld\u012bjumu sabiedr\u012bbas lab\u0101 laikposm\u0101 no 2024. gada 22. novembra l\u012bdz 2025. gada 5. novembrim. Godin\u0101\u0161anas pas\u0101kums notika Eiropas Soci\u0101l\u0101 fonda Plus projekta \u201cNodarbin\u0101t\u012bbas valsts a\u0123ent\u016bras veiktsp\u0113jas stiprin\u0101\u0161ana\u201d ietvaros.<\/p>\n<p>Nomin\u0101cij\u0101 \u201cGada br\u012bvpr\u0101t\u012bgais\u201d goda z\u012bmi sa\u0146\u0113ma:<\/p>\n<ul>&#13;<\/p>\n<li>biedr\u012bbas \u201cLatvijas Mazpulki\u201d br\u012bvpr\u0101t\u012bg\u0101 Agnese Smi\u013c\u0123e, vi\u0146a ir k\u0101 mugurkauls mazpulku organiz\u0113tajos pas\u0101kumos. Agnese k\u0101 br\u012bvpr\u0101t\u012bg\u0101 akt\u012bvi iesaist\u0101s sporta pas\u0101kumos, k\u0101 ar\u012b t\u0101dos nacion\u0101la m\u0113roga pas\u0101kumos k\u0101 XIII Skolu jaunatnes dziesmu un deju sv\u0113tki un Labdar\u012bbas maratons \u201cDod pieci!\u201d;<\/li>\n<p>&#13;<\/p>\n<li>\u017danete Lo\u010dmele, kura akt\u012bvi iesaist\u012bjusies br\u012bvpr\u0101t\u012bgaj\u0101 darb\u0101 ar b\u0113rniem un jaunie\u0161iem un l\u012bdzdarbojusies br\u012bvpr\u0101t\u012bg\u0101 darba sist\u0113mas izveid\u0113 Balvu novad\u0101;<\/li>\n<p>&#13;<\/p>\n<li>Olaines novada Jaunie\u0161u domes priek\u0161s\u0113d\u0113t\u0101ja un jaunie\u0161u projektu organizatore Maija Marija Krasta, kura ir viena no akt\u012bv\u0101kaj\u0101m jauniet\u0113m Olaines novad\u0101 un k\u0101 br\u012bvpr\u0101t\u012bg\u0101 iesaist\u012bjusies ar\u012b vair\u0101k\u0101s kult\u016bras, izgl\u012bt\u012bbas un sporta jomu aktivit\u0101t\u0113s;<\/li>\n<p>&#13;<\/p>\n<li>biedr\u012bbas \u201cBru\u0146otava\u201d dibin\u0101t\u0101js Ingus Ostrovskis, kur\u0161 \u012bstenojis vair\u0101kus projektus Ukrainas atbalstam, sagatavojot un nog\u0101d\u0101jot Ukrain\u0101 ziedot\u0101s automa\u0161\u012bnas, datortehniku un pirm\u0101s pal\u012bdz\u012bbas komplektus;<\/li>\n<p>&#13;<\/p>\n<li>Em\u012blija K\u013cavi\u0146a, kura sadarb\u012bb\u0101 ar biedr\u012bbu \u201cTavi draugi\u201d un partneriem Ukrain\u0101 \u012bstenoja akciju \u201cBaltijas Skolas par uzvaru\u201d, akcijas ietvaros skol\u0113ni no 113 skol\u0101m Latvij\u0101, 73 skol\u0101m Lietuv\u0101 un 15 skol\u0101m Igaunij\u0101 ziedojumos sav\u0101ca vair\u0101k nek\u0101 14 tonnas nepiecie\u0161amo lietu karav\u012briem Ukrain\u0101.<\/li>\n<p>&#13;\n<\/ul>\n<p>Nomin\u0101cij\u0101 \u201cGada br\u012bvpr\u0101t\u012bg\u0101 darba organiz\u0113t\u0101js\u201d goda z\u012bmi sa\u0146\u0113ma:<\/p>\n<ul>&#13;<\/p>\n<li>Nodibin\u0101jums \u201cCARITAS LATVIJA\u201d, kur\u0161 \u012bsteno br\u012bvpr\u0101t\u012bgo darbu mazaizsarg\u0101to atbalstam, nodro\u0161inot gan kvalitat\u012bvu br\u012bvpr\u0101t\u012bgo sagatavo\u0161anu, gan past\u0101v\u012bgu atbalstu iesaist\u012btaj\u0101m person\u0101m;<\/li>\n<p>&#13;<\/p>\n<li>\u201cNodibin\u0101jums \u201cLiep\u0101ja 2027\u201d \u201d, kur\u0161, gatavojoties Liep\u0101jas k\u013c\u016b\u0161anai par Eiropas kult\u016bras galvaspils\u0113tu 2027. gad\u0101, jau uzs\u0101cis kult\u016bras notikumu veido\u0161anu un atbalst\u012b\u0161anu Liep\u0101j\u0101 un t\u0101s partnerteritorij\u0101s \u2013 Dienvidkurzemes un Kuld\u012bgas novados, izveidojot augstas kvalit\u0101tes br\u012bvpr\u0101t\u012bgo programmu.<\/li>\n<p>&#13;\n<\/ul>\n<p>Nomin\u0101cij\u0101 \u201cGada br\u012bvpr\u0101t\u012bg\u0101 darba koordinators\u201d goda z\u012bmi sa\u0146\u0113ma \u201cKlubs \u201cM\u0101ja\u201d \u201d valdes loceklis K\u0101rlis Gailums. Vi\u0146\u0161 jau daudzus gadus ir viens no noz\u012bm\u012bg\u0101kajiem br\u012bvpr\u0101t\u012bg\u0101 darba koordinatoriem Latvij\u0101, b\u016btiski veicin\u0101jis jaunie\u0161u l\u012bdzdal\u012bbu, ieguld\u012bjis darbu br\u012bvpr\u0101t\u012bgo pieredzes kvalit\u0101tes uzlabo\u0161an\u0101 un digit\u0101l\u0101 darba ar jaunatni att\u012bst\u012bb\u0101. 2025.gad\u0101 bijis ar\u012b br\u012bvpr\u0101t\u012bgo koordinators R\u012bgas Maraton\u0101 un XIII Skolu jaunatnes dziesmu un deju sv\u0113tku skatuvisk\u0101s dejas uzvedum\u0101 \u201cViedvasara\u201d.<\/p>\n<p>Nomin\u0101cij\u0101 \u201cGada notikums\u201d goda z\u012bmi sa\u0146\u0113ma Eiropas v\u012brie\u0161u basketbola \u010dempion\u0101ta fin\u0101lturn\u012brs \u2013 FIBA Eurobasket2025, kas bija Latvijas sporta v\u0113stur\u0113 liel\u0101k\u0101s ofici\u0101l\u0101s starptautisk\u0101s sacens\u012bbas iesaist\u012bto valstu skaita un rezonanses zi\u0146\u0101, sacens\u012bbu norises augsto kvalit\u0101ti nevar\u0113tu sasniegt bez br\u012bvpr\u0101t\u012bgo iesaistes.<\/p>\n<p>Br\u012bvpr\u0101t\u012bg\u0101 darba konsultat\u012bv\u0101s padomes balvu sa\u0146\u0113ma biedr\u012bba \u201cDaudzb\u0113rnu Ozoli\u201d, kura, piesaistot br\u012bvpr\u0101t\u012bgos un ziedojumus, piln\u012bb\u0101 renov\u0113jusi Latvijas B\u0113rnu Dzirdes centra Audiolo\u0123isk\u0101s rehabilit\u0101cijas noda\u013cas telpas un sag\u0101d\u0101jusi nepiecie\u0161amo tehnisko apr\u012bkojumu.<\/p>\n<p>Br\u012bvpr\u0101t\u012bgo godin\u0101\u0161anas m\u0113r\u0137is ir pateikties tiem Latvijas iedz\u012bvot\u0101jiem un organiz\u0101cij\u0101m, kas savu laiku ziedo br\u012bvpr\u0101t\u012bgajam darbam sabiedr\u012bbas lab\u0101, k\u0101 ar\u012b veicin\u0101t iedz\u012bvot\u0101ju un organiz\u0101ciju interesi un iesaisti br\u012bvpr\u0101t\u012bgaj\u0101 darb\u0101. Izvirz\u012bt pretendentus godin\u0101\u0161anai \u201cGada br\u012bvpr\u0101t\u012bgais 2025\u201d var\u0113ja ikviens Latvijas iedz\u012bvot\u0101js, nevalstisk\u0101 organiz\u0101cija, valsts vai pa\u0161vald\u012bbu iest\u0101de.<\/p>\n<p>          <img decoding=\"async\" src=\"https:\/\/www.europesays.com\/lv\/wp-content\/uploads\/2025\/12\/logo-lv.png\" alt=\"\"\/><\/p>\n<p>                  \u0160\u012b inform\u0101cija ir publisks pazi\u0146ojums un neatspogu\u013co LV port\u0101la viedokli. Par t\u0101s saturu atbild ies\u016bt\u012bt\u0101js. <a data-popup=\"rules\">Public\u0113\u0161anas noteikumi<\/a><\/p>\n","protected":false},"excerpt":{"rendered":"Atz\u012bm\u0113jot Starptautisko br\u012bvpr\u0101t\u012bgo dienu, Nodarbin\u0101t\u012bbas valsts a\u0123ent\u016bra (NVA) 7. decembr\u012b r\u012bkoja godin\u0101\u0161anu \u201cGada br\u012bvpr\u0101t\u012bgais 2025\u201d, kur\u0101 tika godin\u0101ti&hellip;\n","protected":false},"author":2,"featured_media":68782,"comment_status":"","ping_status":"","sticky":false,"template":"","format":"standard","meta":{"footnotes":""},"categories":[12],"tags":[23,28,29,32,33,22,30,31,35,39,38,36,37,34,40,20,26,27,24,25,21],"class_list":{"0":"post-68781","1":"post","2":"type-post","3":"status-publish","4":"format-standard","5":"has-post-thumbnail","7":"category-latvija","8":"tag-aktualitates","9":"tag-breaking-news","10":"tag-breakingnews","11":"tag-featured-news","12":"tag-featurednews","13":"tag-headlines","14":"tag-latest-news","15":"tag-latestnews","16":"tag-latvia","17":"tag-latvian","18":"tag-latviesu","19":"tag-latviesu-valoda","20":"tag-latviesuvaloda","21":"tag-latvija","22":"tag-lv","23":"tag-news","24":"tag-popularakas-zinas","25":"tag-popularakaszinas","26":"tag-top-stories","27":"tag-topstories","28":"tag-zinas"},"share_on_mastodon":{"url":"https:\/\/pubeurope.com\/@lv\/115683357230068654","error":""},"_links":{"self":[{"href":"https:\/\/www.europesays.com\/lv\/wp-json\/wp\/v2\/posts\/68781","targetHints":{"allow":["GET"]}}],"collection":[{"href":"https:\/\/www.europesays.com\/lv\/wp-json\/wp\/v2\/posts"}],"about":[{"href":"https:\/\/www.europesays.com\/lv\/wp-json\/wp\/v2\/types\/post"}],"author":[{"embeddable":true,"href":"https:\/\/www.europesays.com\/lv\/wp-json\/wp\/v2\/users\/2"}],"replies":[{"embeddable":true,"href":"https:\/\/www.europesays.com\/lv\/wp-json\/wp\/v2\/comments?post=68781"}],"version-history":[{"count":0,"href":"https:\/\/www.europesays.com\/lv\/wp-json\/wp\/v2\/posts\/68781\/revisions"}],"wp:featuredmedia":[{"embeddable":true,"href":"https:\/\/www.europesays.com\/lv\/wp-json\/wp\/v2\/media\/68782"}],"wp:attachment":[{"href":"https:\/\/www.europesays.com\/lv\/wp-json\/wp\/v2\/media?parent=68781"}],"wp:term":[{"taxonomy":"category","embeddable":true,"href":"https:\/\/www.europesays.com\/lv\/wp-json\/wp\/v2\/categories?post=68781"},{"taxonomy":"post_tag","embeddable":true,"href":"https:\/\/www.europesays.com\/lv\/wp-json\/wp\/v2\/tags?post=68781"}],"curies":[{"name":"wp","href":"https:\/\/api.w.org\/{rel}","templated":true}]}}