{"id":68789,"date":"2025-12-08T10:03:09","date_gmt":"2025-12-08T10:03:09","guid":{"rendered":"https:\/\/www.europesays.com\/lv\/68789\/"},"modified":"2025-12-08T10:03:09","modified_gmt":"2025-12-08T10:03:09","slug":"digitalais-centrs-aicina-gimenes-piedalities-ruku-darbnica-un-atklat-ziemas-skanas","status":"publish","type":"post","link":"https:\/\/www.europesays.com\/lv\/68789\/","title":{"rendered":"Digit\u0101lais centrs aicina \u0123imenes piedal\u012bties R\u016b\u0137u darbn\u012bc\u0101 un atkl\u0101t ziemas ska\u0146as"},"content":{"rendered":"<p>Ventspils Digit\u0101lais centrs aicina \u0123imenes ar pirmsskolas vecuma b\u0113rniem nosl\u0113gt 2025. gadu ar skan\u012bg\u0101m, izgl\u012btojo\u0161\u0101m un rado\u0161\u0101m aktivit\u0101t\u0113m darbn\u012bc\u0101 \u201cMazie m\u016bzi\u0137i un gudr\u0101s ier\u012bces\u201d. Nodarb\u012bb\u0101 b\u0113rni kop\u0101 ar vec\u0101kiem un r\u016b\u0137iem atkl\u0101s, k\u0101 Ziemassv\u0113tkos un ziem\u0101 skan pasaule, k\u0101 ar\u012b pa\u0161i rad\u012bs m\u016bziku un ska\u0146u, izmantojot plan\u0161etes, telefonus un citus digit\u0101los r\u012bkus.<\/p>\n<p>R\u016b\u0137u darbn\u012bc\u0101 \u201cMazie m\u016bzi\u0137i un gudr\u0101s ier\u012bces\u201d aicin\u0101ti piedal\u012bties pirmsskolas vecuma b\u0113rni (4 \u2013 6 gadi) kop\u0101 ar pieaugu\u0161o, kas var b\u016bt gan vec\u0101ki, gan vecvec\u0101ki, aukl\u012bte, vec\u0101kais br\u0101lis vai m\u0101sa. Darbn\u012bca norisin\u0101sies otrdien, 30. decembr\u012b, plkst. 10:30 \u2013 12:00 Ventspils Digit\u0101laj\u0101 centr\u0101, Akme\u0146u iel\u0101 3. Pieteikties darbn\u012bcai iesp\u0113jams, aizpildot anketu: <a href=\"http:\/\/www.adre.se\/anketarukiunmuzika\" rel=\"nofollow noopener\" target=\"_blank\">www.adre.se\/anketarukiunmuzika<\/a>.\u00a0 \u00a0<\/p>\n<p>Darbn\u012bc\u0101 b\u0113rni kop\u0101 ar r\u016b\u0137iem un vec\u0101kiem veiks da\u017e\u0101dus uzdevumus, piem\u0113ram, mekl\u0113s un atkl\u0101s ska\u0146as apk\u0101rt\u0113j\u0101 pasaul\u0113 un p\u0101rv\u0113rt\u012bs t\u0101s ritmos un melodij\u0101s, izm\u0113\u0123in\u0101s vienk\u0101r\u0161as un jautras m\u016bzikas lietotnes viedier\u012bc\u0113s, bet nosl\u0113gum\u0101 visi kop\u0101 rad\u012bs kop\u012bgu m\u016bzikas st\u0101stu.<\/p>\n<p>Dal\u012bbas maksa ir 10.01 EUR \u0123imenei (pieaugu\u0161ais un 1-3 b\u0113rni). Maksa j\u0101veic pirms darbn\u012bcas Digit\u0101l\u0101 centra kas\u0113.<\/p>\n<p>Papildu inform\u0101cija Ventspils Digit\u0101laj\u0101 centr\u0101, Akme\u0146u iel\u0101 3, rakstot uz e-pastu <a href=\"https:\/\/www.ventspils.lv\/cdn-cgi\/l\/email-protection\" class=\"__cf_email__\" data-cfemail=\"016c6062686360722f7765624177646f757271686d722f6d77\" rel=\"nofollow noopener\" target=\"_blank\">[email\u00a0protected]<\/a> vai zvanot pa t\u0101lruni 63607607.<\/p>\n<p>Inform\u0113jam, ka Ventspils Digit\u0101l\u0101 centra r\u012bkoto pas\u0101kumu un apm\u0101c\u012bbu laik\u0101 inform\u0101cijas atkl\u0101t\u012bbas nodro\u0161in\u0101\u0161anai un ilustrat\u012bvi m\u0101kslinieciskiem m\u0113r\u0137iem, publicit\u0101tei, m\u0101rketingam un intervij\u0101m, var tikt veikta fotograf\u0113\u0161ana, video vai audiovizu\u0101la fiks\u0101cija. Fotoatt\u0113li un video var tikt izvietoti Ventspils Digit\u0101l\u0101 centra port\u0101l\u0101 www.digitalaiscentrs.lv, k\u0101 ar\u012b soci\u0101lajos t\u012bklos Facebook, Instagram.<\/p>\n","protected":false},"excerpt":{"rendered":"Ventspils Digit\u0101lais centrs aicina \u0123imenes ar pirmsskolas vecuma b\u0113rniem nosl\u0113gt 2025. gadu ar skan\u012bg\u0101m, izgl\u012btojo\u0161\u0101m un rado\u0161\u0101m aktivit\u0101t\u0113m&hellip;\n","protected":false},"author":2,"featured_media":68790,"comment_status":"","ping_status":"","sticky":false,"template":"","format":"standard","meta":{"footnotes":""},"categories":[12],"tags":[23,28,29,32,33,22,30,31,35,39,38,36,37,34,40,20,26,27,24,25,21],"class_list":{"0":"post-68789","1":"post","2":"type-post","3":"status-publish","4":"format-standard","5":"has-post-thumbnail","7":"category-latvija","8":"tag-aktualitates","9":"tag-breaking-news","10":"tag-breakingnews","11":"tag-featured-news","12":"tag-featurednews","13":"tag-headlines","14":"tag-latest-news","15":"tag-latestnews","16":"tag-latvia","17":"tag-latvian","18":"tag-latviesu","19":"tag-latviesu-valoda","20":"tag-latviesuvaloda","21":"tag-latvija","22":"tag-lv","23":"tag-news","24":"tag-popularakas-zinas","25":"tag-popularakaszinas","26":"tag-top-stories","27":"tag-topstories","28":"tag-zinas"},"share_on_mastodon":{"url":"https:\/\/pubeurope.com\/@lv\/115683380613678246","error":""},"_links":{"self":[{"href":"https:\/\/www.europesays.com\/lv\/wp-json\/wp\/v2\/posts\/68789","targetHints":{"allow":["GET"]}}],"collection":[{"href":"https:\/\/www.europesays.com\/lv\/wp-json\/wp\/v2\/posts"}],"about":[{"href":"https:\/\/www.europesays.com\/lv\/wp-json\/wp\/v2\/types\/post"}],"author":[{"embeddable":true,"href":"https:\/\/www.europesays.com\/lv\/wp-json\/wp\/v2\/users\/2"}],"replies":[{"embeddable":true,"href":"https:\/\/www.europesays.com\/lv\/wp-json\/wp\/v2\/comments?post=68789"}],"version-history":[{"count":0,"href":"https:\/\/www.europesays.com\/lv\/wp-json\/wp\/v2\/posts\/68789\/revisions"}],"wp:featuredmedia":[{"embeddable":true,"href":"https:\/\/www.europesays.com\/lv\/wp-json\/wp\/v2\/media\/68790"}],"wp:attachment":[{"href":"https:\/\/www.europesays.com\/lv\/wp-json\/wp\/v2\/media?parent=68789"}],"wp:term":[{"taxonomy":"category","embeddable":true,"href":"https:\/\/www.europesays.com\/lv\/wp-json\/wp\/v2\/categories?post=68789"},{"taxonomy":"post_tag","embeddable":true,"href":"https:\/\/www.europesays.com\/lv\/wp-json\/wp\/v2\/tags?post=68789"}],"curies":[{"name":"wp","href":"https:\/\/api.w.org\/{rel}","templated":true}]}}