{"id":68791,"date":"2025-12-08T10:06:11","date_gmt":"2025-12-08T10:06:11","guid":{"rendered":"https:\/\/www.europesays.com\/lv\/68791\/"},"modified":"2025-12-08T10:06:11","modified_gmt":"2025-12-08T10:06:11","slug":"pec-be-vieta-briva-nepaliek-botns-sak-sensacionali-un-nopelna-lielu-naudu","status":"publish","type":"post","link":"https:\/\/www.europesays.com\/lv\/68791\/","title":{"rendered":"P\u0113c B\u0113 vieta br\u012bva nepaliek. Botns s\u0101k sensacion\u0101li un nopelna lielu naudu"},"content":{"rendered":"<p>Norv\u0113\u0123ijas biatlonisti p\u0113d\u0113jos gados teju vai domin\u0113ju\u0161i visaugst\u0101k\u0101s raudzes sacens\u012bb\u0101s. \u012apa\u0161i j\u0101izce\u013c Juhanness T\u012bngn\u0113ss B\u0113, kur\u0161 \u0161auteni un sl\u0113pes nu licis nost. Vi\u0146a vieta gan br\u012bva nav palikusi. Sensacion\u0101li jauno Pasaules kausa (PK) sezonu ies\u0101cis Juhans \u016alavs Botns, kur\u0161 maz\u0101k nek\u0101 ned\u0113\u013cas laik\u0101 \u010detrreiz k\u0101pa uz goda pjedest\u0101la un savu kontu papildin\u0101ja ar piekl\u0101j\u012bgu naudas summu.<\/p>\n","protected":false},"excerpt":{"rendered":"Norv\u0113\u0123ijas biatlonisti p\u0113d\u0113jos gados teju vai domin\u0113ju\u0161i visaugst\u0101k\u0101s raudzes sacens\u012bb\u0101s. \u012apa\u0161i j\u0101izce\u013c Juhanness T\u012bngn\u0113ss B\u0113, kur\u0161 \u0161auteni un&hellip;\n","protected":false},"author":2,"featured_media":68792,"comment_status":"","ping_status":"","sticky":false,"template":"","format":"standard","meta":{"footnotes":""},"categories":[17],"tags":[1498,1499,17635,17634,17638,35,39,38,36,37,34,40,16008,17637,67,17636,1324],"class_list":{"0":"post-68791","1":"post","2":"type-post","3":"status-publish","4":"format-standard","5":"has-post-thumbnail","7":"category-sports","8":"tag-andrejs-rastorgujevs","9":"tag-biatlons","10":"tag-juhannes-tingness-be","11":"tag-juhans-ulavs-botns","12":"tag-kentens-fijons-maje","13":"tag-latvia","14":"tag-latvian","15":"tag-latviesu","16":"tag-latviesu-valoda","17":"tag-latviesuvaloda","18":"tag-latvija","19":"tag-lv","20":"tag-renars-birkentals","21":"tag-sebastians-samuelsons","22":"tag-sports","23":"tag-sturla-holms-legreids","24":"tag-tvnet-sports"},"share_on_mastodon":{"url":"https:\/\/pubeurope.com\/@lv\/115683392403888947","error":""},"_links":{"self":[{"href":"https:\/\/www.europesays.com\/lv\/wp-json\/wp\/v2\/posts\/68791","targetHints":{"allow":["GET"]}}],"collection":[{"href":"https:\/\/www.europesays.com\/lv\/wp-json\/wp\/v2\/posts"}],"about":[{"href":"https:\/\/www.europesays.com\/lv\/wp-json\/wp\/v2\/types\/post"}],"author":[{"embeddable":true,"href":"https:\/\/www.europesays.com\/lv\/wp-json\/wp\/v2\/users\/2"}],"replies":[{"embeddable":true,"href":"https:\/\/www.europesays.com\/lv\/wp-json\/wp\/v2\/comments?post=68791"}],"version-history":[{"count":0,"href":"https:\/\/www.europesays.com\/lv\/wp-json\/wp\/v2\/posts\/68791\/revisions"}],"wp:featuredmedia":[{"embeddable":true,"href":"https:\/\/www.europesays.com\/lv\/wp-json\/wp\/v2\/media\/68792"}],"wp:attachment":[{"href":"https:\/\/www.europesays.com\/lv\/wp-json\/wp\/v2\/media?parent=68791"}],"wp:term":[{"taxonomy":"category","embeddable":true,"href":"https:\/\/www.europesays.com\/lv\/wp-json\/wp\/v2\/categories?post=68791"},{"taxonomy":"post_tag","embeddable":true,"href":"https:\/\/www.europesays.com\/lv\/wp-json\/wp\/v2\/tags?post=68791"}],"curies":[{"name":"wp","href":"https:\/\/api.w.org\/{rel}","templated":true}]}}