{"id":68793,"date":"2025-12-08T10:09:10","date_gmt":"2025-12-08T10:09:10","guid":{"rendered":"https:\/\/www.europesays.com\/lv\/68793\/"},"modified":"2025-12-08T10:09:10","modified_gmt":"2025-12-08T10:09:10","slug":"rigas-pasvaldiba-patvertnes-veidos-146-ekas","status":"publish","type":"post","link":"https:\/\/www.europesays.com\/lv\/68793\/","title":{"rendered":"R\u012bgas pa\u0161vald\u012bb\u0101 patvertnes veidos 146 \u0113k\u0101s"},"content":{"rendered":"<p>R\u012bgas domes Dro\u0161\u012bbas, k\u0101rt\u012bbas un korupcijas nov\u0113r\u0161anas jaut\u0101jumu komiteja pirmdien, 8. decembr\u012b, atbalst\u012bja dal\u012bbu Eiropas Re\u0123ion\u0101l\u0101s att\u012bst\u012bbas fonda (ERAF) l\u012bdzfinans\u0113taj\u0101 programm\u0101, lai piel\u0101gotu 146 pa\u0161vald\u012bbas \u0113kas patvert\u0146u funkcijas nodro\u0161in\u0101\u0161anai. P\u0113c apstiprin\u0101\u0161anas domes s\u0113d\u0113 projekta pieteikums tiks iesniegts Centr\u0101laj\u0101 finan\u0161u un l\u012bgumu a\u0123ent\u016br\u0101 (CFLA).<\/p>\n<p>Pl\u0101nots, ka patvertnes tiks izveidotas 123 pa\u0161vald\u012bbas \u0113k\u0101s, kas atrodas \u012apa\u0161uma departamenta p\u0101rraudz\u012bb\u0101, k\u0101 ar\u012b 23 pa\u0161vald\u012bbas \u012bres namos, kas atrodas M\u0101jok\u013cu un vides departamenta p\u0101rraudz\u012bb\u0101. Kop\u0101 \u0161aj\u0101s patvertn\u0113s var\u0113s uztur\u0113ties vair\u0101k nek\u0101 50\u00a0000 iedz\u012bvot\u0101ju. Izmantojot ERAF finans\u0113jumu, pl\u0101nots izveidot ar\u012b divas patvertnes AS \u201cR\u012bgas siltums\u201d \u0113k\u0101s, par ko l\u0113mums b\u016bs j\u0101pie\u0146em uz\u0146\u0113muma valdei.<\/p>\n<p>\u201cSt\u0101joties amat\u0101, patvert\u0146u izb\u016bvi izvirz\u012bju k\u0101 savu priorit\u0101ti. Tas ir \u013coti noz\u012bm\u012bgs projekts R\u012bgas iedz\u012bvot\u0101jiem un pa\u0161vald\u012bbai. \u0160obr\u012bd patvertnes ir j\u0101piel\u0101go t\u0101diem apst\u0101k\u013ciem, lai taj\u0101s iedz\u012bvot\u0101ji var patie\u0161\u0101m uztur\u0113ties, ne tikai t\u0101s b\u016btu mar\u0137\u0113tas. Ar atbild\u012bgo pa\u0161vald\u012bbu departamentu speci\u0101listiem esam \u013coti \u012bs\u0101 laik\u0101 sp\u0113ju\u0161i izstr\u0101d\u0101t tehniskos projektus 148 objektiem, lai iesniegtu ERAF finans\u0113juma sa\u0146em\u0161anai. Ar to ir par maz, t\u0101p\u0113c tikpat lielus l\u012bdzek\u013cus pa\u0161vald\u012bba pie\u0161\u0137irs no sava bud\u017eeta. P\u0113c projektu apstiprin\u0101juma un l\u012bdzfinans\u0113juma pie\u0161\u0137ir\u0161anas pl\u0101nojam 40% finans\u0113juma izlietot jau 2026. gad\u0101, bet p\u0101r\u0113jais finans\u0113jums patvert\u0146u izb\u016bvei tiks pabeigts 2027. gad\u0101,\u201d uzsver R\u012bgas domes Dro\u0161\u012bbas, k\u0101rt\u012bbas un korupcijas nov\u0113r\u0161anas jaut\u0101jumu komitejas vad\u012bt\u0101js \u0122irts Lapi\u0146\u0161.<\/p>\n<p>Kop\u0113j\u0101s projekta provizorisk\u0101s izmaksas sasniegs l\u012bdz 11 356 000 eiro, no kuriem ERAF finans\u0113jums b\u016bs l\u012bdz 5 685 386 eiro, bet pa\u0161vald\u012bbas l\u012bdzfinans\u0113jums \u2013 l\u012bdz 5 670 614 eiro. Projekta \u012bsteno\u0161ana paredz\u0113ta 2026.\u20132027. gad\u0101.<\/p>\n<p>\u0112ku piel\u0101go\u0161anas darbi patvert\u0146u vajadz\u012bb\u0101m ietvers oblig\u0101tos nosac\u012bjumus saska\u0146\u0101 ar Valsts ugunsdz\u0113s\u012bbas un gl\u0101b\u0161anas dienesta (VUGD) rekomend\u0101cij\u0101m, tostarp:<\/p>\n<ul>&#13;<\/p>\n<li>ieejas durvju nomai\u0146u uz nedego\u0161iem materi\u0101liem;<\/li>\n<p>&#13;<\/p>\n<li>ventil\u0101cijas, autonomas elektroapg\u0101des un sanit\u0101ro higi\u0113nisko apst\u0101k\u013cu nodro\u0161in\u0101\u0161anu;<\/li>\n<p>&#13;<\/p>\n<li>mobil\u0101s sakaru un uzl\u0101des iesp\u0113ju ier\u012bko\u0161anu;<\/li>\n<p>&#13;<\/p>\n<li>dzeram\u0101 \u016bdens pieejam\u012bbas izveidi;<\/li>\n<p>&#13;<\/p>\n<li>informat\u012bvo z\u012bmju un nor\u0101\u017eu izvieto\u0161anu.<\/li>\n<p>&#13;\n<\/ul>\n<p>Daudzas telpas tiks piel\u0101gotas du\u0101lai izmanto\u0161anai, lai t\u0101s kalpotu ikdienas vajadz\u012bb\u0101m, bet b\u016btu gatavas civil\u0101s aizsardz\u012bbas situ\u0101cij\u0101m, piem\u0113ram, katastrof\u0101m, milit\u0101ram iebrukumam vai karam.<\/p>\n<p>Pla\u0161\u0101ka inform\u0101cija pat patvert\u0146u izveido\u0161anas vadl\u012bnij\u0101m, k\u0101 ar\u012b pa\u0161vald\u012bbas apsekoto un mar\u0137\u0113to patv\u0113ruma vietu karte pieejama <a href=\"https:\/\/www.riga.lv\/lv\/patvertnes\" target=\"_blank\" rel=\"nofollow noopener\">\u0161eit<\/a>.<\/p>\n<p>          <img decoding=\"async\" src=\"https:\/\/www.europesays.com\/lv\/wp-content\/uploads\/2025\/12\/logo-lv.png\" alt=\"\"\/><\/p>\n<p>                  \u0160\u012b inform\u0101cija ir publisks pazi\u0146ojums un neatspogu\u013co LV port\u0101la viedokli. Par t\u0101s saturu atbild ies\u016bt\u012bt\u0101js. <a data-popup=\"rules\">Public\u0113\u0161anas noteikumi<\/a><\/p>\n","protected":false},"excerpt":{"rendered":"R\u012bgas domes Dro\u0161\u012bbas, k\u0101rt\u012bbas un korupcijas nov\u0113r\u0161anas jaut\u0101jumu komiteja pirmdien, 8. decembr\u012b, atbalst\u012bja dal\u012bbu Eiropas Re\u0123ion\u0101l\u0101s att\u012bst\u012bbas fonda&hellip;\n","protected":false},"author":2,"featured_media":68794,"comment_status":"","ping_status":"","sticky":false,"template":"","format":"standard","meta":{"footnotes":""},"categories":[12],"tags":[23,28,29,32,33,22,30,31,35,39,38,36,37,34,40,20,26,27,24,25,21],"class_list":{"0":"post-68793","1":"post","2":"type-post","3":"status-publish","4":"format-standard","5":"has-post-thumbnail","7":"category-latvija","8":"tag-aktualitates","9":"tag-breaking-news","10":"tag-breakingnews","11":"tag-featured-news","12":"tag-featurednews","13":"tag-headlines","14":"tag-latest-news","15":"tag-latestnews","16":"tag-latvia","17":"tag-latvian","18":"tag-latviesu","19":"tag-latviesu-valoda","20":"tag-latviesuvaloda","21":"tag-latvija","22":"tag-lv","23":"tag-news","24":"tag-popularakas-zinas","25":"tag-popularakaszinas","26":"tag-top-stories","27":"tag-topstories","28":"tag-zinas"},"share_on_mastodon":{"url":"https:\/\/pubeurope.com\/@lv\/115683404196366684","error":""},"_links":{"self":[{"href":"https:\/\/www.europesays.com\/lv\/wp-json\/wp\/v2\/posts\/68793","targetHints":{"allow":["GET"]}}],"collection":[{"href":"https:\/\/www.europesays.com\/lv\/wp-json\/wp\/v2\/posts"}],"about":[{"href":"https:\/\/www.europesays.com\/lv\/wp-json\/wp\/v2\/types\/post"}],"author":[{"embeddable":true,"href":"https:\/\/www.europesays.com\/lv\/wp-json\/wp\/v2\/users\/2"}],"replies":[{"embeddable":true,"href":"https:\/\/www.europesays.com\/lv\/wp-json\/wp\/v2\/comments?post=68793"}],"version-history":[{"count":0,"href":"https:\/\/www.europesays.com\/lv\/wp-json\/wp\/v2\/posts\/68793\/revisions"}],"wp:featuredmedia":[{"embeddable":true,"href":"https:\/\/www.europesays.com\/lv\/wp-json\/wp\/v2\/media\/68794"}],"wp:attachment":[{"href":"https:\/\/www.europesays.com\/lv\/wp-json\/wp\/v2\/media?parent=68793"}],"wp:term":[{"taxonomy":"category","embeddable":true,"href":"https:\/\/www.europesays.com\/lv\/wp-json\/wp\/v2\/categories?post=68793"},{"taxonomy":"post_tag","embeddable":true,"href":"https:\/\/www.europesays.com\/lv\/wp-json\/wp\/v2\/tags?post=68793"}],"curies":[{"name":"wp","href":"https:\/\/api.w.org\/{rel}","templated":true}]}}