{"id":68799,"date":"2025-12-08T10:14:11","date_gmt":"2025-12-08T10:14:11","guid":{"rendered":"https:\/\/www.europesays.com\/lv\/68799\/"},"modified":"2025-12-08T10:14:11","modified_gmt":"2025-12-08T10:14:11","slug":"zelenskis-londona-tiksies-ar-tris-ietekmigako-eiropas-valstu-lideriem","status":"publish","type":"post","link":"https:\/\/www.europesays.com\/lv\/68799\/","title":{"rendered":"Zelenskis London\u0101 tiksies ar tr\u012bs ietekm\u012bg\u0101ko Eiropas valstu l\u012bderiem"},"content":{"rendered":"<p>Sagaid\u0101ms, ka tik\u0161an\u0101s, kur\u0101 piedal\u012bsies ar\u012b Francijas prezidents Emanuels Makrons un V\u0101cijas kanclers Fr\u012bdrihs Mercs, b\u016bs velt\u012bta tam, k\u0101 rea\u0123\u0113t uz ASV priek\u0161likumiem izbeigt karu ar Krieviju.<\/p>\n<p>Ned\u0113\u013cas nogal\u0113 Zelenskis pazi\u0146oja, ka ar ASV prezidenta Donalda Trampa padomniekiem ir p\u0101rrun\u0101jis n\u0101kamos so\u013cus un ir ap\u0146\u0113m\u012bbas pilns turpin\u0101t str\u0101d\u0101t lab\u0101 tic\u012bb\u0101.<\/p>\n<p>Ta\u010du sarunu dal\u012bbnieki ar\u012b atzina, ka jebk\u0101ds re\u0101ls progress b\u016bs atkar\u012bgs no Krievijas gatav\u012bbas izr\u0101d\u012bt nopietnu ap\u0146em\u0161anos pan\u0101kt ilgtermi\u0146a mieru.<\/p>\n<p>St\u0101rmers ir vair\u0101kk\u0101rt teicis, ka Ukrainai j\u0101\u013cauj pa\u0161ai noteikt savu n\u0101kotni, savuk\u0101rt viens no britu ministriem sv\u0113tdien sac\u012bja, ka valsti nedr\u012bkst atst\u0101t bezzobainu Krievijas agresijas priek\u0161\u0101.<\/p>\n<p>Ta\u010du <a href=\"https:\/\/www.tvnet.lv\/term\/555452\/krievija\" class=\"topicLink\" target=\"_blank\" rel=\"nofollow noopener\">Krievija<\/a> vair\u0101kk\u0101rt ir noraid\u012bjusi iesp\u0113ju, ka Ukrain\u0101 var\u0113tu izvietot sabiedroto karasp\u0113ku, un turpina piepras\u012bt apmai\u0146\u0101 pret mieru pla\u0161as Ukrainas teritorijas da\u013cas.<\/p>\n","protected":false},"excerpt":{"rendered":"Sagaid\u0101ms, ka tik\u0161an\u0101s, kur\u0101 piedal\u012bsies ar\u012b Francijas prezidents Emanuels Makrons un V\u0101cijas kanclers Fr\u012bdrihs Mercs, b\u016bs velt\u012bta tam,&hellip;\n","protected":false},"author":2,"featured_media":68800,"comment_status":"","ping_status":"","sticky":false,"template":"","format":"standard","meta":{"footnotes":""},"categories":[14],"tags":[23,57,28,29,32,33,22,5677,234,74,30,31,35,39,38,36,37,34,487,40,20,26,27,24,25,276,178,54,55,56,21,58],"class_list":{"0":"post-68799","1":"post","2":"type-post","3":"status-publish","4":"format-standard","5":"has-post-thumbnail","7":"category-zinas-no-arvalstim","8":"tag-aktualitates","9":"tag-arvalstim","10":"tag-breaking-news","11":"tag-breakingnews","12":"tag-featured-news","13":"tag-featurednews","14":"tag-headlines","15":"tag-kirs-starmers","16":"tag-krievija","17":"tag-krievijas-iebrukums-ukraina","18":"tag-latest-news","19":"tag-latestnews","20":"tag-latvia","21":"tag-latvian","22":"tag-latviesu","23":"tag-latviesu-valoda","24":"tag-latviesuvaloda","25":"tag-latvija","26":"tag-lielbritanija","27":"tag-lv","28":"tag-news","29":"tag-popularakas-zinas","30":"tag-popularakaszinas","31":"tag-top-stories","32":"tag-topstories","33":"tag-ukraina","34":"tag-volodimirs-zelenskis","35":"tag-world","36":"tag-world-news","37":"tag-worldnews","38":"tag-zinas","39":"tag-zinas-no-arvalstim"},"share_on_mastodon":{"url":"https:\/\/pubeurope.com\/@lv\/115683424099271435","error":""},"_links":{"self":[{"href":"https:\/\/www.europesays.com\/lv\/wp-json\/wp\/v2\/posts\/68799","targetHints":{"allow":["GET"]}}],"collection":[{"href":"https:\/\/www.europesays.com\/lv\/wp-json\/wp\/v2\/posts"}],"about":[{"href":"https:\/\/www.europesays.com\/lv\/wp-json\/wp\/v2\/types\/post"}],"author":[{"embeddable":true,"href":"https:\/\/www.europesays.com\/lv\/wp-json\/wp\/v2\/users\/2"}],"replies":[{"embeddable":true,"href":"https:\/\/www.europesays.com\/lv\/wp-json\/wp\/v2\/comments?post=68799"}],"version-history":[{"count":0,"href":"https:\/\/www.europesays.com\/lv\/wp-json\/wp\/v2\/posts\/68799\/revisions"}],"wp:featuredmedia":[{"embeddable":true,"href":"https:\/\/www.europesays.com\/lv\/wp-json\/wp\/v2\/media\/68800"}],"wp:attachment":[{"href":"https:\/\/www.europesays.com\/lv\/wp-json\/wp\/v2\/media?parent=68799"}],"wp:term":[{"taxonomy":"category","embeddable":true,"href":"https:\/\/www.europesays.com\/lv\/wp-json\/wp\/v2\/categories?post=68799"},{"taxonomy":"post_tag","embeddable":true,"href":"https:\/\/www.europesays.com\/lv\/wp-json\/wp\/v2\/tags?post=68799"}],"curies":[{"name":"wp","href":"https:\/\/api.w.org\/{rel}","templated":true}]}}