{"id":68812,"date":"2025-12-08T10:38:07","date_gmt":"2025-12-08T10:38:07","guid":{"rendered":"https:\/\/www.europesays.com\/lv\/68812\/"},"modified":"2025-12-08T10:38:07","modified_gmt":"2025-12-08T10:38:07","slug":"par-prokrieviska-amerikana-nogalinasanu-donecka-notiesa-cetrus-krievijas-karavirus","status":"publish","type":"post","link":"https:\/\/www.europesays.com\/lv\/68812\/","title":{"rendered":"Par prokrievisk\u0101 amerik\u0101\u0146a nogalin\u0101\u0161anu Doneck\u0101 noties\u0101 \u010detrus Krievijas karav\u012brus"},"content":{"rendered":"<p>Dienvidu apgabala milit\u0101r\u0101 tiesa pazi\u0146oja, ka Vit\u0101lijam Vansjackim un Andrejam Iordanovam piespriesti 12 gadi stingr\u0101 re\u017e\u012bma kolonij\u0101, Vladislavam Aga\u013ccevam &#8211; 11 gadi stingr\u0101 re\u017e\u012bma kolonij\u0101, Vladimiram Ba\u017einam &#8211; viens gads un se\u0161i m\u0113ne\u0161i soda kolonij\u0101.<\/p>\n<p>Vi\u0146i tika aps\u016bdz\u0113ti par dienesta pilnvaru \u013caunpr\u0101t\u012bgu izmanto\u0161anu, fiziskas vardarb\u012bbas un sp\u012bdzin\u0101\u0161anas pielieto\u0161anu, kas izrais\u012bja upura n\u0101vi aiz neuzman\u012bbas, k\u0101 ar\u012b par sevi\u0161\u0137i smaga nozieguma sl\u0113p\u0161anu, p\u0101rvietojot mirst\u012bg\u0101s atliekas, iepriek\u0161 pazi\u0146oja Krievijas Izmekl\u0113\u0161anas komiteja.<\/p>\n<p>P\u0113rn apr\u012bl\u012b Krievijas valsts propagandas strukt\u016bras RT galven\u0101 redaktore Margarita Simonjana pazi\u0146oja, ka 64 gadus vecais Bentlijs no Teksasas \u0161tata g\u0101jis boj\u0101 Doneck\u0101.<\/p>\n","protected":false},"excerpt":{"rendered":"Dienvidu apgabala milit\u0101r\u0101 tiesa pazi\u0146oja, ka Vit\u0101lijam Vansjackim un Andrejam Iordanovam piespriesti 12 gadi stingr\u0101 re\u017e\u012bma kolonij\u0101, Vladislavam&hellip;\n","protected":false},"author":2,"featured_media":68813,"comment_status":"","ping_status":"","sticky":false,"template":"","format":"standard","meta":{"footnotes":""},"categories":[14],"tags":[23,57,292,28,29,478,32,33,22,74,30,31,35,39,38,36,37,34,40,20,26,27,24,25,1326,54,55,56,21,58],"class_list":{"0":"post-68812","1":"post","2":"type-post","3":"status-publish","4":"format-standard","5":"has-post-thumbnail","7":"category-zinas-no-arvalstim","8":"tag-aktualitates","9":"tag-arvalstim","10":"tag-asv","11":"tag-breaking-news","12":"tag-breakingnews","13":"tag-donecka","14":"tag-featured-news","15":"tag-featurednews","16":"tag-headlines","17":"tag-krievijas-iebrukums-ukraina","18":"tag-latest-news","19":"tag-latestnews","20":"tag-latvia","21":"tag-latvian","22":"tag-latviesu","23":"tag-latviesu-valoda","24":"tag-latviesuvaloda","25":"tag-latvija","26":"tag-lv","27":"tag-news","28":"tag-popularakas-zinas","29":"tag-popularakaszinas","30":"tag-top-stories","31":"tag-topstories","32":"tag-totalitarisms","33":"tag-world","34":"tag-world-news","35":"tag-worldnews","36":"tag-zinas","37":"tag-zinas-no-arvalstim"},"share_on_mastodon":{"url":"https:\/\/pubeurope.com\/@lv\/115683518284591357","error":""},"_links":{"self":[{"href":"https:\/\/www.europesays.com\/lv\/wp-json\/wp\/v2\/posts\/68812","targetHints":{"allow":["GET"]}}],"collection":[{"href":"https:\/\/www.europesays.com\/lv\/wp-json\/wp\/v2\/posts"}],"about":[{"href":"https:\/\/www.europesays.com\/lv\/wp-json\/wp\/v2\/types\/post"}],"author":[{"embeddable":true,"href":"https:\/\/www.europesays.com\/lv\/wp-json\/wp\/v2\/users\/2"}],"replies":[{"embeddable":true,"href":"https:\/\/www.europesays.com\/lv\/wp-json\/wp\/v2\/comments?post=68812"}],"version-history":[{"count":0,"href":"https:\/\/www.europesays.com\/lv\/wp-json\/wp\/v2\/posts\/68812\/revisions"}],"wp:featuredmedia":[{"embeddable":true,"href":"https:\/\/www.europesays.com\/lv\/wp-json\/wp\/v2\/media\/68813"}],"wp:attachment":[{"href":"https:\/\/www.europesays.com\/lv\/wp-json\/wp\/v2\/media?parent=68812"}],"wp:term":[{"taxonomy":"category","embeddable":true,"href":"https:\/\/www.europesays.com\/lv\/wp-json\/wp\/v2\/categories?post=68812"},{"taxonomy":"post_tag","embeddable":true,"href":"https:\/\/www.europesays.com\/lv\/wp-json\/wp\/v2\/tags?post=68812"}],"curies":[{"name":"wp","href":"https:\/\/api.w.org\/{rel}","templated":true}]}}