{"id":68814,"date":"2025-12-08T10:39:08","date_gmt":"2025-12-08T10:39:08","guid":{"rendered":"https:\/\/www.europesays.com\/lv\/68814\/"},"modified":"2025-12-08T10:39:08","modified_gmt":"2025-12-08T10:39:08","slug":"planots-146-ekas-riga-ierikot-patvertnes","status":"publish","type":"post","link":"https:\/\/www.europesays.com\/lv\/68814\/","title":{"rendered":"Pl\u0101nots 146 \u0113k\u0101s R\u012bg\u0101 ier\u012bkot patvertnes"},"content":{"rendered":"<p>Pl\u0101nots, ka patvertnes tiks izveidotas 123 pa\u0161vald\u012bbas \u0113k\u0101s, kas atrodas \u012apa\u0161uma departamenta p\u0101rraudz\u012bb\u0101, k\u0101 ar\u012b 23 pa\u0161vald\u012bbas \u012bres namos, kas atrodas M\u0101jok\u013cu un vides departamenta p\u0101rraudz\u012bb\u0101. Kop\u0101 \u0161aj\u0101s patvertn\u0113s var\u0113s uztur\u0113ties vair\u0101k nek\u0101 50\u00a0000 iedz\u012bvot\u0101ju. Izmantojot ERAF finans\u0113jumu, pl\u0101nots izveidot ar\u012b divas patvertnes AS \u201cR\u012bgas siltums\u201d \u0113k\u0101s, par ko l\u0113mums b\u016bs j\u0101pie\u0146em uz\u0146\u0113muma valdei.<\/p>\n","protected":false},"excerpt":{"rendered":"Pl\u0101nots, ka patvertnes tiks izveidotas 123 pa\u0161vald\u012bbas \u0113k\u0101s, kas atrodas \u012apa\u0161uma departamenta p\u0101rraudz\u012bb\u0101, k\u0101 ar\u012b 23 pa\u0161vald\u012bbas \u012bres&hellip;\n","protected":false},"author":2,"featured_media":68815,"comment_status":"","ping_status":"","sticky":false,"template":"","format":"standard","meta":{"footnotes":""},"categories":[12],"tags":[23,28,29,32,33,22,30,31,35,39,38,36,37,34,40,20,26,27,24,25,21],"class_list":{"0":"post-68814","1":"post","2":"type-post","3":"status-publish","4":"format-standard","5":"has-post-thumbnail","7":"category-latvija","8":"tag-aktualitates","9":"tag-breaking-news","10":"tag-breakingnews","11":"tag-featured-news","12":"tag-featurednews","13":"tag-headlines","14":"tag-latest-news","15":"tag-latestnews","16":"tag-latvia","17":"tag-latvian","18":"tag-latviesu","19":"tag-latviesu-valoda","20":"tag-latviesuvaloda","21":"tag-latvija","22":"tag-lv","23":"tag-news","24":"tag-popularakas-zinas","25":"tag-popularakaszinas","26":"tag-top-stories","27":"tag-topstories","28":"tag-zinas"},"share_on_mastodon":{"url":"https:\/\/pubeurope.com\/@lv\/115683522169129258","error":""},"_links":{"self":[{"href":"https:\/\/www.europesays.com\/lv\/wp-json\/wp\/v2\/posts\/68814","targetHints":{"allow":["GET"]}}],"collection":[{"href":"https:\/\/www.europesays.com\/lv\/wp-json\/wp\/v2\/posts"}],"about":[{"href":"https:\/\/www.europesays.com\/lv\/wp-json\/wp\/v2\/types\/post"}],"author":[{"embeddable":true,"href":"https:\/\/www.europesays.com\/lv\/wp-json\/wp\/v2\/users\/2"}],"replies":[{"embeddable":true,"href":"https:\/\/www.europesays.com\/lv\/wp-json\/wp\/v2\/comments?post=68814"}],"version-history":[{"count":0,"href":"https:\/\/www.europesays.com\/lv\/wp-json\/wp\/v2\/posts\/68814\/revisions"}],"wp:featuredmedia":[{"embeddable":true,"href":"https:\/\/www.europesays.com\/lv\/wp-json\/wp\/v2\/media\/68815"}],"wp:attachment":[{"href":"https:\/\/www.europesays.com\/lv\/wp-json\/wp\/v2\/media?parent=68814"}],"wp:term":[{"taxonomy":"category","embeddable":true,"href":"https:\/\/www.europesays.com\/lv\/wp-json\/wp\/v2\/categories?post=68814"},{"taxonomy":"post_tag","embeddable":true,"href":"https:\/\/www.europesays.com\/lv\/wp-json\/wp\/v2\/tags?post=68814"}],"curies":[{"name":"wp","href":"https:\/\/api.w.org\/{rel}","templated":true}]}}