{"id":68816,"date":"2025-12-08T10:44:08","date_gmt":"2025-12-08T10:44:08","guid":{"rendered":"https:\/\/www.europesays.com\/lv\/68816\/"},"modified":"2025-12-08T10:44:08","modified_gmt":"2025-12-08T10:44:08","slug":"ukrainai-un-asv-neizdodas-panakt-izravienu-miera-sarunas-zelenskis-tiksies-ar-eiropas-lideriem-londona-raksts","status":"publish","type":"post","link":"https:\/\/www.europesays.com\/lv\/68816\/","title":{"rendered":"Ukrainai un ASV neizdodas pan\u0101kt izr\u0101vienu miera sarun\u0101s; Zelenskis tiksies ar Eiropas l\u012bderiem London\u0101 \/ Raksts"},"content":{"rendered":"<p>Ned\u0113\u013cas nogal\u0113 nosl\u0113gu\u0161\u0101s ASV un Ukrainas deleg\u0101cijas sarunas Maiami, Floridas \u0161tat\u0101. Savuk\u0101rt pirmdien London\u0101 Ukrainas prezidents Volodimirs Zelenskis tiksies ar vair\u0101ku Eiropas lielvaru l\u012bderiem. Balstoties uz izskan\u0113ju\u0161ajiem amatpersonu pazi\u0146ojumiem b\u016btisks izr\u0101viens miera pan\u0101k\u0161an\u0101 joproj\u0101m nav redzams.<\/p>\n<p><a id=\"1\" name=\"1\">Pan\u0101kt izr\u0101vienu sarun\u0101s Maiami neizdodas<\/a><\/p>\n<p>Floridas \u0161tat\u0101 notiku\u0161\u0101s sarunas bija garas, t\u0101s ilga tr\u012bs dienas un puses tur run\u0101ja par secin\u0101jumiem p\u0113c amerik\u0101\u0146u vieso\u0161an\u0101s Maskav\u0101, k\u0101 ar\u012b str\u0101d\u0101ja pie t\u0101l\u0101kiem risin\u0101jumiem.<\/p>\n<blockquote>\n<p>ASV un Ukraina p\u0113c sarun\u0101m bija vienispr\u0101tis ir, ka vieno\u0161an\u0101s pan\u0101k\u0161ana ir atkar\u012bga no Krievijas v\u0113lmes sadarboties.<\/p>\n<\/blockquote>\n<p>Tom\u0113r nekas neliecina par to, ka Krievija to v\u0113las.<\/p>\n<p>Sv\u0113tdien Putina pal\u012bgs Jurijs U\u0161akovs izteic\u0101s, ka ASV b\u016b\u0161ot j\u0101veic nopietnas, radik\u0101las izmai\u0146as savos dokumentos par Ukrainu. Vi\u0146\u0161 gan nepaskaidroja, k\u0101das izmai\u0146as Maskava v\u0113las, lai Va\u0161ingtona veiktu.<\/p>\n<p>Pan\u0101kt lielu\u00a0izr\u0101vienu\u00a0Florid\u0101 tie\u0161\u0101m neizdev\u0101s, un sarunu deta\u013cas izpaustas netiek.<\/p>\n<p>Galvenais str\u012bdus jaut\u0101jums starp Kijivu un Maskavu saglab\u0101jas,\u00a0proti, tas attiecas uz teritori\u0101liem jaut\u0101jumiem. Krievija joproj\u0101m v\u0113las, lai Ukraina atdod tai visu Donbasu, ar\u012b t\u0101s teritorijas, ko Krievija nemaz nekontrol\u0113. T\u0101pat runa ir par Ukrainas armijas izm\u0113ru p\u0113c kara beig\u0101m un neatrisin\u0101ts jaut\u0101jums joproj\u0101m ir ar\u012b dro\u0161\u012bbas garantijas Ukrainai. Pie t\u0101m Kijiva str\u0101d\u0101 gan ar ASV, gan Eiropu.<\/p>\n<p>Lai gan Zelenskis jau br\u012bvdien\u0101s sazvan\u012bj\u0101s ar ASV p\u0101rst\u0101vjiem un run\u0101ja ar tiem divas stundas, Ukrainas deleg\u0101cija par progresu Zelenski inform\u0113s pirmdien kl\u0101tien\u0113 pirmdien, atgrie\u017eoties no ASV. Tas notiks London\u0101, jo pirdien Zelenskis viesosies Lielbrit\u0101nijas galvaspils\u0113t\u0101.<\/p>\n<p><a name=\"2\">Zelenskis tiksies ar Lielbrit\u0101nijas, Francijas un V\u0101cijas l\u012bderiem<\/a><\/p>\n<p>Pirmdien Zelenski London\u0101\u00a0uz\u0146ems Lielbrit\u0101nijas premjers K\u012brs St\u0101rmers. Vi\u0146iem pievienosies ar\u012b Francijas prezidents Emanuels Makrons un V\u0101cijas kanclers Fr\u012bdrihs Mercs.<\/p>\n<blockquote>\n<p>Sagaid\u0101ms, ka puses run\u0101s par to, k\u0101di secin\u0101jumi izdar\u0101mi p\u0113c sarun\u0101m Florid\u0101 un Maskav\u0101, k\u0101 virz\u012bties uz priek\u0161u un k\u0101das dro\u0161\u012bbas garantijas Eiropa var sniegt Ukrainai.<\/p>\n<\/blockquote>\n<p>Krievija gan vair\u0101kk\u0101rt ir noraid\u012bjusi iesp\u0113ju, ka Ukrain\u0101 var\u0113tu izvietot sabiedroto karasp\u0113ku. Turpin\u0101s ar\u012b eiropie\u0161u diskusijas ar amerik\u0101\u0146iem un britu \u0101rlietu ministre Iveta K\u016bpere dosies uz Va\u0161ingtonu, lai tiktos ar valsts sekret\u0101ru Marko Rubio un cit\u0101m amatperson\u0101m.<\/p>\n<p><a name=\"3\">Jaun\u0101 ASV Nacion\u0101l\u0101 dro\u0161\u012bbas strat\u0113\u0123ija k\u0101 aukst\u0101 du\u0161a Eiropai<\/a><\/p>\n<p>Vair\u0101ki anal\u012bti\u0137i nor\u0101da, ka jaun\u0101s nacion\u0101l\u0101s dro\u0161\u012bbas strat\u0113\u0123ijas valoda nav liels\u00a0p\u0101rsteigums, jo to, ka Tramps ir neapmierin\u0101ts ar vair\u0101ku Eiropas valstu politiku, piem\u0113ram, attiec\u012bb\u0101 uz imigr\u0101ciju un to, ka vi\u0146\u0161 v\u0113las, lai Eiropa pati uz\u0146emas atbild\u012bbu par savu dro\u0161\u012bbu, ir bijis zin\u0101ms ar\u012b iepriek\u0161.<\/p>\n<blockquote>\n<p>Savuk\u0101rt Krievija 33 lappu\u0161u garaj\u0101 dokument\u0101 min\u0113ta maz un raksturota k\u0101 t\u0101da, ar kuru j\u0101veido attiec\u012bbas. Par to nor\u0101da ar\u012b\u00a0ASV poz\u012bcijas Ukrainas miera sarunu kontekst\u0101.<\/p>\n<\/blockquote>\n<p>Tom\u0113r vair\u0101kas valstis to ir ska\u013ci kritiz\u0113ju\u0161as.\u00a0Piem\u0113ram, V\u0101cija, kas ar\u012b kritiz\u0113ta dokument\u0101, nor\u0101d\u012bjusi, ka t\u0101diem jaut\u0101jumiem k\u0101 v\u0101rda br\u012bv\u012bbai visp\u0101r nevajadz\u0113tu b\u016bt \u0161\u0101d\u0101 strat\u0113\u0123ij\u0101.<\/p>\n<p>Savuk\u0101rt Polijas premjers Donalds Tusks ierakst\u0101 platform\u0101 &#8220;X&#8221;\u00a0uzsv\u0113ris, ka Eiropa ir ASV tuv\u0101kais sabiedrotais, nevis probl\u0113ma, piebilstot, ka ab\u0101m pus\u0113m ir kop\u012bgi ienaidnieki.<\/p>\n<p>Ar\u012b Eiropas Savien\u012bbas augst\u0101k\u0101 p\u0101rst\u0101ve \u0101rliet\u0101s Kaja Kallasa, m\u0113\u0123inot m\u012bkstin\u0101t kritiku dokument\u0101 izteic\u0101s, ka ASV joproj\u0101m ir liel\u0101kais Eiropas sabiedrotais un atzinusi, ka Eiropai tie\u0161\u0101m vajadz\u0113tu b\u016bt pa\u0161p\u0101rliecin\u0101t\u0101kai.<\/p>\n<p>Reakcija sekojusi ar\u012b no Krievijas, pret kuru dokument\u0101 izmantota maiga valoda. Kremlis atzinis, ka dokuments ir pozit\u012bvs un taj\u0101 rakst\u012btais liel\u0101 m\u0113r\u0101 atbilst Krievijas v\u012bzijai.<\/p>\n<p>Dr\u012bz vien strat\u0113\u0123iju par ASV milit\u0101raj\u0101m priorit\u0101t\u0113m public\u0113s Pentagons. Un ar\u012b tur b\u016bs l\u012bdz\u012bgi domu graudi k\u0101 nacion\u0101laj\u0101 dro\u0161\u012bbas strat\u0113\u0123ij\u0101, jo aizsardz\u012bbas ministrs P\u012bts Hegsets v\u0113l pirms Pentagona dokumenta public\u0113\u0161anas licis noprast, ka ASV piepras\u012bs sabiedrotajiem par\u016bp\u0113ties par sevi.<\/p>\n<p>KONTEKSTS:<\/p>\n<p>Sarunas par iesp\u0113jamo miera pan\u0101k\u0161anu Ukrain\u0101 aktiviz\u0113j\u0101s p\u0113c ASV prezidenta Donalda Trampa st\u0101\u0161anas amat\u0101 \u0161\u012b gada janv\u0101r\u012b. Vi\u0146\u0161 vair\u0101kk\u0101rt<a data-id=\"587565\" data-type=\"article\" href=\"https:\/\/www.lsm.lv\/raksts\/zinas\/arzemes\/12.02.2025-tramps-runajis-ar-putinu-un-zelenski-aicinajis-nekavejoties-sakt-miera-sarunas.a587565\/\" class=\"lsm-link\" rel=\"nofollow noopener\" target=\"_blank\">\u00a0run\u0101jis<\/a>\u00a0un pat<a data-id=\"610627\" data-type=\"article\" href=\"https:\/\/www.lsm.lv\/raksts\/zinas\/arzemes\/16.08.2025-tramps-un-putins-pec-sarunam-alaska-apmainas-ar-laipnibam-bet-ukrainas-jautajuma-nav-progresa-pazimju.a610627\/\" class=\"lsm-link\" rel=\"nofollow noopener\" target=\"_blank\">\u00a0tik\u0101s<\/a>\u00a0ar Krievijas diktatoru Vladimiru Putinu, august\u0101 pazi\u0146ojis par<a data-id=\"606786\" data-type=\"article\" href=\"https:\/\/www.lsm.lv\/raksts\/zinas\/arzemes\/14.07.2025-krievijai-ir-50-dienas-laika-izbeigt-karu-ukraina-tramps-draud-ar-sankcijam-un-sola-ierocus-ukrainai.a606786\/\" class=\"lsm-link\" rel=\"nofollow noopener\" target=\"_blank\">\u00a050 dienu<\/a>\u00a0laiku, lai\u00a0izbeigtu karu Ukrain\u0101, draudot ar r\u012bc\u012bbu, ta\u010du Krievija turpin\u0101ja gan<a data-id=\"621536\" data-type=\"article\" href=\"https:\/\/www.lsm.lv\/raksts\/zinas\/arzemes\/07.11.2025-cina-par-pokrovsku-krievijas-ketnas-kritusi-jau-60-pilsetas.a621536\/\" class=\"lsm-link\" rel=\"nofollow noopener\" target=\"_blank\">\u00a0virz\u012bbu front\u0113<\/a>, gan uzbr\u016bkot civilajai infrastrukt\u016brai un\u00a0nogalinot Ukrainas<a data-id=\"622946\" data-type=\"article\" href=\"https:\/\/www.lsm.lv\/raksts\/zinas\/arzemes\/19.11.2025-krievijas-dronu-un-rakesu-trieciena-ukrainas-pilsetai-ternopilai-vismaz-25-cilveki-nogalinati-73-ievainoti.a622946\/\" class=\"lsm-link\" rel=\"nofollow noopener\" target=\"_blank\">\u00a0civiliedz\u012bvot\u0101jus<\/a>.<\/p>\n<p>Ukraina turpina l\u016bgt sabiedrotajiem pal\u012bdz\u012bbu un t\u0101l\u0101s darb\u012bbas iero\u010dus, kas \u013cautu v\u0113rsties pret milit\u0101rajiem m\u0113r\u0137iem Krievij\u0101. Lai gan liels progress \u0161aj\u0101 jaut\u0101jum\u0101 nav pan\u0101kts, da\u017ei Ukrainas sabiedrotie pal\u012bdz\u012bbu pastiprina, piem\u0113ram,<a data-id=\"623104\" data-type=\"article\" href=\"https:\/\/www.lsm.lv\/raksts\/zinas\/arzemes\/20.11.2025-mercs-vacija-tomer-piegadas-ukrainai-talas-darbibas-rakesu-sistemas.a623104\/\" class=\"lsm-link\" rel=\"nofollow noopener\" target=\"_blank\">\u00a0V\u0101cijas apsol\u012bja<\/a>\u00a0pieg\u0101d\u0101t Kijivai t\u0101l\u0101s darb\u012bbas ra\u0137e\u0161u sist\u0113mas.<\/p>\n<p>ASV prezidents Donalds Tramps saska\u0146\u0101 ar mediju zi\u0146oto parakst\u012bjis un apstiprin\u0101jis<a data-id=\"623276\" data-type=\"article\" href=\"https:\/\/www.lsm.lv\/raksts\/zinas\/arzemes\/21.11.2025-trampa-miera-plans-paredz-ieguvumus-asv-un-krievijai-ukraina-zaudetu-teritorijas-un-iespeju-iestaties-nato.a623276\/\" class=\"lsm-link\" rel=\"nofollow noopener\" target=\"_blank\">\u00a028 punktu miera pl\u0101nu<\/a>. Tas paredz Ukrainai dro\u0161\u012bbas garantijas, bet liegtu dal\u012bbu NATO, kam\u0113r Krievijai \u013cautu atgriezties pasaules ekonomik\u0101, bet Maskavai vajadz\u0113tu nostiprin\u0101t ap\u0146em\u0161anos neuzbrukt kaimi\u0146valst\u012b. Pl\u0101ns ar\u012b paredz\u0113tu &#8220;de facto&#8221; okup\u0113t\u0101s Ukrainas teritorijas atz\u012bt par Krievijas teritoriju, bet Ukrainai 100 dienu laik\u0101 b\u016btu j\u0101r\u012bko v\u0113l\u0113\u0161anas.\u00a0<\/p>\n<p>Ukrainas sabiedrotie Eirop\u0101 pauda neapmierin\u0101t\u012bbu ar pl\u0101nu, izsakot stingru atbalstu Kijivai.<a data-id=\"623511\" data-type=\"article\" href=\"https:\/\/www.lsm.lv\/raksts\/zinas\/arzemes\/24.11.2025-vasingtona-un-kijiva-par-kara-izbeigsanu-nepieciesama-vienosanas-kas-apliecina-ukrainas-suverenitati.a623511\/\" class=\"lsm-link\" rel=\"nofollow noopener\" target=\"_blank\">\u00a023. novembr\u012b \u017den\u0113v\u0101<\/a>\u00a0notika sarunas starp ASV, Eiropas un Ukrainas l\u012bderiem, kur\u0101s sprieda par izmai\u0146\u0101m ASV pied\u0101v\u0101taj\u0101 pl\u0101n\u0101. \u0160obr\u012bd atjaunot\u0101 pl\u0101na deta\u013cas netiek atkl\u0101tas, tom\u0113r tr\u012bs pu\u0161u amatpersonas pozit\u012bvi nov\u0113rt\u0113ju\u0161as pan\u0101kto progresu. Tikm\u0113r<a data-id=\"623616\" data-type=\"article\" href=\"https:\/\/www.lsm.lv\/raksts\/zinas\/arzemes\/24.11.2025-izdevums-asv-piedavatais-plans-ir-mainits-no-sakotneja-piedavajuma-palikusi-tikai-19-punkti.a623616\/\" class=\"lsm-link\" rel=\"nofollow noopener\" target=\"_blank\">\u00a0mediji zi\u0146o<\/a>, ka pl\u0101ns tika sa\u012bsin\u0101ts, iek\u013caujot vien 19 punktus un vair\u0101k iev\u0113rojot Kijivas intereses.<\/p>\n<p>                    Valodas k\u013c\u016bda rakst\u0101?<\/p>\n<p class=\"d-none d-md-block\">Iez\u012bm\u0113jiet tekstu un spiediet Ctrl+Enter, lai nos\u016bt\u012btu labojamo teksta fragmentu redaktoram! Par faktu k\u013c\u016bd\u0101m l\u016bdzam zi\u0146ot e-past\u0101 <a href=\"https:\/\/www.lsm.lv\/cdn-cgi\/l\/email-protection\" class=\"__cf_email__\" data-cfemail=\"84f6e1e0e5efe7edeee5c4e8f7e9aae8f2\" rel=\"nofollow noopener\" target=\"_blank\">[email\u00a0protected]<\/a>.<\/p>\n<p class=\"d-md-none\">Iez\u012bm\u0113jiet tekstu un spiediet uz Zi\u0146ot par k\u013c\u016bdu pogas, lai nos\u016bt\u012btu labojamo teksta fragmentu redaktoram!<\/p>\n<p>\n                    Zi\u0146ot par k\u013c\u016bdu\n                <\/p>\n","protected":false},"excerpt":{"rendered":"Ned\u0113\u013cas nogal\u0113 nosl\u0113gu\u0161\u0101s ASV un Ukrainas deleg\u0101cijas sarunas Maiami, Floridas \u0161tat\u0101. Savuk\u0101rt pirmdien London\u0101 Ukrainas prezidents Volodimirs Zelenskis&hellip;\n","protected":false},"author":2,"featured_media":68817,"comment_status":"","ping_status":"","sticky":false,"template":"","format":"standard","meta":{"footnotes":""},"categories":[14],"tags":[23,57,28,29,32,33,22,30,31,35,39,38,36,37,34,40,20,26,27,24,25,54,55,56,21,58],"class_list":{"0":"post-68816","1":"post","2":"type-post","3":"status-publish","4":"format-standard","5":"has-post-thumbnail","7":"category-zinas-no-arvalstim","8":"tag-aktualitates","9":"tag-arvalstim","10":"tag-breaking-news","11":"tag-breakingnews","12":"tag-featured-news","13":"tag-featurednews","14":"tag-headlines","15":"tag-latest-news","16":"tag-latestnews","17":"tag-latvia","18":"tag-latvian","19":"tag-latviesu","20":"tag-latviesu-valoda","21":"tag-latviesuvaloda","22":"tag-latvija","23":"tag-lv","24":"tag-news","25":"tag-popularakas-zinas","26":"tag-popularakaszinas","27":"tag-top-stories","28":"tag-topstories","29":"tag-world","30":"tag-world-news","31":"tag-worldnews","32":"tag-zinas","33":"tag-zinas-no-arvalstim"},"share_on_mastodon":{"url":"https:\/\/pubeurope.com\/@lv\/115683541991501961","error":""},"_links":{"self":[{"href":"https:\/\/www.europesays.com\/lv\/wp-json\/wp\/v2\/posts\/68816","targetHints":{"allow":["GET"]}}],"collection":[{"href":"https:\/\/www.europesays.com\/lv\/wp-json\/wp\/v2\/posts"}],"about":[{"href":"https:\/\/www.europesays.com\/lv\/wp-json\/wp\/v2\/types\/post"}],"author":[{"embeddable":true,"href":"https:\/\/www.europesays.com\/lv\/wp-json\/wp\/v2\/users\/2"}],"replies":[{"embeddable":true,"href":"https:\/\/www.europesays.com\/lv\/wp-json\/wp\/v2\/comments?post=68816"}],"version-history":[{"count":0,"href":"https:\/\/www.europesays.com\/lv\/wp-json\/wp\/v2\/posts\/68816\/revisions"}],"wp:featuredmedia":[{"embeddable":true,"href":"https:\/\/www.europesays.com\/lv\/wp-json\/wp\/v2\/media\/68817"}],"wp:attachment":[{"href":"https:\/\/www.europesays.com\/lv\/wp-json\/wp\/v2\/media?parent=68816"}],"wp:term":[{"taxonomy":"category","embeddable":true,"href":"https:\/\/www.europesays.com\/lv\/wp-json\/wp\/v2\/categories?post=68816"},{"taxonomy":"post_tag","embeddable":true,"href":"https:\/\/www.europesays.com\/lv\/wp-json\/wp\/v2\/tags?post=68816"}],"curies":[{"name":"wp","href":"https:\/\/api.w.org\/{rel}","templated":true}]}}