{"id":68818,"date":"2025-12-08T10:45:08","date_gmt":"2025-12-08T10:45:08","guid":{"rendered":"https:\/\/www.europesays.com\/lv\/68818\/"},"modified":"2025-12-08T10:45:08","modified_gmt":"2025-12-08T10:45:08","slug":"piektdien-apgazusies-laiva-vedusi-austrumu-robezas-infrastrukturas-buvniekus","status":"publish","type":"post","link":"https:\/\/www.europesays.com\/lv\/68818\/","title":{"rendered":"Piektdien apg\u0101zusies laiva vedusi austrumu robe\u017eas infrastrukt\u016bras b\u016bvniekus"},"content":{"rendered":"<p>Laiv\u0101, kas piektdien apg\u0101z\u0101s Ludzas novad\u0101, atrad\u0101s darbinieki, kas b\u016bv\u0113ja pontonu robe\u017elaipas, sv\u0113tdien vesta Latvijas Telev\u012bzija (LTV).<\/p>\n<p>&#8220;Valsts Nekustamie \u012bpa\u0161umi&#8221; (VN\u012a), kas atbild par austrumu robe\u017eas infrastrukt\u016bras izb\u016bvi, sabiedriskajai telev\u012bzijai apstiprin\u0101ja, ka laiv\u0101 atrad\u0101s pieci darbinieki, divi g\u0101ju\u0161i boj\u0101.<\/p>\n<p>P\u0113c LTV r\u012bc\u012bb\u0101 eso\u0161\u0101s inform\u0101cijas tra\u0123iskais negad\u012bjums noticis Peite\u013ca ezer\u0101 uz pa\u0161as Latvijas &#8211; Krievijas robe\u017eas.<\/p>\n<p>VN\u012a valdes priek\u0161s\u0113d\u0113t\u0101js Ren\u0101rs Gri\u0161kevi\u010ds apstiprin\u0101ja, ka piektdien sa\u0146emta inform\u0101ciju no darbu veic\u0113ja VAS &#8220;Latvijas autoce\u013cu uztur\u0113t\u0101js&#8221; par nelaimes gad\u012bjumu, kas noticis Krievijas robe\u017eas projekta teritorij\u0101. &#8220;Pa\u0161laik m\u016bsu r\u012bc\u012bb\u0101 ir tikai s\u0101kotn\u0113j\u0101 inform\u0101cija, un detaliz\u0113tus koment\u0101rus par notiku\u0161\u0101 apst\u0101k\u013ciem var sniegt dienesti, kas veic izmekl\u0113\u0161anu. Izsak\u0101m visdzi\u013c\u0101ko l\u012bdzj\u016bt\u012bbu boj\u0101g\u0101ju\u0161o tuviniekiem,&#8221; pauda Gri\u0161kevi\u010ds.<\/p>\n<p>Pla\u0161\u0101kus koment\u0101rus VN\u012a sola sniegt, kad inform\u0101cija b\u016bs ofici\u0101li preciz\u0113ta. Valsts policija par notiku\u0161o s\u0101kusi krimin\u0101lprocesu.<\/p>\n<p>VAS &#8220;Latvijas autoce\u013cu uztur\u0113t\u0101js&#8221; (LAU) komunik\u0101cijas vad\u012bt\u0101ja Sanita Baginska apstiprin\u0101ja, ka &#8220;negad\u012bjum\u0101 cietu\u0161\u0101s personas ir VAS &#8220;Latvijas autoce\u013cu uztur\u0113t\u0101js&#8221; apak\u0161uz\u0146\u0113m\u0113ja darbinieki. Vi\u0146u r\u012bc\u012bb\u0101 eso\u0161\u0101 inform\u0101cija liecina, ka negad\u012bjuma br\u012bd\u012b personas atrad\u0101s laiv\u0101, dodoties no darba objekta atpaka\u013c uz krastu. Darbi uz ezera netika veikti.<\/p>\n<p>&#8220;Pa\u0161laik norit izmekl\u0113\u0161ana. To, vai notiku\u0161ais ir saist\u012bts ar darba dro\u0161\u012bbas pras\u012bbu iev\u0113ro\u0161anu, noskaidros Valsts policija. Vienlaikus esam s\u0101ku\u0161i iek\u0161\u0113jo izmekl\u0113\u0161anu un sniegsim visu nepiecie\u0161amo inform\u0101ciju atbild\u012bgaj\u0101m iest\u0101d\u0113m,&#8221; piebilda Baginska.<\/p>\n<p>Gan VN\u012a, gan LAU nor\u0101d\u012bja, ka nelaimes gad\u012bjums nerad\u012bs kav\u0113jumus projekta izpild\u0113 un robe\u017eas izb\u016bves darbi turpin\u0101sies p\u0113c pl\u0101na. \u017doga izb\u016bvi uz Latvijas &#8211; Krievijas robe\u017eas pl\u0101nots piln\u012bb\u0101 pabeigt l\u012bdz \u0161\u012b gada beig\u0101m.<\/p>\n<p>K\u0101 zi\u0146ots, piektdien plkst. 16.16 tika sa\u0146emts izsaukums Ludzas novad\u0101, kur, k\u0101 liecin\u0101ja sa\u0146emt\u0101 inform\u0101cija, ezer\u0101 apg\u0101zusies laiva ar pieciem cilv\u0113kiem. Pirms gl\u0101b\u0113ju iera\u0161an\u0101s cilv\u0113kus s\u0101ka gl\u0101bt aculiecinieks.<\/p>\n<p>Gl\u0101b\u0113ji notikuma viet\u0101, izmantojot laivu, kopum\u0101 krast\u0101 nog\u0101d\u0101ja piecus cilv\u0113kus, no kuriem vienam Neatliekam\u0101s medic\u012bnisk\u0101s pal\u012bdz\u012bbas dienesta medi\u0137i konstat\u0113ja n\u0101vi.<\/p>\n<p>V\u0113l vienu cilv\u0113ku izdev\u0101s atrast sestdien. Persona g\u0101jusi boj\u0101.<\/p>\n","protected":false},"excerpt":{"rendered":"Laiv\u0101, kas piektdien apg\u0101z\u0101s Ludzas novad\u0101, atrad\u0101s darbinieki, kas b\u016bv\u0113ja pontonu robe\u017elaipas, sv\u0113tdien vesta Latvijas Telev\u012bzija (LTV). &#8220;Valsts&hellip;\n","protected":false},"author":2,"featured_media":68819,"comment_status":"","ping_status":"","sticky":false,"template":"","format":"standard","meta":{"footnotes":""},"categories":[12],"tags":[23,28,29,32,33,22,30,31,35,39,38,36,37,34,40,20,26,27,24,25,21],"class_list":{"0":"post-68818","1":"post","2":"type-post","3":"status-publish","4":"format-standard","5":"has-post-thumbnail","7":"category-latvija","8":"tag-aktualitates","9":"tag-breaking-news","10":"tag-breakingnews","11":"tag-featured-news","12":"tag-featurednews","13":"tag-headlines","14":"tag-latest-news","15":"tag-latestnews","16":"tag-latvia","17":"tag-latvian","18":"tag-latviesu","19":"tag-latviesu-valoda","20":"tag-latviesuvaloda","21":"tag-latvija","22":"tag-lv","23":"tag-news","24":"tag-popularakas-zinas","25":"tag-popularakaszinas","26":"tag-top-stories","27":"tag-topstories","28":"tag-zinas"},"share_on_mastodon":{"url":"https:\/\/pubeurope.com\/@lv\/115683545788244619","error":""},"_links":{"self":[{"href":"https:\/\/www.europesays.com\/lv\/wp-json\/wp\/v2\/posts\/68818","targetHints":{"allow":["GET"]}}],"collection":[{"href":"https:\/\/www.europesays.com\/lv\/wp-json\/wp\/v2\/posts"}],"about":[{"href":"https:\/\/www.europesays.com\/lv\/wp-json\/wp\/v2\/types\/post"}],"author":[{"embeddable":true,"href":"https:\/\/www.europesays.com\/lv\/wp-json\/wp\/v2\/users\/2"}],"replies":[{"embeddable":true,"href":"https:\/\/www.europesays.com\/lv\/wp-json\/wp\/v2\/comments?post=68818"}],"version-history":[{"count":0,"href":"https:\/\/www.europesays.com\/lv\/wp-json\/wp\/v2\/posts\/68818\/revisions"}],"wp:featuredmedia":[{"embeddable":true,"href":"https:\/\/www.europesays.com\/lv\/wp-json\/wp\/v2\/media\/68819"}],"wp:attachment":[{"href":"https:\/\/www.europesays.com\/lv\/wp-json\/wp\/v2\/media?parent=68818"}],"wp:term":[{"taxonomy":"category","embeddable":true,"href":"https:\/\/www.europesays.com\/lv\/wp-json\/wp\/v2\/categories?post=68818"},{"taxonomy":"post_tag","embeddable":true,"href":"https:\/\/www.europesays.com\/lv\/wp-json\/wp\/v2\/tags?post=68818"}],"curies":[{"name":"wp","href":"https:\/\/api.w.org\/{rel}","templated":true}]}}