{"id":68824,"date":"2025-12-08T10:51:09","date_gmt":"2025-12-08T10:51:09","guid":{"rendered":"https:\/\/www.europesays.com\/lv\/68824\/"},"modified":"2025-12-08T10:51:09","modified_gmt":"2025-12-08T10:51:09","slug":"valsts-policija-mekle-bezvests-prombutne-esoso-2015-gada-dzimuso-andreju-popovu","status":"publish","type":"post","link":"https:\/\/www.europesays.com\/lv\/68824\/","title":{"rendered":"Valsts policija mekl\u0113 bezv\u0113sts promb\u016btn\u0113 eso\u0161o 2015. gad\u0101 dzimu\u0161o Andreju Popovu"},"content":{"rendered":"<p>Valsts policijas R\u012bgas re\u0123iona p\u0101rvaldes R\u012bgas P\u0101rdaugavas p\u0101rvalde mekl\u0113\u00a0bezv\u0113sts promb\u016btn\u0113 eso\u0161o 2015. gad\u0101 dzimu\u0161o Andreju Popovu. Z\u0113ns \u0161\u0101 gada 8. decembr\u012b pulksten 8.15 izg\u0101ja no dz\u012bvesvietas R\u012bg\u0101, Kleistu iel\u0101, un kop\u0161 t\u0101 laika nav zin\u0101ma vi\u0146a atra\u0161an\u0101s vieta. Skol\u0101 z\u0113ns nav ieradies.<\/p>\n<p data-olk-copy-source=\"MessageBody\">Paz\u012bmes: augums 140\u2013145 cm,\u00a0kalsnas miesas b\u016bves, \u012bsiem gai\u0161iem matiem. Bija \u0123\u0113rbies raib\u0101 za\u013cganzilas kr\u0101sas\u00a0\u012bs\u0101 ziemas virsjak\u0101 ar kapuci, tum\u0161i zil\u0101s d\u017einsa biks\u0113s, pel\u0113k\u0101 cepur\u0113 ar kr\u0101sain\u0101m l\u012bnij\u0101m un pel\u0113kos ziemas sporta apavos. L\u012bdzi bija melna mugursoma.<\/p>\n<p>Valsts policija aicina apl\u016bkot Andreja fotogr\u0101fiju un atsaukties ikvienu, kur\u0161 zina vi\u0146a iesp\u0113jamo atra\u0161an\u0101s vietu, zvanot pa t\u0101lru\u0146a numuru 67085984 vai 112!<\/p>\n<p><img decoding=\"async\" src=\"https:\/\/www.europesays.com\/lv\/wp-content\/uploads\/2025\/12\/76F9YG26G.JPEG\" alt=\"\"\/><\/p>\n<p>          <img decoding=\"async\" src=\"https:\/\/www.europesays.com\/lv\/wp-content\/uploads\/2025\/12\/logo-lv.png\" alt=\"\"\/><\/p>\n<p>                  \u0160\u012b inform\u0101cija ir publisks pazi\u0146ojums un neatspogu\u013co LV port\u0101la viedokli. Par t\u0101s saturu atbild ies\u016bt\u012bt\u0101js. <a data-popup=\"rules\">Public\u0113\u0161anas noteikumi<\/a><\/p>\n","protected":false},"excerpt":{"rendered":"Valsts policijas R\u012bgas re\u0123iona p\u0101rvaldes R\u012bgas P\u0101rdaugavas p\u0101rvalde mekl\u0113\u00a0bezv\u0113sts promb\u016btn\u0113 eso\u0161o 2015. gad\u0101 dzimu\u0161o Andreju Popovu. Z\u0113ns \u0161\u0101&hellip;\n","protected":false},"author":2,"featured_media":65197,"comment_status":"","ping_status":"","sticky":false,"template":"","format":"standard","meta":{"footnotes":""},"categories":[12],"tags":[23,28,29,32,33,22,30,31,35,39,38,36,37,34,40,20,26,27,24,25,21],"class_list":{"0":"post-68824","1":"post","2":"type-post","3":"status-publish","4":"format-standard","5":"has-post-thumbnail","7":"category-latvija","8":"tag-aktualitates","9":"tag-breaking-news","10":"tag-breakingnews","11":"tag-featured-news","12":"tag-featurednews","13":"tag-headlines","14":"tag-latest-news","15":"tag-latestnews","16":"tag-latvia","17":"tag-latvian","18":"tag-latviesu","19":"tag-latviesu-valoda","20":"tag-latviesuvaloda","21":"tag-latvija","22":"tag-lv","23":"tag-news","24":"tag-popularakas-zinas","25":"tag-popularakaszinas","26":"tag-top-stories","27":"tag-topstories","28":"tag-zinas"},"share_on_mastodon":{"url":"https:\/\/pubeurope.com\/@lv\/115683569664513148","error":""},"_links":{"self":[{"href":"https:\/\/www.europesays.com\/lv\/wp-json\/wp\/v2\/posts\/68824","targetHints":{"allow":["GET"]}}],"collection":[{"href":"https:\/\/www.europesays.com\/lv\/wp-json\/wp\/v2\/posts"}],"about":[{"href":"https:\/\/www.europesays.com\/lv\/wp-json\/wp\/v2\/types\/post"}],"author":[{"embeddable":true,"href":"https:\/\/www.europesays.com\/lv\/wp-json\/wp\/v2\/users\/2"}],"replies":[{"embeddable":true,"href":"https:\/\/www.europesays.com\/lv\/wp-json\/wp\/v2\/comments?post=68824"}],"version-history":[{"count":0,"href":"https:\/\/www.europesays.com\/lv\/wp-json\/wp\/v2\/posts\/68824\/revisions"}],"wp:featuredmedia":[{"embeddable":true,"href":"https:\/\/www.europesays.com\/lv\/wp-json\/wp\/v2\/media\/65197"}],"wp:attachment":[{"href":"https:\/\/www.europesays.com\/lv\/wp-json\/wp\/v2\/media?parent=68824"}],"wp:term":[{"taxonomy":"category","embeddable":true,"href":"https:\/\/www.europesays.com\/lv\/wp-json\/wp\/v2\/categories?post=68824"},{"taxonomy":"post_tag","embeddable":true,"href":"https:\/\/www.europesays.com\/lv\/wp-json\/wp\/v2\/tags?post=68824"}],"curies":[{"name":"wp","href":"https:\/\/api.w.org\/{rel}","templated":true}]}}