{"id":68825,"date":"2025-12-08T10:52:08","date_gmt":"2025-12-08T10:52:08","guid":{"rendered":"https:\/\/www.europesays.com\/lv\/68825\/"},"modified":"2025-12-08T10:52:08","modified_gmt":"2025-12-08T10:52:08","slug":"dzivojot-latvija-ir-japrot-divas-valodas-krievu-un-latviesu-nejausa-tiksanas-uz-ielas-ataino-absurdo-realitati-valsti","status":"publish","type":"post","link":"https:\/\/www.europesays.com\/lv\/68825\/","title":{"rendered":"\u201cDz\u012bvojot Latvij\u0101, ir j\u0101prot divas valodas \u2013 krievu un latvie\u0161u!\u201d Nejau\u0161a tik\u0161an\u0101s uz ielas ataino absurdo realit\u0101ti valst\u012b"},"content":{"rendered":"<p>    <img decoding=\"async\" src=\"https:\/\/www.europesays.com\/lv\/wp-content\/uploads\/2025\/12\/LET_15396206-1-800x530.jpg\" alt=\"&#10;\"\/><\/p>\n<p>Foto: Ieva L\u016bka\/LETA\n<\/p>\n<p>Latvij\u0101 joproj\u0101m rais\u0101s diskusijas par to, k\u0101p\u0113c da\u013ca krievvalod\u012bgo ikdien\u0101 nerun\u0101 latviski, lai gan dz\u012bvo \u0161eit jau vair\u0101kus gadu desmitu. Sabiedr\u012bb\u0101 izskan da\u017e\u0101di skaidrojumi \u2013 s\u0101kot ar nev\u0113l\u0113\u0161anos main\u012bt ierastos paradumus l\u012bdz valodas nezin\u0101\u0161anai vai slinkumam to apg\u016bt. Lai ar\u012b pieredzes ir at\u0161\u0137ir\u012bgas, daudzu cilv\u0113ku st\u0101sti, tostarp Daces gad\u012bjums, izgaismo k\u0101du b\u016btisku realit\u0101ti: krievu valodas lietojums ikdienas sazi\u0146\u0101 joproj\u0101m ir notur\u012bgs, un attieksmes pret latvie\u0161u valodu m\u0113dz b\u016bt visai pretrun\u012bgas.<\/p>\n<p>        Las\u012bt\u0101kie<br \/>\n        <a data-imagesrc=\"{&quot;300&quot;:&quot;https:\\\/\\\/lastatic.ams3.cdn.digitaloceanspaces.com\\\/2025\\\/12\\\/1-23-300x188.png&quot;,&quot;1024&quot;:&quot;https:\\\/\\\/lastatic.ams3.cdn.digitaloceanspaces.com\\\/2025\\\/12\\\/1-23-1024x640.png&quot;,&quot;1536&quot;:&quot;https:\\\/\\\/lastatic.ams3.cdn.digitaloceanspaces.com\\\/2025\\\/12\\\/1-23-1536x960.png&quot;,&quot;500&quot;:&quot;https:\\\/\\\/lastatic.ams3.cdn.digitaloceanspaces.com\\\/2025\\\/12\\\/1-23-500x313.png&quot;,&quot;800&quot;:&quot;https:\\\/\\\/lastatic.ams3.cdn.digitaloceanspaces.com\\\/2025\\\/12\\\/1-23-800x500.png&quot;,&quot;1600&quot;:&quot;https:\\\/\\\/lastatic.ams3.cdn.digitaloceanspaces.com\\\/2025\\\/12\\\/1-23.png&quot;}\" data-focuspoint=\"&quot;&quot;\" data-p=\"2477318\" href=\"https:\/\/www.la.lv\/numerologi-nopludinajusi-laimigo-sarakstu-sajos-cetros-datumos-dzimusajiem-uguniga-zirga-gads-bus-nepratigi-veiksmigs\" class=\"content-item lazy-load\" wp_automatic_readability=\"26.5\" rel=\"nofollow noopener\" target=\"_blank\"><\/p>\n<p>                                <img decoding=\"async\" src=\"\" alt=\"\" style=\"\" data-imageid=\"\"\/><\/p>\n<p>                                Kokteilis<\/p>\n<p>\n                                                Numerologi nopludin\u0101ju\u0161i laim\u012bgo sarakstu: \u0161ajos \u010detros datumos dzimu\u0161ajiem Ugun\u012bg\u0101 Zirga gads b\u016bs nepr\u0101t\u012bgi veiksm\u012bgs\n                            <\/p>\n<p><\/a><a data-imagesrc=\"{&quot;300&quot;:&quot;https:\\\/\\\/lastatic.ams3.cdn.digitaloceanspaces.com\\\/2025\\\/08\\\/trump_putin_37658-300x201.jpg&quot;,&quot;1024&quot;:&quot;https:\\\/\\\/lastatic.ams3.cdn.digitaloceanspaces.com\\\/2025\\\/08\\\/trump_putin_37658-1024x685.jpg&quot;,&quot;768&quot;:&quot;https:\\\/\\\/lastatic.ams3.cdn.digitaloceanspaces.com\\\/2025\\\/08\\\/trump_putin_37658-768x514.jpg&quot;,&quot;1536&quot;:&quot;https:\\\/\\\/lastatic.ams3.cdn.digitaloceanspaces.com\\\/2025\\\/08\\\/trump_putin_37658-1536x1027.jpg&quot;,&quot;2048&quot;:&quot;https:\\\/\\\/lastatic.ams3.cdn.digitaloceanspaces.com\\\/2025\\\/08\\\/trump_putin_37658-2048x1370.jpg&quot;,&quot;200&quot;:&quot;https:\\\/\\\/lastatic.ams3.cdn.digitaloceanspaces.com\\\/2025\\\/08\\\/trump_putin_37658-200x134.jpg&quot;,&quot;400&quot;:&quot;https:\\\/\\\/lastatic.ams3.cdn.digitaloceanspaces.com\\\/2025\\\/08\\\/trump_putin_37658-400x268.jpg&quot;,&quot;500&quot;:&quot;https:\\\/\\\/lastatic.ams3.cdn.digitaloceanspaces.com\\\/2025\\\/08\\\/trump_putin_37658-500x334.jpg&quot;,&quot;800&quot;:&quot;https:\\\/\\\/lastatic.ams3.cdn.digitaloceanspaces.com\\\/2025\\\/08\\\/trump_putin_37658-800x535.jpg&quot;,&quot;1000&quot;:&quot;https:\\\/\\\/lastatic.ams3.cdn.digitaloceanspaces.com\\\/2025\\\/08\\\/trump_putin_37658-1000x669.jpg&quot;,&quot;2560&quot;:&quot;https:\\\/\\\/lastatic.ams3.cdn.digitaloceanspaces.com\\\/2025\\\/08\\\/trump_putin_37658-scaled.jpg&quot;}\" data-focuspoint=\"{&quot;x&quot;:&quot;47.18669069529836&quot;,&quot;y&quot;:&quot;10.56243799007428&quot;}\" data-p=\"2477199\" href=\"https:\/\/www.la.lv\/buratino-tiks-aprits-strelkovs-no-cietuma-prognoze-ar-ko-beigsies-romans-starp-vasingtonu-un-kremli\" class=\"content-item lazy-load\" wp_automatic_readability=\"27\" rel=\"nofollow noopener\" target=\"_blank\"><\/p>\n<p>                                <img decoding=\"async\" src=\"\" alt=\"\" style=\"object-position: 47.18669069529836% 10.56243799007428%\" data-imageid=\"\"\/><\/p>\n<p>\n                                                Buratino tiks apr\u012bts: Strelkovs no cietuma prognoz\u0113, ar ko beigsies \u201crom\u0101ns\u201d starp Va\u0161ingtonu un Kremli<\/p>\n<p><\/a><a data-imagesrc=\"{&quot;300&quot;:&quot;https:\\\/\\\/lastatic.ams3.cdn.digitaloceanspaces.com\\\/2025\\\/12\\\/FotoJet-72-300x200.jpg&quot;,&quot;1024&quot;:&quot;https:\\\/\\\/lastatic.ams3.cdn.digitaloceanspaces.com\\\/2025\\\/12\\\/FotoJet-72-1024x683.jpg&quot;,&quot;1536&quot;:&quot;https:\\\/\\\/lastatic.ams3.cdn.digitaloceanspaces.com\\\/2025\\\/12\\\/FotoJet-72-1536x1024.jpg&quot;,&quot;500&quot;:&quot;https:\\\/\\\/lastatic.ams3.cdn.digitaloceanspaces.com\\\/2025\\\/12\\\/FotoJet-72-500x333.jpg&quot;,&quot;800&quot;:&quot;https:\\\/\\\/lastatic.ams3.cdn.digitaloceanspaces.com\\\/2025\\\/12\\\/FotoJet-72-800x533.jpg&quot;,&quot;1800&quot;:&quot;https:\\\/\\\/lastatic.ams3.cdn.digitaloceanspaces.com\\\/2025\\\/12\\\/FotoJet-72.jpg&quot;}\" data-focuspoint=\"&quot;&quot;\" data-p=\"2477286\" href=\"https:\/\/www.la.lv\/sausmas-ropazu-novada-airbnb-viesi-izdemole-viesu-maju-un-apdraud-saimnieku-vecaku-dzivibu\" class=\"content-item lazy-load\" wp_automatic_readability=\"26\" rel=\"nofollow noopener\" target=\"_blank\"><\/p>\n<p>                                <img decoding=\"async\" src=\"\" alt=\"\" style=\"\" data-imageid=\"\"\/><\/p>\n<p>\n                                                \u0160ausmas Ropa\u017eu novad\u0101: \u201cAirbnb\u201d viesi izdemol\u0113 viesu m\u0101ju un apdraud saimnieku dz\u012bv\u012bbu<\/p>\n<p><\/a><br \/>\n        <a class=\"read-more\" href=\"https:\/\/www.la.lv\/top\" rel=\"nofollow noopener\" target=\"_blank\">Las\u012bt citas zi\u0146as<\/a><\/p>\n<p>Krievu valoda Latvij\u0101 v\u0113sturiski bijusi pla\u0161i lietota. Daudzi \u0161eit dz\u012bvojo\u0161ie krievi un citu taut\u012bbu krievvalod\u012bgie ir iesak\u0146oju\u0161ies vair\u0101k\u0101s paaudz\u0113s \u2013 vi\u0146u dz\u012bves, darbs un soci\u0101lie t\u012bkli saist\u012bti ar Latviju. \u012apa\u0161i vec\u0101k\u0101s paaudzes cilv\u0113kiem krievu valoda joproj\u0101m ir ikdienas sazi\u0146as pamats. Da\u013ca no vi\u0146iem latvie\u0161u valodu prot minim\u0101li vai ar\u012b nav motiv\u0113ti to apg\u016bt, jo v\u0113sturiski var\u0113ja dz\u012bvot, str\u0101d\u0101t un komunic\u0113t gandr\u012bz tikai krieviski.<\/p>\n<p>P\u0113c Krievijas iebrukuma Ukrain\u0101 2022. gad\u0101 Latvijas valsts politika krievu valodas lietojuma mazin\u0101\u0161an\u0101 k\u013cuva daudz akt\u012bv\u0101ka. \u012astenoti vair\u0101ki pas\u0101kumi \u2013 izmai\u0146as izgl\u012bt\u012bb\u0101, stingr\u0101kas pras\u012bbas valsts valodas zin\u0101\u0161an\u0101m, mediju telpas p\u0101rk\u0101rto\u0161ana. Tom\u0113r realit\u0101t\u0113 krievu valodas pat\u0113ri\u0146\u0161 ikdienas sazi\u0146\u0101 joproj\u0101m ir liels, jo daudziem cilv\u0113kiem t\u0101 ir ierast\u0101 vid\u0113, m\u0101j\u0101s un draugu lok\u0101.<\/p>\n<p>    CITI \u0160OBR\u012aD LASA<\/p>\n<p>Lai ar\u012b valsts m\u0113\u0123ina stiprin\u0101t latvie\u0161u valodas poz\u012bcijas, redzams, ka p\u0101rmai\u0146as notiek l\u0113ni. Vec\u0101k\u0101s paaudzes cilv\u0113kiem, kuri dz\u012bvo Latvij\u0101 jau gadu desmitiem, valodas mai\u0146a ir sare\u017e\u0123\u012bta \u2013 gan praktisku, gan psiholo\u0123isku iemeslu d\u0113\u013c. Rezult\u0101t\u0101 veidojas situ\u0101cija, kur valsts virz\u012bba un sabiedr\u012bbas paradumi ne vienm\u0113r saskan, un krievu valoda joproj\u0101m saglab\u0101 \u013coti stabilu vietu ikdienas sazi\u0146\u0101 gandr\u012bz vis\u0101 Latvij\u0101.<\/p>\n<p>Sabiedr\u012bb\u0101 izskan\u0113ju\u0161i da\u017e\u0101di min\u0113jumi par to, k\u0101p\u0113c \u0161ie cilv\u0113ki nerun\u0101 latviski. Divi popul\u0101r\u0101kie \u2013 vi\u0146i negrib run\u0101t m\u016bsu m\u0113l\u0113 vai ar\u012b nav iem\u0101c\u012bju\u0161ies valodu. Lai ar\u012b Daces piedz\u012bvotais neatspogu\u013co visu krievvalod\u012bgo sabiedr\u012bbas da\u013cu, tas tom\u0113r ataino patieso ainu tautie\u0161u dz\u012bv\u0113s. Cilv\u0113ki joproj\u0101m satiek krievvalod\u012bgos, kuri zina latvie\u0161u valodu, bet da\u017e\u0101du iemeslu d\u0113\u013c to nelieto ikdien\u0101.<\/p>\n<p>L\u016bk, Daces pieredze: \u201cVakar pietur\u0101 pie manis pien\u0101ca pension\u0101re un uzrun\u0101ja krievu valod\u0101, kaut ko nomurminot. Es nesapratu, ko vi\u0146a v\u0113las, un atbild\u0113ju latviski \u2013 neko nesaprotu. Tad kundz\u012bte p\u0101rg\u0101ja latvie\u0161u valod\u0101 un sac\u012bja, ka, dz\u012bvojot Latvij\u0101, ir j\u0101prot divas valodas \u2013 krievu un latvie\u0161u. Pajaut\u0101ju, k\u0101p\u0113c t\u0101 b\u016btu. Vi\u0146a turpin\u0101ja kaut ko neapmierin\u0101ti skaidrot, tad pagriez\u0101s un dusm\u012bga aizg\u0101ja. Pension\u0101rs, kur\u0161 lieliski run\u0101 latviski, bet uzskata, ka j\u0101run\u0101 Latvij\u0101 krieviski, p\u0101rsteidza.\u201d<\/p>\n<p>Ar\u012b koment\u0101ros cilv\u0113kiem ir ko teikt par \u0161o situ\u0101ciju:<br \/>\u201cD\u012bvains dialogs \ud83d\ude42 Var cer\u0113t, ka da\u017ei saprat\u012bs krievu valodu un priec\u0101ties par komfortu; var b\u016bt, k\u0101d\u0101 apkalpo\u0161anas sf\u0113r\u0101 (piem\u0113ram, viesn\u012bc\u0101) b\u016btu labi run\u0101t vair\u0101k\u0101s valod\u0101s. Bet nejau\u0161am cilv\u0113kam uz ielas? :))\u201d<\/p>\n<p>\u201cT\u0101 ir t\u0101da suga, kas uzskata, ka latvie\u0161iem ir j\u0101m\u0101k divas valodas, vi\u0146iem pietiek ar vienu. Principi\u0101li nerun\u0101ju ar t\u0101diem krieviski. Nekad.\u201d<\/p>\n<p>\u201cPag, ja jau j\u0101zina divas valodas, tad lai run\u0101 latviski. Kas par bardaku?\u201d<\/p>\n<p>\u201cDivas un vair\u0101k valodas ir j\u0101prot tikai latvie\u0161iem, krieviem pietiek ar vienu!\u201d<\/p>\n<p>\u201cEs vakardien tie\u0161i izskaidroju krievvalod\u012bgam jaunam v\u012brietim, ka ar mani var komunic\u0113t latviski un angliski, ka esmu iem\u0101c\u012bjusies divas valodas un iesaku to dar\u012bt ar\u012b vi\u0146am. Nav t\u0101, ka krieviski nesaprotu vai nerun\u0101ju, bet v\u012brietis bija arogants un man uzr\u0101va dusmi\u0146u.\u201d<\/p>\n<p>\u201cKam\u0113r tiek apstiprin\u0101ts bud\u017eets, kas neb\u016bt neliecina par patriotismu, tikm\u0113r m\u0113s cepamies par valodu\u2026 Puslatvijas jau izbrauku\u0161i un run\u0101 cit\u0101 valod\u0101\u2026 Par to tai sirdij vajadz\u0113tu s\u0101p\u0113t\u2026\u201d<\/p>\n<p><img decoding=\"async\" src=\"https:\/\/www.europesays.com\/lv\/wp-content\/uploads\/2025\/12\/IMG_6314.jpg\" alt=\"\"\/><\/p>\n<p>Ekr\u0101n\u0161\u0101vi\u0146\u0161\n<\/p>\n<p>T\u0113mas<\/p>\n<p>    SAIST\u012aTIE RAKSTI<\/p>\n","protected":false},"excerpt":{"rendered":"Foto: Ieva L\u016bka\/LETA Latvij\u0101 joproj\u0101m rais\u0101s diskusijas par to, k\u0101p\u0113c da\u013ca krievvalod\u012bgo ikdien\u0101 nerun\u0101 latviski, lai gan dz\u012bvo&hellip;\n","protected":false},"author":2,"featured_media":68826,"comment_status":"","ping_status":"","sticky":false,"template":"","format":"standard","meta":{"footnotes":""},"categories":[5],"tags":[23,28,29,32,33,22,30,31,35,39,38,36,37,34,40,20,26,27,24,25,21],"class_list":{"0":"post-68825","1":"post","2":"type-post","3":"status-publish","4":"format-standard","5":"has-post-thumbnail","7":"category-aktualitates","8":"tag-aktualitates","9":"tag-breaking-news","10":"tag-breakingnews","11":"tag-featured-news","12":"tag-featurednews","13":"tag-headlines","14":"tag-latest-news","15":"tag-latestnews","16":"tag-latvia","17":"tag-latvian","18":"tag-latviesu","19":"tag-latviesu-valoda","20":"tag-latviesuvaloda","21":"tag-latvija","22":"tag-lv","23":"tag-news","24":"tag-popularakas-zinas","25":"tag-popularakaszinas","26":"tag-top-stories","27":"tag-topstories","28":"tag-zinas"},"share_on_mastodon":{"url":"https:\/\/pubeurope.com\/@lv\/115683573482891952","error":""},"_links":{"self":[{"href":"https:\/\/www.europesays.com\/lv\/wp-json\/wp\/v2\/posts\/68825","targetHints":{"allow":["GET"]}}],"collection":[{"href":"https:\/\/www.europesays.com\/lv\/wp-json\/wp\/v2\/posts"}],"about":[{"href":"https:\/\/www.europesays.com\/lv\/wp-json\/wp\/v2\/types\/post"}],"author":[{"embeddable":true,"href":"https:\/\/www.europesays.com\/lv\/wp-json\/wp\/v2\/users\/2"}],"replies":[{"embeddable":true,"href":"https:\/\/www.europesays.com\/lv\/wp-json\/wp\/v2\/comments?post=68825"}],"version-history":[{"count":0,"href":"https:\/\/www.europesays.com\/lv\/wp-json\/wp\/v2\/posts\/68825\/revisions"}],"wp:featuredmedia":[{"embeddable":true,"href":"https:\/\/www.europesays.com\/lv\/wp-json\/wp\/v2\/media\/68826"}],"wp:attachment":[{"href":"https:\/\/www.europesays.com\/lv\/wp-json\/wp\/v2\/media?parent=68825"}],"wp:term":[{"taxonomy":"category","embeddable":true,"href":"https:\/\/www.europesays.com\/lv\/wp-json\/wp\/v2\/categories?post=68825"},{"taxonomy":"post_tag","embeddable":true,"href":"https:\/\/www.europesays.com\/lv\/wp-json\/wp\/v2\/tags?post=68825"}],"curies":[{"name":"wp","href":"https:\/\/api.w.org\/{rel}","templated":true}]}}