{"id":68831,"date":"2025-12-08T10:57:08","date_gmt":"2025-12-08T10:57:08","guid":{"rendered":"https:\/\/www.europesays.com\/lv\/68831\/"},"modified":"2025-12-08T10:57:08","modified_gmt":"2025-12-08T10:57:08","slug":"izgaja-no-majam-bet-skola-neieradas-policija-mekle-10-gadus-veco-andreju","status":"publish","type":"post","link":"https:\/\/www.europesays.com\/lv\/68831\/","title":{"rendered":"Izg\u0101ja no m\u0101j\u0101m, bet skol\u0101 neierad\u0101s. Policija mekl\u0113 10 gadus veco Andreju"},"content":{"rendered":"<p>Z\u0113ns \u0161\u0101 gada 8. decembr\u012b pulksten 8.15 izg\u0101ja no dz\u012bvesvietas R\u012bg\u0101, Kleistu iel\u0101, un kop\u0161 t\u0101 laika nav zin\u0101ma vi\u0146a atra\u0161an\u0101s vieta. Skol\u0101 z\u0113ns nav ieradies.<\/p>\n<p>Paz\u012bmes: augums 140-145 cm, kalsnas miesasb\u016bves, \u012bsiem gai\u0161iem matiem. Bija \u0123\u0113rbies raib\u0101 za\u013cganzilas kr\u0101sas \u012bs\u0101 ziemas virsjak\u0101 ar kapuci, tum\u0161i zil\u0101s d\u017einsa biks\u0113s, pel\u0113k\u0101 cepur\u0113 ar kr\u0101sain\u0101m l\u012bnij\u0101m, k\u0101j\u0101s pel\u0113ki ziemas sporta apavi. L\u012bdzi bija melna mugursoma.<\/p>\n<p>Valsts <a href=\"https:\/\/www.tvnet.lv\/term\/565901\/policija\" class=\"topicLink\" target=\"_blank\" rel=\"nofollow noopener\">policija<\/a> aicina apl\u016bkot Andreja fotogr\u0101fiju un atsaukties ikvienu, kur\u0161 zina vi\u0146a iesp\u0113jamo atra\u0161an\u0101s vietu, zvanot pa t\u0101lru\u0146a numuru 67085984 vai 112!<\/p>\n","protected":false},"excerpt":{"rendered":"Z\u0113ns \u0161\u0101 gada 8. decembr\u012b pulksten 8.15 izg\u0101ja no dz\u012bvesvietas R\u012bg\u0101, Kleistu iel\u0101, un kop\u0161 t\u0101 laika nav&hellip;\n","protected":false},"author":2,"featured_media":68832,"comment_status":"","ping_status":"","sticky":false,"template":"","format":"standard","meta":{"footnotes":""},"categories":[12],"tags":[23,28,29,32,33,22,30,31,35,39,38,36,37,34,40,20,163,162,26,27,24,25,21],"class_list":{"0":"post-68831","1":"post","2":"type-post","3":"status-publish","4":"format-standard","5":"has-post-thumbnail","7":"category-latvija","8":"tag-aktualitates","9":"tag-breaking-news","10":"tag-breakingnews","11":"tag-featured-news","12":"tag-featurednews","13":"tag-headlines","14":"tag-latest-news","15":"tag-latestnews","16":"tag-latvia","17":"tag-latvian","18":"tag-latviesu","19":"tag-latviesu-valoda","20":"tag-latviesuvaloda","21":"tag-latvija","22":"tag-lv","23":"tag-news","24":"tag-policija","25":"tag-policija-mekle","26":"tag-popularakas-zinas","27":"tag-popularakaszinas","28":"tag-top-stories","29":"tag-topstories","30":"tag-zinas"},"share_on_mastodon":{"url":"https:\/\/pubeurope.com\/@lv\/115683593111825982","error":""},"_links":{"self":[{"href":"https:\/\/www.europesays.com\/lv\/wp-json\/wp\/v2\/posts\/68831","targetHints":{"allow":["GET"]}}],"collection":[{"href":"https:\/\/www.europesays.com\/lv\/wp-json\/wp\/v2\/posts"}],"about":[{"href":"https:\/\/www.europesays.com\/lv\/wp-json\/wp\/v2\/types\/post"}],"author":[{"embeddable":true,"href":"https:\/\/www.europesays.com\/lv\/wp-json\/wp\/v2\/users\/2"}],"replies":[{"embeddable":true,"href":"https:\/\/www.europesays.com\/lv\/wp-json\/wp\/v2\/comments?post=68831"}],"version-history":[{"count":0,"href":"https:\/\/www.europesays.com\/lv\/wp-json\/wp\/v2\/posts\/68831\/revisions"}],"wp:featuredmedia":[{"embeddable":true,"href":"https:\/\/www.europesays.com\/lv\/wp-json\/wp\/v2\/media\/68832"}],"wp:attachment":[{"href":"https:\/\/www.europesays.com\/lv\/wp-json\/wp\/v2\/media?parent=68831"}],"wp:term":[{"taxonomy":"category","embeddable":true,"href":"https:\/\/www.europesays.com\/lv\/wp-json\/wp\/v2\/categories?post=68831"},{"taxonomy":"post_tag","embeddable":true,"href":"https:\/\/www.europesays.com\/lv\/wp-json\/wp\/v2\/tags?post=68831"}],"curies":[{"name":"wp","href":"https:\/\/api.w.org\/{rel}","templated":true}]}}