{"id":68839,"date":"2025-12-08T11:03:09","date_gmt":"2025-12-08T11:03:09","guid":{"rendered":"https:\/\/www.europesays.com\/lv\/68839\/"},"modified":"2025-12-08T11:03:09","modified_gmt":"2025-12-08T11:03:09","slug":"riga-sper-soli-patvertnu-veidosanai-pilseta-paredzets-pielagot-vairak-neka-140-ekas","status":"publish","type":"post","link":"https:\/\/www.europesays.com\/lv\/68839\/","title":{"rendered":"R\u012bga sper soli patvert\u0146u veido\u0161anai pils\u0113t\u0101; paredz\u0113ts piel\u0101got vair\u0101k nek\u0101 140 \u0113kas"},"content":{"rendered":"<p>Kop\u0101 \u0161aj\u0101s patvertn\u0113s var\u0113s uztur\u0113ties vair\u0101k nek\u0101 50 000 iedz\u012bvot\u0101ju. Izmantojot ERAF finans\u0113jumu, pl\u0101nots izveidot ar\u012b divas patvertnes AS \u201cR\u012bgas siltums\u201d \u0113k\u0101s, par ko l\u0113mums b\u016bs j\u0101pie\u0146em uz\u0146\u0113muma valdei.<\/p>\n<blockquote class=\"skaties-quote\">\n<p>\u0122irts Lapi\u0146\u0161<\/p>\n<p>R\u012bgas domes Dro\u0161\u012bbas, k\u0101rt\u012bbas un korupcijas nov\u0113r\u0161anas jaut\u0101jumu komitejas vad\u012bt\u0101js<\/p>\n<p>St\u0101joties amat\u0101, patvert\u0146u izb\u016bvi izvirz\u012bju k\u0101 savu priorit\u0101ti. Tas ir \u013coti noz\u012bm\u012bgs projekts R\u012bgas iedz\u012bvot\u0101jiem un pa\u0161vald\u012bbai. \u0160obr\u012bd patvertnes ir j\u0101piel\u0101go t\u0101diem apst\u0101k\u013ciem, lai taj\u0101s iedz\u012bvot\u0101ji var patie\u0161\u0101m uztur\u0113ties, ne tikai t\u0101s b\u016btu mar\u0137\u0113tas. Ar atbild\u012bgo pa\u0161vald\u012bbu departamentu speci\u0101listiem esam \u013coti \u012bs\u0101 laik\u0101 sp\u0113ju\u0161i izstr\u0101d\u0101t tehniskos projektus 148 objektiem, lai iesniegtu ERAF finans\u0113juma sa\u0146em\u0161anai. Ar to ir par maz, t\u0101p\u0113c tikpat lielus l\u012bdzek\u013cus pa\u0161vald\u012bba pie\u0161\u0137irs no sava bud\u017eeta. P\u0113c projektu apstiprin\u0101juma un l\u012bdzfinans\u0113juma pie\u0161\u0137ir\u0161anas pl\u0101nojam 40 % finans\u0113juma izlietot jau 2026. gad\u0101, bet p\u0101r\u0113jais finans\u0113jums patvert\u0146u izb\u016bvei tiks pabeigts 2027.gad\u0101.<\/p>\n<\/blockquote>\n<p>Kop\u0113j\u0101s projekta provizorisk\u0101s izmaksas sasniegs l\u012bdz 11 356 000 eiro, no kuriem ERAF finans\u0113jums b\u016bs l\u012bdz 5 685 386 eiro, bet pa\u0161vald\u012bbas l\u012bdzfinans\u0113jums \u2013 l\u012bdz 5 670 614 eiro. Projekta \u012bsteno\u0161ana paredz\u0113ta 2026. un 2027. gad\u0101.<\/p>\n<p><a href=\"https:\/\/tv3.lv\/zinas\/latvija\/sabiedriba\/sarkanais-bridinajums-un-nakts-skola-ka-es-macibu-nolukos-evakuejos-no-rigas-centra\/\" rel=\"nofollow noopener\" target=\"_blank\">Lasi ar\u012b: Sarkanais br\u012bdin\u0101jums un nakts skol\u0101. K\u0101 es m\u0101c\u012bbu nol\u016bkos evaku\u0113jos no R\u012bgas centra<\/a><\/p>\n<p>\u0112ku piel\u0101go\u0161anas darbi patvert\u0146u vajadz\u012bb\u0101m ietvers oblig\u0101tos nosac\u012bjumus saska\u0146\u0101 ar Valsts ugunsdz\u0113s\u012bbas un gl\u0101b\u0161anas dienesta (VUGD) rekomend\u0101cij\u0101m, tostarp:<\/p>\n<p class=\"ad-desc ad-desc-main\">Saturs turpin\u0101s p\u0113c rekl\u0101mas<\/p>\n<p class=\"ad-desc ad-desc-sec\">Rekl\u0101ma<\/p>\n<ul>\n<li>ieejas durvju nomai\u0146u uz nedego\u0161iem materi\u0101liem;<\/li>\n<li>ventil\u0101cijas, autonomas elektroapg\u0101des un sanit\u0101ro higi\u0113nisko apst\u0101k\u013cu nodro\u0161in\u0101\u0161anu;<\/li>\n<li>mobil\u0101s sakaru un uzl\u0101des iesp\u0113ju ier\u012bko\u0161anu;<\/li>\n<li>dzeram\u0101 \u016bdens pieejam\u012bbas izveidi;<\/li>\n<li>informat\u012bvo z\u012bmju un nor\u0101\u017eu izvieto\u0161anu.<\/li>\n<\/ul>\n<p>Daudzas telpas tiks piel\u0101gotas du\u0101lai izmanto\u0161anai, lai t\u0101s kalpotu ikdienas vajadz\u012bb\u0101m, bet b\u016btu gatavas civil\u0101s aizsardz\u012bbas situ\u0101cij\u0101m, piem\u0113ram, katastrof\u0101m, milit\u0101ram iebrukumam vai karam.<\/p>\n<p class=\"tv3-fw-500\">Zi\u0146o par k\u013c\u016bdu rakst\u0101<\/p>\n<p class=\"d-md-block d-none\">Iez\u012bm\u0113 k\u013c\u016bdaino tekstu un spied Ctrl+Enter.<\/p>\n<p class=\"d-md-none d-block\">Iez\u012bm\u0113 k\u013c\u016bdaino tekstu un zi\u0146o par to!<\/p>\n","protected":false},"excerpt":{"rendered":"Kop\u0101 \u0161aj\u0101s patvertn\u0113s var\u0113s uztur\u0113ties vair\u0101k nek\u0101 50 000 iedz\u012bvot\u0101ju. Izmantojot ERAF finans\u0113jumu, pl\u0101nots izveidot ar\u012b divas patvertnes&hellip;\n","protected":false},"author":2,"featured_media":68840,"comment_status":"","ping_status":"","sticky":false,"template":"","format":"standard","meta":{"footnotes":""},"categories":[12],"tags":[23,28,29,17645,32,33,22,30,31,35,39,38,36,37,34,40,20,26,27,24,25,21],"class_list":{"0":"post-68839","1":"post","2":"type-post","3":"status-publish","4":"format-standard","5":"has-post-thumbnail","7":"category-latvija","8":"tag-aktualitates","9":"tag-breaking-news","10":"tag-breakingnews","11":"tag-bumbu-patvertnespatvertnesrigas-dome","12":"tag-featured-news","13":"tag-featurednews","14":"tag-headlines","15":"tag-latest-news","16":"tag-latestnews","17":"tag-latvia","18":"tag-latvian","19":"tag-latviesu","20":"tag-latviesu-valoda","21":"tag-latviesuvaloda","22":"tag-latvija","23":"tag-lv","24":"tag-news","25":"tag-popularakas-zinas","26":"tag-popularakaszinas","27":"tag-top-stories","28":"tag-topstories","29":"tag-zinas"},"share_on_mastodon":{"url":"https:\/\/pubeurope.com\/@lv\/115683616721727987","error":""},"_links":{"self":[{"href":"https:\/\/www.europesays.com\/lv\/wp-json\/wp\/v2\/posts\/68839","targetHints":{"allow":["GET"]}}],"collection":[{"href":"https:\/\/www.europesays.com\/lv\/wp-json\/wp\/v2\/posts"}],"about":[{"href":"https:\/\/www.europesays.com\/lv\/wp-json\/wp\/v2\/types\/post"}],"author":[{"embeddable":true,"href":"https:\/\/www.europesays.com\/lv\/wp-json\/wp\/v2\/users\/2"}],"replies":[{"embeddable":true,"href":"https:\/\/www.europesays.com\/lv\/wp-json\/wp\/v2\/comments?post=68839"}],"version-history":[{"count":0,"href":"https:\/\/www.europesays.com\/lv\/wp-json\/wp\/v2\/posts\/68839\/revisions"}],"wp:featuredmedia":[{"embeddable":true,"href":"https:\/\/www.europesays.com\/lv\/wp-json\/wp\/v2\/media\/68840"}],"wp:attachment":[{"href":"https:\/\/www.europesays.com\/lv\/wp-json\/wp\/v2\/media?parent=68839"}],"wp:term":[{"taxonomy":"category","embeddable":true,"href":"https:\/\/www.europesays.com\/lv\/wp-json\/wp\/v2\/categories?post=68839"},{"taxonomy":"post_tag","embeddable":true,"href":"https:\/\/www.europesays.com\/lv\/wp-json\/wp\/v2\/tags?post=68839"}],"curies":[{"name":"wp","href":"https:\/\/api.w.org\/{rel}","templated":true}]}}